{"id":13397,"date":"2022-02-03T20:00:34","date_gmt":"2022-02-03T18:00:34","guid":{"rendered":"https:\/\/edublog.educastur.es\/ixuxu\/?p=13397"},"modified":"2022-02-10T11:25:01","modified_gmt":"2022-02-10T09:25:01","slug":"la-igp-miel-dasturies-ya-ye-una-realida","status":"publish","type":"post","link":"https:\/\/edublog.educastur.es\/ixuxu\/2022\/02\/la-igp-miel-dasturies-ya-ye-una-realida\/","title":{"rendered":"La IGP Miel d&#8217;Asturies y\u00e1 ye una realid\u00e1."},"content":{"rendered":"<p style=\"text-align: center\"><a href=\"https:\/\/img.europapress.es\/fotoweb\/fotonoticia_20220203134406_1200.jpg\"><img loading=\"lazy\" decoding=\"async\" class=\"alignnone\" src=\"https:\/\/img.europapress.es\/fotoweb\/fotonoticia_20220203134406_1200.jpg\" alt=\"\" width=\"359\" height=\"356\" \/><\/a><\/p>\n<p>G\u00fcei publicase la concesi\u00f3n d&#8217;una protecci\u00f3n nacional transitoria que dexa utilizar la indicaci\u00f3n calidable nel etiquet\u00e1u del miel en tantu la Comisi\u00f3n Europea rexistra definitivamente la marca. La IGP <strong><span style=\"color: #008080\">Miel d&#8217;Asturies<\/span><\/strong> y\u00e1 ye una realid\u00e1.<\/p>\n<ul>\n<li><a href=\"https:\/\/www.alimentosdelparaiso.es\/\/actualidad\/la-igp-de-la-miel-de-asturias-ya-es-una-realidad\/?fbclid=IwAR3S-O19iSUGzPFBMRtP_HPbzZe1IFW8n1uUUTBwkBUo3h2GAlEZmD_dnDE\">Fonte: Alimentos d&#8217;Asturies<\/a><\/li>\n<\/ul>\n<p><!--more--><\/p>\n<p>La I<strong><span style=\"color: #008080\">ndicaci\u00f3n Xeogr\u00e1fica Protex\u00eda (IGP) Miel d&#8217;Asturies<\/span><\/strong> y\u00e1 ye una realid\u00e1. G\u00fcei publicase nel Bolet\u00edn Oficial del Princip\u00e1u d&#8217;Asturies (BOPA) la concesi\u00f3n de la protecci\u00f3n nacional transitoria a la Indicaci\u00f3n Xeogr\u00e1fica Protexida \u201cMiel d&#8217;Asturies\u201d. Esta protecci\u00f3n dexa utilizar la indicaci\u00f3n calidable nel etiquet\u00e1u del miel comercializ\u00e1u sol cumplimientu del so pliegu de condiciones, aplic\u00e1ndose a nivel nacional hasta que la Comisi\u00f3n Europea rexistre definitivamente la marca.<\/p>\n<p style=\"text-align: center\">\n<!-- iframe plugin v.6.0 wordpress.org\/plugins\/iframe\/ -->\n<iframe loading=\"lazy\" src=\"https:\/\/www.facebook.com\/plugins\/post.php?href=https%3A%2F%2Fwww.facebook.com%2Falimentosdelparaisonatural%2Fphotos%2Fa.235538190385415%2F984653162140577%2F%3Ftype%3D3&#038;show_text=false&#038;width=500\" width=\"500\" height=\"250\" style=\"border:none;overflow:hidden\" scrolling=\"no\" frameborder=\"0\" allowfullscreen=\"true\" allow=\"autoplay; clipboard-write; encrypted-media; picture-in-picture; web-share\" 0=\"\/iframe\" class=\"iframe-class\"><\/iframe>\n<\/p>\n<p>L&#8217;Asociaci\u00f3n para la promoci\u00f3n y xesti\u00f3n de la IGP Miel d&#8217;Asturies foi la impulsora d&#8217;esta solicit\u00fa y angua\u00f1o ta en fase de constituci\u00f3n el Conseyu Regulador que va xestionar la IGP. El siguiente pasu va ser el rexistru de los operadores que van utilizar esta marca y que, vegada llograda esta certificaci\u00f3n, van poder empezar a utilizar l&#8217;indicador nel so etiquet\u00e1u.<\/p>\n<p style=\"text-align: center\"><a href=\"https:\/\/alimentosdelparaiso.es\/\/resources\/2.jpg\"><img loading=\"lazy\" decoding=\"async\" class=\"alignnone\" src=\"https:\/\/alimentosdelparaiso.es\/\/resources\/2.jpg\" alt=\"\" width=\"1920\" height=\"1080\" \/><\/a><\/p>\n<hr \/>\n<p>&nbsp;<\/p>\n<ul>\n<li><a href=\"https:\/\/www.infoasturies.com\/as\/2022\/02\/10\/en-marcha-la-ixp-miel-dasturies\/?fbclid=IwAR1fj886SYXW7p0P7ymmzOagpyshUXcLRAJaFtKjW8_YKCE4SrliLjp4Dgw\">InfoAsturies.com<\/a><\/li>\n<\/ul>\n<p>&nbsp;<\/p>\n<p><strong>El Miel d\u2019Asturies vien de llograr la protecci\u00f3n transitoria a nivel estatal y, anque ta pendiente de completar la certificaci\u00f3n n\u2019Europa, y\u00e1 ye posible usar la marca\u00a0 IXP pa etiquetar los productos<\/strong><\/p>\n<p>El miel asturiano, produc\u00edo a nivel profesional principalmente nel Suroccidente asturianu, axunta unes caracter\u00edstiques estremaes a otros mieles deb\u00edos a les carauter\u00edstiques xeogr\u00e1fiques, clim\u00e1tiques y de flora del pa\u00eds. Consiguir la IXP, pendiente ent\u00e1 de ser certificada a nivel europ\u00e9u, va garantizar que\u2019l miel con esa contraetiqueta ye producio, estrayio y envasao n\u2019Asturies, axuntando toles condiciones sanitaries y de trazabilid\u00e1 desix\u00edes poles normes sanitaries, apurri\u00e9ndo-y un valor estra y asegurando la so alta calid\u00e1.<\/p>\n<p>La puesta en marcha d\u2019un Conseyu Regulador de la IXP ye\u2019l siguiente pasu a dar y va tar llider\u00e1u pola Asociaci\u00f3n pa la Promoci\u00f3n y Xesti\u00f3n de la Indicaci\u00f3n Xeogr\u00e1fica Protex\u00eda (IXP) Miel d\u2019Asturies. \u00c9sti va ser l\u2019encarg\u00e1u d\u2019ellaborar el rexistru detall\u00e1u de el productores y envasadores y de crear los organismos de control que respuendan pol proyeutu.<\/p>\n<p>A falta d\u2019una redaici\u00f3n concreta de los requisitos, los productores de miel asturiano que podr\u00eden beneficiase d\u2019esta IXP ronden los 100, con una producci\u00f3n averada valorao n\u2019unes 200 tonelaes de miel, que podr\u00eda medrar hasta los 400 los pr\u00f3ximos a\u00f1os. La intenci\u00f3n ye que la collecha del 2022 llegue al merc\u00e1u certific\u00e1\u2019l caberu trimestre del a\u00f1u, pero tarrezse que los plazos llegales enzanquen el procesu.<\/p>\n<p>L\u2019apicultura ye un sector n\u2019alza en Asturies, anque ent\u00e1 minoritariu, con una media d\u2019ed\u00e1 inferior a la mayor\u00eda de les actividaes agr\u00edcoles y ganaeres.<\/p>\n<p>&nbsp;<\/p>\n","protected":false},"excerpt":{"rendered":"<p>G\u00fcei publicase la concesi\u00f3n d&#8217;una protecci\u00f3n nacional transitoria que dexa utilizar la indicaci\u00f3n calidable nel etiquet\u00e1u del miel en tantu la Comisi\u00f3n Europea rexistra definitivamente la marca. La IGP Miel d&#8217;Asturies y\u00e1 ye una realid\u00e1. Fonte: Alimentos d&#8217;Asturies<\/p>\n","protected":false},"author":117,"featured_media":0,"comment_status":"open","ping_status":"open","sticky":false,"template":"","format":"standard","meta":{"footnotes":""},"categories":[138],"tags":[],"class_list":["post-13397","post","type-post","status-publish","format-standard","hentry","category-alimentos"],"_links":{"self":[{"href":"https:\/\/edublog.educastur.es\/ixuxu\/wp-json\/wp\/v2\/posts\/13397","targetHints":{"allow":["GET"]}}],"collection":[{"href":"https:\/\/edublog.educastur.es\/ixuxu\/wp-json\/wp\/v2\/posts"}],"about":[{"href":"https:\/\/edublog.educastur.es\/ixuxu\/wp-json\/wp\/v2\/types\/post"}],"author":[{"embeddable":true,"href":"https:\/\/edublog.educastur.es\/ixuxu\/wp-json\/wp\/v2\/users\/117"}],"replies":[{"embeddable":true,"href":"https:\/\/edublog.educastur.es\/ixuxu\/wp-json\/wp\/v2\/comments?post=13397"}],"version-history":[{"count":5,"href":"https:\/\/edublog.educastur.es\/ixuxu\/wp-json\/wp\/v2\/posts\/13397\/revisions"}],"predecessor-version":[{"id":13475,"href":"https:\/\/edublog.educastur.es\/ixuxu\/wp-json\/wp\/v2\/posts\/13397\/revisions\/13475"}],"wp:attachment":[{"href":"https:\/\/edublog.educastur.es\/ixuxu\/wp-json\/wp\/v2\/media?parent=13397"}],"wp:term":[{"taxonomy":"category","embeddable":true,"href":"https:\/\/edublog.educastur.es\/ixuxu\/wp-json\/wp\/v2\/categories?post=13397"},{"taxonomy":"post_tag","embeddable":true,"href":"https:\/\/edublog.educastur.es\/ixuxu\/wp-json\/wp\/v2\/tags?post=13397"}],"curies":[{"name":"wp","href":"https:\/\/api.w.org\/{rel}","templated":true}]}}