{"id":1356,"date":"2020-11-11T12:01:54","date_gmt":"2020-11-11T10:01:54","guid":{"rendered":"https:\/\/edublog.educastur.es\/ixuxu\/?p=1356"},"modified":"2020-11-15T12:09:13","modified_gmt":"2020-11-15T10:09:13","slug":"naz-en-bioparc-fuengirola-el-primer-nacaru-gorila-dandalucia","status":"publish","type":"post","link":"https:\/\/edublog.educastur.es\/ixuxu\/2020\/11\/naz-en-bioparc-fuengirola-el-primer-nacaru-gorila-dandalucia\/","title":{"rendered":"Naz en Bioparc Fuengirola el primer \u00f1\u00e1caru gorila d&#8217;Andaluc\u00eda"},"content":{"rendered":"<ul>\n<li><a href=\"https:\/\/www.diariosur.es\/costadelsol\/nace-bioparc-fuengirola-20201111155345-nt.html\"><span style=\"font-size: 20px\"><em>Ver noticia orixinal<\/em><\/span><\/a><\/li>\n<li><a href=\"https:\/\/youtu.be\/9SCS9TiogvI\"><em><span style=\"font-size: 20px\">Ver videu<\/span><\/em><\/a><\/li>\n<\/ul>\n\n<!-- iframe plugin v.6.0 wordpress.org\/plugins\/iframe\/ -->\n<iframe loading=\"lazy\" width=\"588\" height=\"331\" src=\"https:\/\/www.youtube.com\/embed\/9SCS9TiogvI\" scrolling=\"yes\" class=\"iframe-class\" frameborder=\"0\"><\/iframe>\n\n<p>&nbsp;<\/p>\n<p><em><span style=\"font-size: 24px\">El s\u00e1badu 7 de payares, l&#8217;equipu de zoolox\u00eda de <a href=\"https:\/\/www.bioparcfuengirola.es\/\"><span style=\"color: #008080\">Bioparc Fuengirola<\/span><\/a> vivi\u00f3 unu de los acontecimientos m\u00e1s importantes na hestoria del parque y, por estensi\u00f3n, na hestoria del caltenimientu ex situ de los gorilas. La sorpresa lleg\u00f3 al afayar que <strong>Buu, la fema de gorila que taba pre\u00f1ada<\/strong>, fuera madre mientres la nueche.<\/span><\/em><\/p>\n<p><em><span style=\"font-size: 24px\">La cr\u00eda ye un machu y at\u00f3pase en perfectu est\u00e1u de sal\u00fa. Dende&#8217;l d\u00eda de la so nacencia les persones que s&#8217;averen a visitar Bioparc Fuengirola pueden reparar a la cr\u00eda cola so madre xuntu al restu del grupu. <\/span><\/em><\/p>\n<p><a href=\"https:\/\/www.bioparcfuengirola.es\/wp-content\/uploads\/2020\/11\/gorila_cria_3.jpg\"><img loading=\"lazy\" decoding=\"async\" class=\"alignnone size-full\" src=\"https:\/\/www.bioparcfuengirola.es\/wp-content\/uploads\/2020\/11\/gorila_cria_3.jpg\" width=\"1500\" height=\"1000\" \/><\/a><\/p>\n<p><em><span style=\"font-size: 24px\">Tol equipu de<a href=\"https:\/\/www.bioparcfuengirola.es\/\"> <span style=\"color: #008080\"><strong>Bioparc Fuengirola<\/strong><\/span> <\/a>celebra&#8217;l perfectu tao de sal\u00fa de la madre y la cr\u00eda y l&#8217;escelente acoyida que tuvo&#8217;l nuevu miembru de la familia per parte del restu del grupu de gorilas. \u00abToos amu\u00e9sense comenenciudos pol nuevu miembru. Pero ensin llugar a dulda Wefa, la fema m\u00e1s nueva del grupu, ye la que s&#8217;amuesa m\u00e1s comenenciuda ya interesada, quiciabes pola so curtia ed\u00e1 o porque dende&#8217;l principiu fixo bon equipu con Buu\u00bb, declar\u00f3 Jes\u00fas Recuero, veterinariu de Bioparc Fuengirola. \u00abS\u00eda por un motivu o por otru, Wefa siempres ta abeyando per y barganal de la madre y la cr\u00eda\u00bb, se\u00f1ala.<\/span><\/em><\/p>\n<p><!--more--><\/p>\n<p><em><span style=\"font-size: 24px\">Bioparc Fuengirola trabaya nel caltenimientu de la subespecie de gorila occidental d&#8217;enllanada dende l&#8217;a\u00f1u 2004 cuando acoy\u00f3 un grupu non reproductor form\u00e1u por dos femes y un machu: Kim, Sara y Ernst. Al poco tiempu, Sara, que carec\u00eda dellos alifaces de sal\u00fa, fin\u00f3. A\u00f1os m\u00e1s tarde, en 2017, morri\u00f3 Ernst por causa de la so avanzada ed\u00e1, dexando a Kim sola. Ent\u00f3s foi cuando los coordinadores del programa europ\u00e9u de caltenimientu de gorilas determinaron que&#8217;l parque de Fuengirola, al tener una llarga esperiencia y una fonda conocencia sobro gorilas, tuviera un papel m\u00e1s importante nel caltenimientu de la especie n&#8217;Europa, decidiendo que recibiera un grupu reproductor.<\/span><\/em><\/p>\n<p><em><span style=\"font-size: 24px\">Pa ello Bioparc Fuengirola reform\u00f3 les instalaciones de gorilas y en primavera de 2018 empecipi\u00f3 un procesu de 17 meses nel que recibi\u00f3 tr\u00e9s gorilas pa formar un grupu reproductor. Los gorilas, un machu y dos femes, ten\u00eden distintes edaes y ven\u00eden de distintes zoos europeos. Cola so llegada, la y\u00e1 vieya Kim, convirtiose na g\u00fcela\u00bb del grupu y n&#8217;apenes un a\u00f1u tuvo la primer cr\u00eda.<\/span><\/em><\/p>\n<p><em><span style=\"font-size: 24px\">Fuengirola ye l&#8217;\u00fanicu parque n&#8217;Andaluc\u00eda nel que puede contemplase esta impresionante especie. Y ye, tami\u00e9n, unu de los cinco parques n&#8217;Espa\u00f1a onde puede vese un grupu completu de gorilas form\u00e1u por machu, femes y cr\u00edes.<\/span><\/em><\/p>\n","protected":false},"excerpt":{"rendered":"<p>Ver noticia orixinal Ver videu &nbsp; El s\u00e1badu 7 de payares, l&#8217;equipu de zoolox\u00eda de Bioparc Fuengirola vivi\u00f3 unu de los acontecimientos m\u00e1s importantes na hestoria del parque y, por estensi\u00f3n, na hestoria del caltenimientu ex situ de los gorilas. La sorpresa lleg\u00f3 al afayar que Buu, la fema de gorila que taba pre\u00f1ada, fuera [&hellip;]<\/p>\n","protected":false},"author":117,"featured_media":0,"comment_status":"closed","ping_status":"open","sticky":false,"template":"","format":"standard","meta":{"footnotes":""},"categories":[29,4],"tags":[],"class_list":["post-1356","post","type-post","status-publish","format-standard","hentry","category-articulos","category-natura"],"_links":{"self":[{"href":"https:\/\/edublog.educastur.es\/ixuxu\/wp-json\/wp\/v2\/posts\/1356","targetHints":{"allow":["GET"]}}],"collection":[{"href":"https:\/\/edublog.educastur.es\/ixuxu\/wp-json\/wp\/v2\/posts"}],"about":[{"href":"https:\/\/edublog.educastur.es\/ixuxu\/wp-json\/wp\/v2\/types\/post"}],"author":[{"embeddable":true,"href":"https:\/\/edublog.educastur.es\/ixuxu\/wp-json\/wp\/v2\/users\/117"}],"replies":[{"embeddable":true,"href":"https:\/\/edublog.educastur.es\/ixuxu\/wp-json\/wp\/v2\/comments?post=1356"}],"version-history":[{"count":4,"href":"https:\/\/edublog.educastur.es\/ixuxu\/wp-json\/wp\/v2\/posts\/1356\/revisions"}],"predecessor-version":[{"id":1360,"href":"https:\/\/edublog.educastur.es\/ixuxu\/wp-json\/wp\/v2\/posts\/1356\/revisions\/1360"}],"wp:attachment":[{"href":"https:\/\/edublog.educastur.es\/ixuxu\/wp-json\/wp\/v2\/media?parent=1356"}],"wp:term":[{"taxonomy":"category","embeddable":true,"href":"https:\/\/edublog.educastur.es\/ixuxu\/wp-json\/wp\/v2\/categories?post=1356"},{"taxonomy":"post_tag","embeddable":true,"href":"https:\/\/edublog.educastur.es\/ixuxu\/wp-json\/wp\/v2\/tags?post=1356"}],"curies":[{"name":"wp","href":"https:\/\/api.w.org\/{rel}","templated":true}]}}