{"id":13977,"date":"2022-06-04T09:03:40","date_gmt":"2022-06-04T07:03:40","guid":{"rendered":"https:\/\/edublog.educastur.es\/ixuxu\/?p=13977"},"modified":"2022-06-08T13:32:12","modified_gmt":"2022-06-08T11:32:12","slug":"13977","status":"publish","type":"post","link":"https:\/\/edublog.educastur.es\/ixuxu\/2022\/06\/13977\/","title":{"rendered":"Vuelve la Prueba de la Sidra na so XXII edici\u00f3n"},"content":{"rendered":"<p style=\"text-align: center\">\n<!-- iframe plugin v.6.0 wordpress.org\/plugins\/iframe\/ -->\n<iframe loading=\"lazy\" src=\"https:\/\/www.facebook.com\/plugins\/video.php?height=476&#038;href=https%3A%2F%2Fwww.facebook.com%2Fcallegascona%2Fvideos%2F1052606805653760%2F&#038;show_text=true&#038;width=380&#038;t=0\" width=\"380\" height=\"591\" style=\"border:none;overflow:hidden\" scrolling=\"no\" frameborder=\"0\" allowfullscreen=\"true\" allow=\"autoplay; clipboard-write; encrypted-media; picture-in-picture; web-share\" 0=\"\/iframe\" class=\"iframe-class\"><\/iframe>\n<\/p>\n<div class=\"kvgmc6g5 cxmmr5t8 oygrvhab hcukyx3x c1et5uql ii04i59q\">\n<div dir=\"auto\">Nesta <strong><span style=\"color: #008080\">fiesta d&#8217;Inter\u00e9s Tur\u00edsticu Rexonal<\/span><\/strong>, tol mundu ta convid\u00e1u a participar. A partir de les 12:00h na Cai Gascona vas poder probar los distintos \u00abpalos\u00bb de la sidra y formar parte de la decisi\u00f3n final sobro cu\u00e1l ye&#8217;l meyor.<\/div>\n<\/div>\n<div class=\"cxmmr5t8 oygrvhab hcukyx3x c1et5uql o9v6fnle ii04i59q\">\n<ul>\n<li><span class=\"pq6dq46d tbxw36s4 knj5qynh kvgmc6g5 ditlmg2l oygrvhab nvdbi5me sf5mxxl7 gl3lb2sf hhz5lgdu\"><img loading=\"lazy\" decoding=\"async\" src=\"https:\/\/static.xx.fbcdn.net\/images\/emoji.php\/v9\/taa\/1.5\/16\/1f449.png\" alt=\"?\" width=\"16\" height=\"16\" \/><\/span> <a class=\"oajrlxb2 g5ia77u1 qu0x051f esr5mh6w e9989ue4 r7d6kgcz rq0escxv nhd2j8a9 nc684nl6 p7hjln8o kvgmc6g5 cxmmr5t8 oygrvhab hcukyx3x jb3vyjys rz4wbd8a qt6c0cv9 a8nywdso i1ao9s8h esuyzwwr f1sip0of lzcic4wl gpro0wi8 py34i1dx\" role=\"link\" href=\"https:\/\/oviedocapitaldelasidra.com\/?fbclid=IwAR31qjUSkAwPGxa9Pj1EqC2VcsVUwqFUJbmlASEqPbrRCR-g89h91acMmzc\" target=\"_blank\" rel=\"nofollow noopener\">https:\/\/oviedocapitaldelasidra.com<\/a><\/li>\n<\/ul>\n<p><!--more--><\/p>\n<p>\u00a1\u00a1Vuelve La Preba de la Sidra en Cai Gascona!! ? El domingu 5 de xunu, a partir de les 12.00 h, esfruta d&#8217;una xornada inolvidable para homenaxar la sidra y la cultura sidrera, con preg\u00f3n a cargu del presentador Laude Mart\u00ednez.<br \/>\n? Faite col to vasu y el to pa\u00f1uelu conmemorativu, prueba la sidra de los llagares participantes y vota la que m\u00e1s te guste.<\/p>\n<p>&nbsp;<\/p>\n<p style=\"text-align: center\">\n<!-- iframe plugin v.6.0 wordpress.org\/plugins\/iframe\/ -->\n<iframe loading=\"lazy\" src=\"https:\/\/www.facebook.com\/plugins\/post.php?href=https%3A%2F%2Fwww.facebook.com%2Foviedoturismo%2Fphotos%2Fa.113480440423723%2F542808657490897%2F%3Ftype%3D3&#038;show_text=false&#038;width=500\" width=\"500\" height=\"498\" style=\"border:none;overflow:hidden\" scrolling=\"no\" frameborder=\"0\" allowfullscreen=\"true\" allow=\"autoplay; clipboard-write; encrypted-media; picture-in-picture; web-share\" 0=\"\/iframe\" class=\"iframe-class\"><\/iframe>\n<\/p>\n<\/div>\n<p>&nbsp;<\/p>\n","protected":false},"excerpt":{"rendered":"<p>Nesta fiesta d&#8217;Inter\u00e9s Tur\u00edsticu Rexonal, tol mundu ta convid\u00e1u a participar. A partir de les 12:00h na Cai Gascona vas poder probar los distintos \u00abpalos\u00bb de la sidra y formar parte de la decisi\u00f3n final sobro cu\u00e1l ye&#8217;l meyor. https:\/\/oviedocapitaldelasidra.com<\/p>\n","protected":false},"author":117,"featured_media":0,"comment_status":"open","ping_status":"open","sticky":false,"template":"","format":"standard","meta":{"footnotes":""},"categories":[1],"tags":[],"class_list":["post-13977","post","type-post","status-publish","format-standard","hentry","category-sin-categoria"],"_links":{"self":[{"href":"https:\/\/edublog.educastur.es\/ixuxu\/wp-json\/wp\/v2\/posts\/13977","targetHints":{"allow":["GET"]}}],"collection":[{"href":"https:\/\/edublog.educastur.es\/ixuxu\/wp-json\/wp\/v2\/posts"}],"about":[{"href":"https:\/\/edublog.educastur.es\/ixuxu\/wp-json\/wp\/v2\/types\/post"}],"author":[{"embeddable":true,"href":"https:\/\/edublog.educastur.es\/ixuxu\/wp-json\/wp\/v2\/users\/117"}],"replies":[{"embeddable":true,"href":"https:\/\/edublog.educastur.es\/ixuxu\/wp-json\/wp\/v2\/comments?post=13977"}],"version-history":[{"count":5,"href":"https:\/\/edublog.educastur.es\/ixuxu\/wp-json\/wp\/v2\/posts\/13977\/revisions"}],"predecessor-version":[{"id":14169,"href":"https:\/\/edublog.educastur.es\/ixuxu\/wp-json\/wp\/v2\/posts\/13977\/revisions\/14169"}],"wp:attachment":[{"href":"https:\/\/edublog.educastur.es\/ixuxu\/wp-json\/wp\/v2\/media?parent=13977"}],"wp:term":[{"taxonomy":"category","embeddable":true,"href":"https:\/\/edublog.educastur.es\/ixuxu\/wp-json\/wp\/v2\/categories?post=13977"},{"taxonomy":"post_tag","embeddable":true,"href":"https:\/\/edublog.educastur.es\/ixuxu\/wp-json\/wp\/v2\/tags?post=13977"}],"curies":[{"name":"wp","href":"https:\/\/api.w.org\/{rel}","templated":true}]}}