{"id":14001,"date":"2022-05-25T09:00:40","date_gmt":"2022-05-25T07:00:40","guid":{"rendered":"https:\/\/edublog.educastur.es\/ixuxu\/?p=14001"},"modified":"2023-04-27T19:51:53","modified_gmt":"2023-04-27T17:51:53","slug":"dia-de-la-bandera-dasturies","status":"publish","type":"post","link":"https:\/\/edublog.educastur.es\/ixuxu\/2022\/05\/dia-de-la-bandera-dasturies\/","title":{"rendered":"D\u00eda de la bandera d&#8217;Asturies"},"content":{"rendered":"<p style=\"text-align: center\"><a href=\"https:\/\/asturies.com\/sites\/default\/files\/styles\/large\/public\/25_de_mayu_1808_gobiernu.png?itok=NdkSWpk4\"><img loading=\"lazy\" decoding=\"async\" class=\"alignnone\" src=\"https:\/\/asturies.com\/sites\/default\/files\/styles\/large\/public\/25_de_mayu_1808_gobiernu.png?itok=NdkSWpk4\" alt=\"\" width=\"458\" height=\"256\" \/><\/a><\/p>\n<p>El 25 de mayu de 1808, \u00e9nte la ocupaci\u00f3n francesa, la Xunta Xeneral d&#8217;Asturies constituyida en Xunta Suprema de Gobiernu con atribuciones de soberan\u00eda, declara formalmente la guerra a Francia, manda embaxadores a Inglaterra y alcuerda la creaci\u00f3n d&#8217;un Ex\u00e9rcitu Popular Asturianu. <a href=\"https:\/\/www.youtube.com\/embed\/Y-pRd_wuaxA\"><strong>Hestoria<\/strong><\/a><\/p>\n<p><!--more--><\/p>\n<p>Llueu de celebrar per primer vegada l&#8217;a\u00f1u pas\u00e1u un actu institucional pa conmemorar el 25 de mayu del 1808, xornada na que la Xunta Xeneral declara la so soberan\u00eda, el Gobiernu refuerza&#8217;l recuerdu d&#8217;esta fecha clave na historia del pa\u00eds. Asina, va entamar conferencies, actividaes pa escolares y recreaciones hist\u00f3riques n&#8217;Uvi\u00e9u.<\/p>\n<p>A les 11.30 hores nel sal\u00f3n d&#8217;actos del Palaciu de los Condes de Toreno va entamase\u00a0<span id=\"page59R_mcid10\"><span dir=\"ltr\" role=\"presentation\">&#8216;El<\/span>\u00a0<span dir=\"ltr\" role=\"presentation\">25 de mayu del 1808 y la Guerra de la Independencia&#8217;,<\/span><\/span><span id=\"page59R_mcid11\"><span dir=\"ltr\" role=\"presentation\">\u00a0una exhibici\u00f3n d&#8217;uniformes d&#8217;\u00e9poca a cargu de l&#8217;Asociaci\u00f3n de Recreaci\u00f3n Hist\u00f3rico-Cultural de<\/span><span dir=\"ltr\" role=\"presentation\">\u00a0Asturias (ARHCA) dirixida a estudiantes de Secundaria. Nel mesmu llugar, a les 17 hores,\u00a0<\/span><\/span><span id=\"page59R_mcid16\"><span dir=\"ltr\" role=\"presentation\">Jos\u00e9 Mar\u00eda Fern\u00e1ndez Gonz\u00e1lez, presidente de l&#8217;Asociaci\u00f3n de Amigos del Pa\u00eds<\/span><span dir=\"ltr\" role=\"presentation\">\u00a0de Asturias;<\/span><\/span><span id=\"page59R_mcid17\">\u00a0<span dir=\"ltr\" role=\"presentation\">Ignacio Fern\u00e1ndez Sarasola, caderalgu de Derechu Constitucional de la<\/span><span dir=\"ltr\" role=\"presentation\">\u00a0Universid\u00e1 d&#8217;Uvi\u00e9u; y<\/span><\/span><span id=\"page59R_mcid18\">\u00a0<span dir=\"ltr\" role=\"presentation\">Marta Friera, profesora titular d&#8217;Historia del Derechu y de les<\/span><span dir=\"ltr\" role=\"presentation\">\u00a0Instituciones de la Universid\u00e1 d&#8217;Uvi\u00e9u, van participar na mesa redonda\u00a0<\/span><\/span><span id=\"page59R_mcid13\"><span dir=\"ltr\" role=\"presentation\">&#8216;La significaci\u00f3n hist\u00f3rico-pol\u00edtica del 25 de mayu del 1808&#8217;.<\/span><\/span><\/p>\n<p style=\"text-align: center\"><a href=\"https:\/\/migijon.com\/wp-content\/uploads\/2022\/05\/E2PMb-ZX0AM6q7k-1280x795.jpg\"><img loading=\"lazy\" decoding=\"async\" class=\"alignnone\" src=\"https:\/\/migijon.com\/wp-content\/uploads\/2022\/05\/E2PMb-ZX0AM6q7k-1280x795.jpg\" alt=\"\" width=\"1280\" height=\"795\" \/><\/a><\/p>\n<p>Asturies celebra per segundu a\u00f1u&#8217;l D\u00eda de la Bandera, una conmemoraci\u00f3n que trata de \u00abrecuperar la hestoria y espublizar un motivu m\u00e1s para sentinos arguyosos del Princip\u00e1u\u00bb, dixo&#8217;l presidente de la rex\u00f3n. Adri\u00e1n Barb\u00f3n manifest\u00f3 esti 25 de mayu que \u00abtal d\u00eda como g\u00fcei les banderes d&#8217;Asturies van acabar enllenando los balcones n&#8217;una fiesta colectiva\u00bb.<\/p>\n\n<!-- iframe plugin v.6.0 wordpress.org\/plugins\/iframe\/ -->\n<iframe loading=\"lazy\" width=\"640\" height=\"360\" src=\"https:\/\/www.youtube.com\/embed\/Y-pRd_wuaxA\" 0=\"\/iframe\" scrolling=\"yes\" class=\"iframe-class\" frameborder=\"0\"><\/iframe>\n\n<p style=\"text-align: center\">\n","protected":false},"excerpt":{"rendered":"<p>El 25 de mayu de 1808, \u00e9nte la ocupaci\u00f3n francesa, la Xunta Xeneral d&#8217;Asturies constituyida en Xunta Suprema de Gobiernu con atribuciones de soberan\u00eda, declara formalmente la guerra a Francia, manda embaxadores a Inglaterra y alcuerda la creaci\u00f3n d&#8217;un Ex\u00e9rcitu Popular Asturianu. Hestoria<\/p>\n","protected":false},"author":117,"featured_media":0,"comment_status":"open","ping_status":"open","sticky":false,"template":"","format":"standard","meta":{"footnotes":""},"categories":[1],"tags":[],"class_list":["post-14001","post","type-post","status-publish","format-standard","hentry","category-sin-categoria"],"_links":{"self":[{"href":"https:\/\/edublog.educastur.es\/ixuxu\/wp-json\/wp\/v2\/posts\/14001","targetHints":{"allow":["GET"]}}],"collection":[{"href":"https:\/\/edublog.educastur.es\/ixuxu\/wp-json\/wp\/v2\/posts"}],"about":[{"href":"https:\/\/edublog.educastur.es\/ixuxu\/wp-json\/wp\/v2\/types\/post"}],"author":[{"embeddable":true,"href":"https:\/\/edublog.educastur.es\/ixuxu\/wp-json\/wp\/v2\/users\/117"}],"replies":[{"embeddable":true,"href":"https:\/\/edublog.educastur.es\/ixuxu\/wp-json\/wp\/v2\/comments?post=14001"}],"version-history":[{"count":6,"href":"https:\/\/edublog.educastur.es\/ixuxu\/wp-json\/wp\/v2\/posts\/14001\/revisions"}],"predecessor-version":[{"id":14003,"href":"https:\/\/edublog.educastur.es\/ixuxu\/wp-json\/wp\/v2\/posts\/14001\/revisions\/14003"}],"wp:attachment":[{"href":"https:\/\/edublog.educastur.es\/ixuxu\/wp-json\/wp\/v2\/media?parent=14001"}],"wp:term":[{"taxonomy":"category","embeddable":true,"href":"https:\/\/edublog.educastur.es\/ixuxu\/wp-json\/wp\/v2\/categories?post=14001"},{"taxonomy":"post_tag","embeddable":true,"href":"https:\/\/edublog.educastur.es\/ixuxu\/wp-json\/wp\/v2\/tags?post=14001"}],"curies":[{"name":"wp","href":"https:\/\/api.w.org\/{rel}","templated":true}]}}