{"id":14139,"date":"2022-06-04T09:00:08","date_gmt":"2022-06-04T07:00:08","guid":{"rendered":"https:\/\/edublog.educastur.es\/ixuxu\/?p=14139"},"modified":"2022-06-07T12:21:24","modified_gmt":"2022-06-07T10:21:24","slug":"dia-internacional-de-los-nenos-victimes-inocentes-dagresion","status":"publish","type":"post","link":"https:\/\/edublog.educastur.es\/ixuxu\/2022\/06\/dia-internacional-de-los-nenos-victimes-inocentes-dagresion\/","title":{"rendered":"D\u00eda Internacional de los Ne\u00f1os V\u00edctimes Inocentes d&#8217;Agresi\u00f3n"},"content":{"rendered":"<p>El 4 de xunu conmemora&#8217;l <span style=\"color: #008080\"><strong>D\u00eda Internacional de los Ne\u00f1os V\u00edctimes Inocentes d&#8217;Agresi\u00f3n<\/strong><\/span>. El prop\u00f3situ del d\u00eda ye reconocer el dolor que sufren los ne\u00f1os en tol mundu que son victimes de maltratos f\u00edsicos, mentales y emocionales.<\/p>\n<p style=\"text-align: center\"><img loading=\"lazy\" decoding=\"async\" class=\"alignnone \" src=\"https:\/\/www.telesurtv.net\/__export\/1622815458534\/sites\/telesur\/img\/2020\/06\/04\/dia_ninos_victimas01.jpg\" width=\"597\" height=\"337\" \/><\/p>\n<div class=\"cxmmr5t8 oygrvhab hcukyx3x c1et5uql o9v6fnle ii04i59q\">\n<div dir=\"auto\"><a href=\"https:\/\/www.facebook.com\/loqueleosantillanaspain\/photos\/a.774456349395285\/2133306200176953\/\">Imaxen<\/a> de: <a class=\"oajrlxb2 g5ia77u1 qu0x051f esr5mh6w e9989ue4 r7d6kgcz rq0escxv nhd2j8a9 nc684nl6 p7hjln8o kvgmc6g5 cxmmr5t8 oygrvhab hcukyx3x jb3vyjys rz4wbd8a qt6c0cv9 a8nywdso i1ao9s8h esuyzwwr f1sip0of lzcic4wl gpro0wi8 py34i1dx\" role=\"link\" href=\"https:\/\/www.loqueleo.es\/autores\/judith-kerr?fbclid=IwAR2rzRNcVQ5BT_xy6Vzm7Gt7NlRoMHnO-YCdGzknNw2uvlV55oocQd7_Z7M\" target=\"_blank\" rel=\"nofollow noopener\">https:\/\/www.loqueleo.es\/autores\/judith-kerr<\/a><\/div>\n<\/div>\n<blockquote><p>Segundu puntu de la Declaraci\u00f3n de los Derechos del Ne\u00f1u:<\/p>\n<p><span style=\"color: #008080\"><em>\u201cEl derechu a tener una protecci\u00f3n especial para&#8217;l desenvolvimientu f\u00edsicu, mental y social del ne\u00f1u en condiciones de llibert\u00e1 y dignid\u00e1\u201d.<\/em><\/span><\/p><\/blockquote>\n<ul>\n<li><a href=\"https:\/\/www.un.org\/es\/observances\/child-victim-day\">D\u00eda de<\/a> \/<\/li>\n<\/ul>\n<p>El prop\u00f3situ del d\u00eda ye reconocer el dolor que sufren los ne\u00f1os en tol mundu que son v\u00edctimes de maltratos f\u00edsicos, mentales y emocionales.<\/p>\n<p><!--more--><\/p>\n<p>La murnia realid\u00e1 ye que nes guerres y los conflictos armaos son los ne\u00f1os, los miembros m\u00e1s vulnerables de la socied\u00e1, los que m\u00e1s sufren les consecuencies. Los ne\u00f1os son v\u00edctimes del reclutamientu como soldaos, l&#8217;homicidiu, la violencia sexual, el secuestru, los ataques contra escueles y hospitales, seg\u00fan l&#8217;ausencia d&#8217;ayuda humanitaria.<\/p>\n<p>D\u00eda Internacional de los Ne\u00f1os V\u00edctimes Inocentes d&#8217;Agresi\u00f3n (en conflictos armaos). Fecha proclamada pola ONU, que pretende consiguir la protecci\u00f3n de los ne\u00f1os y ne\u00f1es en situaciones de guerra y conflictos.<\/p>\n<p>Foi instituy\u00edu poles Naciones Xun\u00edes para concientizar sobro los ne\u00f1os que son reclutados como soldaos y v\u00edctimes d&#8217;homicidiu, violencia sexual, secuestros o desplazamientos forzosos fora de los sos llares, incluyida la separaci\u00f3n de les sos families.<\/p>\n<p>N&#8217;agostu de 1982, l&#8217;Asamblea Xeneral de la ONU nel so periodu de sesiones d&#8217;emerxencia sobro la cuesti\u00f3n de Palestina, quixo faer daqu\u00e9 col inmensu problema del gran n\u00famberu de ne\u00f1os palestinos y llibaneses que fueren v\u00edctimes de los actos d&#8217;agresi\u00f3n d&#8217;Israel, y decidi\u00f3 conmemorar esta fecha.<\/p>\n<p>L&#8217;oxetivu ye promover el sofitu a esta causa en favor de los ne\u00f1os v\u00edctimes de les situaciones b\u00e9liques. G\u00fcei inda vemos c\u00f3mo nos conflictos militares y civiles son atacaes escueles y hospitales, con ne\u00f1os nel so interior. Seg\u00fan UNICEF, m\u00e1s de 230 millones de ne\u00f1os viven en zones afectaes por conflictos armaos. Unu de cada diez ne\u00f1os en tol mundu. L&#8217;Axenda 2030 pal Desenvolvimientu Sostenible incl\u00fai la meta de poner fin a toles formes de violencia contra los ne\u00f1os.<\/p>\n","protected":false},"excerpt":{"rendered":"<p>El 4 de xunu conmemora&#8217;l D\u00eda Internacional de los Ne\u00f1os V\u00edctimes Inocentes d&#8217;Agresi\u00f3n. El prop\u00f3situ del d\u00eda ye reconocer el dolor que sufren los ne\u00f1os en tol mundu que son victimes de maltratos f\u00edsicos, mentales y emocionales. Imaxen de: https:\/\/www.loqueleo.es\/autores\/judith-kerr Segundu puntu de la Declaraci\u00f3n de los Derechos del Ne\u00f1u: \u201cEl derechu a tener una [&hellip;]<\/p>\n","protected":false},"author":117,"featured_media":0,"comment_status":"open","ping_status":"open","sticky":false,"template":"","format":"standard","meta":{"footnotes":""},"categories":[6],"tags":[],"class_list":["post-14139","post","type-post","status-publish","format-standard","hentry","category-dia-de"],"_links":{"self":[{"href":"https:\/\/edublog.educastur.es\/ixuxu\/wp-json\/wp\/v2\/posts\/14139","targetHints":{"allow":["GET"]}}],"collection":[{"href":"https:\/\/edublog.educastur.es\/ixuxu\/wp-json\/wp\/v2\/posts"}],"about":[{"href":"https:\/\/edublog.educastur.es\/ixuxu\/wp-json\/wp\/v2\/types\/post"}],"author":[{"embeddable":true,"href":"https:\/\/edublog.educastur.es\/ixuxu\/wp-json\/wp\/v2\/users\/117"}],"replies":[{"embeddable":true,"href":"https:\/\/edublog.educastur.es\/ixuxu\/wp-json\/wp\/v2\/comments?post=14139"}],"version-history":[{"count":4,"href":"https:\/\/edublog.educastur.es\/ixuxu\/wp-json\/wp\/v2\/posts\/14139\/revisions"}],"predecessor-version":[{"id":14143,"href":"https:\/\/edublog.educastur.es\/ixuxu\/wp-json\/wp\/v2\/posts\/14139\/revisions\/14143"}],"wp:attachment":[{"href":"https:\/\/edublog.educastur.es\/ixuxu\/wp-json\/wp\/v2\/media?parent=14139"}],"wp:term":[{"taxonomy":"category","embeddable":true,"href":"https:\/\/edublog.educastur.es\/ixuxu\/wp-json\/wp\/v2\/categories?post=14139"},{"taxonomy":"post_tag","embeddable":true,"href":"https:\/\/edublog.educastur.es\/ixuxu\/wp-json\/wp\/v2\/tags?post=14139"}],"curies":[{"name":"wp","href":"https:\/\/api.w.org\/{rel}","templated":true}]}}