{"id":14239,"date":"2022-06-16T10:35:15","date_gmt":"2022-06-16T08:35:15","guid":{"rendered":"https:\/\/edublog.educastur.es\/ixuxu\/?p=14239"},"modified":"2022-06-16T10:35:15","modified_gmt":"2022-06-16T08:35:15","slug":"los-cinco-planetes-mas-cercanos-a-la-tierra-van-alliniase","status":"publish","type":"post","link":"https:\/\/edublog.educastur.es\/ixuxu\/2022\/06\/los-cinco-planetes-mas-cercanos-a-la-tierra-van-alliniase\/","title":{"rendered":"Los cinco planetes m\u00e1s cercanos a la Tierra van alliniase"},"content":{"rendered":"<p>MERCURIU, VENUS, MARTE, X\u00daPITER Y SATURNO VAN ALLINIAR POR PRIMER VEGADA EN 18 A\u00d1OS<\/p>\n<p style=\"text-align: center\"><a href=\"https:\/\/blogger.googleusercontent.com\/img\/b\/R29vZ2xl\/AVvXsEhZmlpI1XvxYb2hXByF-rz1HF8BkcSwaVUxTd1JNYIT3Cq-tCCo1x3v-FXGQEh3Ey5zZpx8v2xviuJuo6k96va3hstmdjfTdeX9YMeNyfZ14Pc1YFNFBJtTHA2551_G-3jDAAki7gmg_6oW-c9Pn7M-P-0auCfUndbQQ8mozYhbPQwrvjs4EwjiPPfH\/w640-h480\/7C5S2ZDY4RB3JN3ZZKKXLMR4HM.webp\"><img loading=\"lazy\" decoding=\"async\" class=\"alignnone\" src=\"https:\/\/blogger.googleusercontent.com\/img\/b\/R29vZ2xl\/AVvXsEhZmlpI1XvxYb2hXByF-rz1HF8BkcSwaVUxTd1JNYIT3Cq-tCCo1x3v-FXGQEh3Ey5zZpx8v2xviuJuo6k96va3hstmdjfTdeX9YMeNyfZ14Pc1YFNFBJtTHA2551_G-3jDAAki7gmg_6oW-c9Pn7M-P-0auCfUndbQQ8mozYhbPQwrvjs4EwjiPPfH\/w640-h480\/7C5S2ZDY4RB3JN3ZZKKXLMR4HM.webp\" alt=\"\" width=\"640\" height=\"480\" \/><\/a><\/p>\n<p><a href=\"https:\/\/www.pangeanatura.com\/2022\/06\/mercurio-venus-marte-jupiter-y-saturno.html?fbclid=IwAR0V6yaE9ALyZxzjbjwWjQUbUKtMJqtikdKdRciFFhBpsLUNNZdkO_ujj98\">Fonte: Pangeanatura<\/a><\/p>\n<p>Per primer vegada dempu\u00e9s de 18 a\u00f1os,\u00a0 Mercuriu, Venus, Marte, X\u00fapiter y Saturno, estos cinco planetes van ser los que van allinease nel cielu nocherniegu\u00a0 per primer vegada en 18 a\u00f1os, y van poder ser reparaos a g\u00fceyu..<\/p>\n<p><!--more--><\/p>\n<p>D&#8217;alcuerdu a la NASA, el meyor momentu para ver l&#8217;alliniaci\u00f3n de los cinco planetes, va ser mientres media hora antes del amanecer, ye dicir cu\u00e1ndo&#8217;l cielu ent\u00e1 ta escuru.<\/p>\n<p>L&#8217;alliniaci\u00f3n d&#8217;estos cinco planetes va tar n&#8217;orde natural dende&#8217;l Sol y van estendese en diagonal qu&#8217;empieza na parte baxa del este.<\/p>\n","protected":false},"excerpt":{"rendered":"<p>MERCURIU, VENUS, MARTE, X\u00daPITER Y SATURNO VAN ALLINIAR POR PRIMER VEGADA EN 18 A\u00d1OS Fonte: Pangeanatura Per primer vegada dempu\u00e9s de 18 a\u00f1os,\u00a0 Mercuriu, Venus, Marte, X\u00fapiter y Saturno, estos cinco planetes van ser los que van allinease nel cielu nocherniegu\u00a0 per primer vegada en 18 a\u00f1os, y van poder ser reparaos a g\u00fceyu..<\/p>\n","protected":false},"author":117,"featured_media":0,"comment_status":"open","ping_status":"open","sticky":false,"template":"","format":"standard","meta":{"footnotes":""},"categories":[4],"tags":[],"class_list":["post-14239","post","type-post","status-publish","format-standard","hentry","category-natura"],"_links":{"self":[{"href":"https:\/\/edublog.educastur.es\/ixuxu\/wp-json\/wp\/v2\/posts\/14239","targetHints":{"allow":["GET"]}}],"collection":[{"href":"https:\/\/edublog.educastur.es\/ixuxu\/wp-json\/wp\/v2\/posts"}],"about":[{"href":"https:\/\/edublog.educastur.es\/ixuxu\/wp-json\/wp\/v2\/types\/post"}],"author":[{"embeddable":true,"href":"https:\/\/edublog.educastur.es\/ixuxu\/wp-json\/wp\/v2\/users\/117"}],"replies":[{"embeddable":true,"href":"https:\/\/edublog.educastur.es\/ixuxu\/wp-json\/wp\/v2\/comments?post=14239"}],"version-history":[{"count":1,"href":"https:\/\/edublog.educastur.es\/ixuxu\/wp-json\/wp\/v2\/posts\/14239\/revisions"}],"predecessor-version":[{"id":14240,"href":"https:\/\/edublog.educastur.es\/ixuxu\/wp-json\/wp\/v2\/posts\/14239\/revisions\/14240"}],"wp:attachment":[{"href":"https:\/\/edublog.educastur.es\/ixuxu\/wp-json\/wp\/v2\/media?parent=14239"}],"wp:term":[{"taxonomy":"category","embeddable":true,"href":"https:\/\/edublog.educastur.es\/ixuxu\/wp-json\/wp\/v2\/categories?post=14239"},{"taxonomy":"post_tag","embeddable":true,"href":"https:\/\/edublog.educastur.es\/ixuxu\/wp-json\/wp\/v2\/tags?post=14239"}],"curies":[{"name":"wp","href":"https:\/\/api.w.org\/{rel}","templated":true}]}}