{"id":14458,"date":"2022-09-08T13:20:22","date_gmt":"2022-09-08T11:20:22","guid":{"rendered":"https:\/\/edublog.educastur.es\/ixuxu\/?p=14458"},"modified":"2022-09-08T18:38:31","modified_gmt":"2022-09-08T16:38:31","slug":"dia-dasturies-2","status":"publish","type":"post","link":"https:\/\/edublog.educastur.es\/ixuxu\/2022\/09\/dia-dasturies-2\/","title":{"rendered":"D\u00eda d&#8217;Asturies"},"content":{"rendered":"<p style=\"text-align: center\"><a href=\"https:\/\/tinypix.top\/images\/2022\/09\/08\/KnmSZ.jpg\"><img loading=\"lazy\" decoding=\"async\" class=\"alignnone\" src=\"https:\/\/tinypix.top\/images\/2022\/09\/08\/KnmSZ.jpg\" alt=\"\" width=\"484\" height=\"685\" \/><\/a><\/p>\n<p><span class=\"gvxzyvdx aeinzg81 t7p7dqev gh25dzvf exr7barw b6ax4al1 gem102v4 ncib64c9 mrvwc6qr sx8pxkcf f597kf1v cpcgwwas m2nijcs8 hxfwr5lz c61n2bf6 oog5qr5w tes86rjd pbevjfx6 ztn2w49o\" dir=\"auto\">\u00a1Bon <a class=\"qi72231t nu7423ey n3hqoq4p r86q59rh b3qcqh3k fq87ekyn bdao358l fsf7x5fv rse6dlih s5oniofx m8h3af8h l7ghb35v kjdc1dyq kmwttqpk srn514ro oxkhqvkx rl78xhln nch0832m cr00lzj9 rn8ck1ys s3jn8y49 icdlwmnq cxfqmxzd d1w2l3lo tes86rjd\" role=\"link\" href=\"https:\/\/www.facebook.com\/hashtag\/d%C3%ADadasturies?__eep__=6&amp;__cft__[0]=AZXXkD3U24zutqqmOZ7iT1IiM-59fvQB_xYqLiHBScJtVFqGylVJSz0uJc7U9w-EhvmntWHLh7q3CziunipQfH92eO6iQ7YsiT40jrr0QkYg8o7VvLgFfaxdA2_EgKA6-m89DAfzlnQlrI96OiDOlmvti-ylrtqGdLjxWKSSg9GVs9Nu7RMx_Lve0MQ32FlYaJCrhumYPRjSwBF76SFReWWa&amp;__tn__=*NK-y-R\">#D\u00edadAsturies<\/a>! Una xornada pa reivindicar les nueses lling\u00fces y la nuesa cultura que naguamos por celebrar con <a class=\"qi72231t nu7423ey n3hqoq4p r86q59rh b3qcqh3k fq87ekyn bdao358l fsf7x5fv rse6dlih s5oniofx m8h3af8h l7ghb35v kjdc1dyq kmwttqpk srn514ro oxkhqvkx rl78xhln nch0832m cr00lzj9 rn8ck1ys s3jn8y49 icdlwmnq cxfqmxzd d1w2l3lo tes86rjd\" role=\"link\" href=\"https:\/\/www.facebook.com\/hashtag\/oficialid%C3%A1?__eep__=6&amp;__cft__[0]=AZXXkD3U24zutqqmOZ7iT1IiM-59fvQB_xYqLiHBScJtVFqGylVJSz0uJc7U9w-EhvmntWHLh7q3CziunipQfH92eO6iQ7YsiT40jrr0QkYg8o7VvLgFfaxdA2_EgKA6-m89DAfzlnQlrI96OiDOlmvti-ylrtqGdLjxWKSSg9GVs9Nu7RMx_Lve0MQ32FlYaJCrhumYPRjSwBF76SFReWWa&amp;__tn__=*NK-y-R\">#oficialid\u00e1<\/a> <span class=\"fxk3tzhb b2rh1bv3 gh55jysx m8h3af8h ewco64xe kjdc1dyq ms56khn7 bq6c9xl4 eohcrkr5 akh3l2rg\"><img loading=\"lazy\" decoding=\"async\" src=\"https:\/\/static.xx.fbcdn.net\/images\/emoji.php\/v9\/tc5\/1.5\/16\/1f499.png\" alt=\"?\" width=\"16\" height=\"16\" \/><\/span><span class=\"fxk3tzhb b2rh1bv3 gh55jysx m8h3af8h ewco64xe kjdc1dyq ms56khn7 bq6c9xl4 eohcrkr5 akh3l2rg\"><img loading=\"lazy\" decoding=\"async\" src=\"https:\/\/static.xx.fbcdn.net\/images\/emoji.php\/v9\/t6e\/1.5\/16\/1f49b.png\" alt=\"?\" width=\"16\" height=\"16\" \/><\/span>. <a class=\"qi72231t nu7423ey n3hqoq4p r86q59rh b3qcqh3k fq87ekyn bdao358l fsf7x5fv rse6dlih s5oniofx m8h3af8h l7ghb35v kjdc1dyq kmwttqpk srn514ro oxkhqvkx rl78xhln nch0832m cr00lzj9 rn8ck1ys s3jn8y49 icdlwmnq cxfqmxzd d1w2l3lo tes86rjd\" role=\"link\" href=\"https:\/\/www.facebook.com\/hashtag\/oficialid%C3%A1encam%C3%ADn?__eep__=6&amp;__cft__[0]=AZXXkD3U24zutqqmOZ7iT1IiM-59fvQB_xYqLiHBScJtVFqGylVJSz0uJc7U9w-EhvmntWHLh7q3CziunipQfH92eO6iQ7YsiT40jrr0QkYg8o7VvLgFfaxdA2_EgKA6-m89DAfzlnQlrI96OiDOlmvti-ylrtqGdLjxWKSSg9GVs9Nu7RMx_Lve0MQ32FlYaJCrhumYPRjSwBF76SFReWWa&amp;__tn__=*NK-y-R\">#oficialid\u00e1encam\u00edn<\/a><\/span><\/p>\n<ul>\n<li>Versos d&#8217;Asturies: <a href=\"https:\/\/www.nubetecapintarpintar.com\/books\/obpl\/?fbclid=IwAR01znYoIJkVum7YZAev2JHDw2qhkoNYXHh96LrU38srxQrmpj7XgXwBO4E#p=5\">primeres p\u00e1xines<\/a><\/li>\n<\/ul>\n<p><!--more--><\/p>\n<p><span class=\"gvxzyvdx aeinzg81 t7p7dqev gh25dzvf exr7barw b6ax4al1 gem102v4 ncib64c9 mrvwc6qr sx8pxkcf f597kf1v cpcgwwas m2nijcs8 hxfwr5lz c61n2bf6 oog5qr5w tes86rjd pbevjfx6 ztn2w49o\" dir=\"auto\">Esti xueves, 8 de setiembre, celebramos el D\u00eda d\u2019Asturies. Pero, \u00bfqu\u00e9 ye Asturies? \u00bfC\u00f3mo podr\u00edemos a esplic\u00e1-ylo a daqui\u00e9n que nun nos conoza?\u00a0 <strong><a href=\"http:\/\/asturies.com\/noticies\/dia-dasturies-pero-que-ye-asturies\">Asturies.com<\/a><\/strong><br \/>\n<\/span><\/p>\n\n<!-- iframe plugin v.6.0 wordpress.org\/plugins\/iframe\/ -->\n<iframe loading=\"lazy\" src=\"https:\/\/www.facebook.com\/plugins\/post.php?href=https%3A%2F%2Fwww.facebook.com%2FAdrianBarbonPSOE%2Fposts%2Fpfbid0318Ku9CmqLKM1jys9SQ9M4ZxEUL3UYEsfQeMSAzomJNSD6ohYWbL68DicbNAneHdLl&#038;show_text=false&#038;width=500\" width=\"500\" height=\"312\" style=\"border:none;overflow:hidden\" scrolling=\"no\" frameborder=\"0\" allowfullscreen=\"true\" allow=\"autoplay; clipboard-write; encrypted-media; picture-in-picture; web-share\" 0=\"\/iframe\" class=\"iframe-class\"><\/iframe>\n\n<div class=\"m8h3af8h l7ghb35v kjdc1dyq kmwttqpk gh25dzvf n3t5jt4f\">\n<div dir=\"auto\">Esti a\u00f1u, ?? ? ?? ????????? ye en <a class=\"qi72231t nu7423ey n3hqoq4p r86q59rh b3qcqh3k fq87ekyn bdao358l fsf7x5fv rse6dlih s5oniofx m8h3af8h l7ghb35v kjdc1dyq kmwttqpk srn514ro oxkhqvkx rl78xhln nch0832m cr00lzj9 rn8ck1ys s3jn8y49 icdlwmnq cxfqmxzd d1w2l3lo tes86rjd\" role=\"link\" href=\"https:\/\/www.facebook.com\/hashtag\/%F0%9D%90%82%F0%9D%90%A8%F0%9D%90%AB%F0%9D%90%AF%F0%9D%90%9E%F0%9D%90%AB%F0%9D%90%9A?__eep__=6&amp;__cft__[0]=AZVeWEGxgzzO891pDQgL8DpA24ZuF64HnHR39pCF1I3n4w3Hz9LKobzGgOrFn_HBMFSSFIT4_1TwgNAEX3CVmshwD6v_riN-B9_uRo_TNd2jBpj5sLhS6uJzL59UwiV4a4n2ptWiHvRinwFJeihC66tW4K0fBw3uWACO_dGn7OFB349Vs1xhSRMfSrm8b3xLtCeZrTgYXkrPwSWWSfeC7Hdn&amp;__tn__=*NK-y-R\">#???????<\/a>. Ven a celebrar con n\u00f3s el D\u00eda d\u2019Asturies. <a href=\"https:\/\/www.facebook.com\/gobiernodeasturias\/videos\/386170567009300\"><span style=\"color: #800000\"><strong>VIDEU<\/strong><\/span><\/a><\/div>\n<div dir=\"auto\"><span class=\"fxk3tzhb b2rh1bv3 gh55jysx m8h3af8h ewco64xe kjdc1dyq ms56khn7 bq6c9xl4 eohcrkr5 akh3l2rg\"><img loading=\"lazy\" decoding=\"async\" src=\"https:\/\/static.xx.fbcdn.net\/images\/emoji.php\/v9\/tc5\/1.5\/16\/1f499.png\" alt=\"?\" width=\"16\" height=\"16\" \/><\/span> Entamamos bien ceo col ??????? ?? ??????????, ????e? ? ??????? ?? ????????.<\/div>\n<div dir=\"auto\"><span class=\"fxk3tzhb b2rh1bv3 gh55jysx m8h3af8h ewco64xe kjdc1dyq ms56khn7 bq6c9xl4 eohcrkr5 akh3l2rg\"><img loading=\"lazy\" decoding=\"async\" src=\"https:\/\/static.xx.fbcdn.net\/images\/emoji.php\/v9\/t6e\/1.5\/16\/1f49b.png\" alt=\"?\" width=\"16\" height=\"16\" \/><\/span> Dende les 12:00, ????\u00e1u ??????????? nel Parque d\u2019Europa.<\/div>\n<div dir=\"auto\"><span class=\"fxk3tzhb b2rh1bv3 gh55jysx m8h3af8h ewco64xe kjdc1dyq ms56khn7 bq6c9xl4 eohcrkr5 akh3l2rg\"><img loading=\"lazy\" decoding=\"async\" src=\"https:\/\/static.xx.fbcdn.net\/images\/emoji.php\/v9\/tc5\/1.5\/16\/1f499.png\" alt=\"?\" width=\"16\" height=\"16\" \/><\/span> Exhibiciones de deportes y xuegos tradicionales, masterclass d\u2019escanci\u00e1u y animaci\u00f3n infantil; conciertos de tonada, folk, pop, rock&#8217;n folk&#8230;<\/div>\n<div dir=\"auto\"><span class=\"fxk3tzhb b2rh1bv3 gh55jysx m8h3af8h ewco64xe kjdc1dyq ms56khn7 bq6c9xl4 eohcrkr5 akh3l2rg\"><img loading=\"lazy\" decoding=\"async\" src=\"https:\/\/static.xx.fbcdn.net\/images\/emoji.php\/v9\/t6e\/1.5\/16\/1f49b.png\" alt=\"?\" width=\"16\" height=\"16\" \/><\/span> Anabel Santiago y el grupo de pandereteres Compa\u00f1eras; Chus Pedro y Pipo Prendes, Joaqu\u00edn Pajar\u00f3n, Los Berrones&#8230;<\/div>\n<\/div>\n<div dir=\"auto\"><\/div>\n<div dir=\"auto\"><\/div>\n<div dir=\"auto\" style=\"text-align: center\">\n<!-- iframe plugin v.6.0 wordpress.org\/plugins\/iframe\/ -->\n<iframe loading=\"lazy\" src=\"https:\/\/www.facebook.com\/plugins\/video.php?height=314&#038;href=https%3A%2F%2Fwww.facebook.com%2Fgobiernodeasturias%2Fvideos%2F386170567009300%2F&#038;show_text=false&#038;width=560&#038;t=0\" width=\"560\" height=\"314\" style=\"border:none;overflow:hidden\" scrolling=\"no\" frameborder=\"0\" allowfullscreen=\"true\" allow=\"autoplay; clipboard-write; encrypted-media; picture-in-picture; web-share\" 0=\"\/iframe\" class=\"iframe-class\"><\/iframe>\n<\/div>\n<p><span style=\"color: #000080\"><em>La tierra que me vio nacer y espero que, dientro d&#8217;enforma tiempu, veame tami\u00e9n entamar l&#8217;\u00faltimu viaxe.<\/em><\/span><\/p>\n<p><span style=\"color: #000080\"><em>La tierra que nos xune a toos. Los nac\u00edos equ\u00ed y a quien viven y sienten Asturies c\u00f3mo la so patria, con independencia del so llugar de nacencia. La tierra que sienten acald\u00eda los asturianos y asturianes de coraz\u00f3n y alma que viven fora de les nueses fronteres. <\/em><\/span><span style=\"color: #000080\"><em>Somos un pueblu con una identid\u00e1 propia, con hestoria, tradici\u00f3n, cultura, valores y fame de futuru. <\/em><\/span><span style=\"color: #000080\"><em>Una tierra, una suma d&#8217;homes y muyeres qu&#8217;amamos Asturies como otros munchos amaronla enantes primero que n\u00f3s. <\/em><\/span><span style=\"color: #000080\"><em>Una tierra arguyosa y humilde que nun se rinda enxam\u00e1s.<\/em><\/span><\/p>\n<div class=\"l7ghb35v kjdc1dyq kmwttqpk gh25dzvf jikcssrz n3t5jt4f\">\n<div dir=\"auto\" style=\"text-align: center\"><\/div>\n<\/div>\n<p style=\"text-align: center\">\n<!-- iframe plugin v.6.0 wordpress.org\/plugins\/iframe\/ -->\n<iframe loading=\"lazy\" width=\"100%\" height=\"395\" src=\"https:\/\/www.youtube.com\/embed\/UV3il__nQ9I\" 0=\"\/iframe\" scrolling=\"yes\" class=\"iframe-class\" frameborder=\"0\"><\/iframe>\n<\/p>\n<p><em><a href=\"https:\/\/brasrodrigo.com\/\">Bras Rodrigo<\/a><\/em><\/p>\n<p style=\"text-align: center\">\n<!-- iframe plugin v.6.0 wordpress.org\/plugins\/iframe\/ -->\n<iframe loading=\"lazy\" src=\"https:\/\/www.facebook.com\/plugins\/post.php?href=https%3A%2F%2Fwww.facebook.com%2FIKEAAsturias%2Fposts%2Fpfbid02aFmdgAUnW4QDDyxEdYgS2B4Dgrhrm4MhRwiV9r1Rgh3e9crFz7eJKisK6Rpm81yVl&#038;show_text=true&#038;width=500\" width=\"500\" height=\"628\" style=\"border:none;overflow:hidden\" scrolling=\"no\" frameborder=\"0\" allowfullscreen=\"true\" allow=\"autoplay; clipboard-write; encrypted-media; picture-in-picture; web-share\" 0=\"\/iframe\" class=\"iframe-class\"><\/iframe>\n<\/p>\n<p>&nbsp;<\/p>\n","protected":false},"excerpt":{"rendered":"<p>\u00a1Bon #D\u00edadAsturies! Una xornada pa reivindicar les nueses lling\u00fces y la nuesa cultura que naguamos por celebrar con #oficialid\u00e1 . #oficialid\u00e1encam\u00edn Versos d&#8217;Asturies: primeres p\u00e1xines<\/p>\n","protected":false},"author":117,"featured_media":0,"comment_status":"open","ping_status":"open","sticky":false,"template":"","format":"standard","meta":{"footnotes":""},"categories":[19,6],"tags":[],"class_list":["post-14458","post","type-post","status-publish","format-standard","hentry","category-asturies","category-dia-de"],"_links":{"self":[{"href":"https:\/\/edublog.educastur.es\/ixuxu\/wp-json\/wp\/v2\/posts\/14458","targetHints":{"allow":["GET"]}}],"collection":[{"href":"https:\/\/edublog.educastur.es\/ixuxu\/wp-json\/wp\/v2\/posts"}],"about":[{"href":"https:\/\/edublog.educastur.es\/ixuxu\/wp-json\/wp\/v2\/types\/post"}],"author":[{"embeddable":true,"href":"https:\/\/edublog.educastur.es\/ixuxu\/wp-json\/wp\/v2\/users\/117"}],"replies":[{"embeddable":true,"href":"https:\/\/edublog.educastur.es\/ixuxu\/wp-json\/wp\/v2\/comments?post=14458"}],"version-history":[{"count":14,"href":"https:\/\/edublog.educastur.es\/ixuxu\/wp-json\/wp\/v2\/posts\/14458\/revisions"}],"predecessor-version":[{"id":14506,"href":"https:\/\/edublog.educastur.es\/ixuxu\/wp-json\/wp\/v2\/posts\/14458\/revisions\/14506"}],"wp:attachment":[{"href":"https:\/\/edublog.educastur.es\/ixuxu\/wp-json\/wp\/v2\/media?parent=14458"}],"wp:term":[{"taxonomy":"category","embeddable":true,"href":"https:\/\/edublog.educastur.es\/ixuxu\/wp-json\/wp\/v2\/categories?post=14458"},{"taxonomy":"post_tag","embeddable":true,"href":"https:\/\/edublog.educastur.es\/ixuxu\/wp-json\/wp\/v2\/tags?post=14458"}],"curies":[{"name":"wp","href":"https:\/\/api.w.org\/{rel}","templated":true}]}}