{"id":14467,"date":"2022-08-30T11:30:35","date_gmt":"2022-08-30T09:30:35","guid":{"rendered":"https:\/\/edublog.educastur.es\/ixuxu\/?p=14467"},"modified":"2022-09-08T13:45:32","modified_gmt":"2022-09-08T11:45:32","slug":"bruxa-de-pablo-fraile","status":"publish","type":"post","link":"https:\/\/edublog.educastur.es\/ixuxu\/2022\/08\/bruxa-de-pablo-fraile\/","title":{"rendered":"\u00abBruxa\u00bb de Pablo Fraile"},"content":{"rendered":"<p style=\"text-align: center\"><a href=\"https:\/\/i0.wp.com\/pintarpintareditorial.blog\/wp-content\/uploads\/2022\/06\/cubierta.jpg?resize=1536%2C929&amp;ssl=1\"><img loading=\"lazy\" decoding=\"async\" class=\"alignnone\" src=\"https:\/\/i0.wp.com\/pintarpintareditorial.blog\/wp-content\/uploads\/2022\/06\/cubierta.jpg?resize=1536%2C929&amp;ssl=1\" alt=\"\" width=\"1536\" height=\"929\" \/><\/a><\/p>\n<ul>\n<li>Pablo Fraile \/ <a href=\"https:\/\/www.facebook.com\/100063498795914\/videos\/346343937621452\">VIDEU<\/a> \/<a href=\"https:\/\/pintarpintareditorial.blog\/2022\/06\/02\/noveda-bruxa\/\"><strong> FICHA<\/strong><\/a><\/li>\n<li><a href=\"https:\/\/www.pintar-pintar.com\/p9856847-bruxa.html\">\u00abBruxa\u00bb<\/a> \/ <a href=\"https:\/\/www.nubetecapintarpintar.com\/books\/demm\/\">Demo<\/a> \/<a href=\"https:\/\/www.pintar-pintar.com\/product\/index?searchbox=fraile\"> Pintar-Pintar llibros de Pablo<\/a><\/li>\n<li>\n<p class=\"kt-adv-heading_8b4b1f-24 wp-block-kadence-advancedheading has-vivid-cyan-blue-color has-text-color\" data-kb-block=\"kb-adv-heading_8b4b1f-24\">\u00a0<a href=\"https:\/\/www.instagram.com\/pablofrailedorado\/?hl=es\" target=\"_blank\" rel=\"noreferrer noopener\"><sup>https:\/\/www.instagram.com\/pablofrailedorado\/?hl=es<\/sup><\/a><\/p>\n<\/li>\n<li>\n<p class=\"kt-adv-heading_a9f00b-19 wp-block-kadence-advancedheading has-vivid-cyan-blue-color has-text-color\" data-kb-block=\"kb-adv-heading_a9f00b-19\">\u00a0<sup><a class=\"rank-math-link\" href=\"https:\/\/www.facebook.com\/profile.php?id=100010664490550\" target=\"_blank\" rel=\"noopener\">https:\/\/www.facebook.com\/people\/Pablo-Fraile-Dorado<\/a><\/sup><\/p>\n<\/li>\n<\/ul>\n<p><!--more--><\/p>\n<p>Y\u00e1 ye la nueche de Sama\u00edn, y la bruxa Gorgona nun atopa la so escoba.<\/p>\n<p>La bruxa, ensin la escoba,<br \/>\nnun pue volar pal pueblu,<br \/>\nnin asustar a los guah.es<br \/>\nnin esmellar calabaces<br \/>\nnin marchar con carambelos.<\/p>\n<p><em><i>La bruxa Gorgooona<br \/>\n<\/i><i>perdi\u00f3 la escoooba.<br \/>\n<\/i><i>\u00bf\u00d3nnnde tar\u00e1<br \/>\n<\/i><\/em><i><em>la escoba de Gorgooona?<\/em><\/i><\/p>\n<p>\u00bfCoy\u00edsti-yla tu?<\/p>\n<p>&nbsp;<\/p>\n<p>Un joven asturiano, <strong>Pablo Fraile Dorado<\/strong>, mierense, escritor y periodista (Gij\u00f3n, 1985). Debut\u00f3 como autor en 2017 con el \u00e1lbum infantil <strong>\u00abNueve cuentos azules y dos a\u00f1os despu\u00e9s<\/strong>\u00ab, public\u00f3 su segundo \u00e1lbum<strong>, \u00abAr\u00f3n el Gatorrat\u00f3n\u00bb<\/strong>. Como periodista, ha trabajado en medios como Europa Press y <a href=\"https:\/\/www.elmundo.es\/\" target=\"_blank\" rel=\"noreferrer noopener\">elmundo.es<\/a>. Hoy cuida de sus dos hijas peque\u00f1as y a veces desayuna escribiendo.<\/p>\n<p style=\"text-align: center\"><img loading=\"lazy\" decoding=\"async\" class=\"alignnone size-full\" src=\"https:\/\/centrosocialvirtualoviedo.es\/wp-content\/uploads\/2021\/03\/Pablo-Fraile-Dorado-383x383.jpg\" width=\"383\" height=\"383\" \/><\/p>\n<p>&nbsp;<\/p>\n","protected":false},"excerpt":{"rendered":"<p>Pablo Fraile \/ VIDEU \/ FICHA \u00abBruxa\u00bb \/ Demo \/ Pintar-Pintar llibros de Pablo \u00a0https:\/\/www.instagram.com\/pablofrailedorado\/?hl=es \u00a0https:\/\/www.facebook.com\/people\/Pablo-Fraile-Dorado<\/p>\n","protected":false},"author":117,"featured_media":0,"comment_status":"open","ping_status":"open","sticky":false,"template":"","format":"standard","meta":{"footnotes":""},"categories":[10],"tags":[],"class_list":["post-14467","post","type-post","status-publish","format-standard","hentry","category-llibros-reciella"],"_links":{"self":[{"href":"https:\/\/edublog.educastur.es\/ixuxu\/wp-json\/wp\/v2\/posts\/14467","targetHints":{"allow":["GET"]}}],"collection":[{"href":"https:\/\/edublog.educastur.es\/ixuxu\/wp-json\/wp\/v2\/posts"}],"about":[{"href":"https:\/\/edublog.educastur.es\/ixuxu\/wp-json\/wp\/v2\/types\/post"}],"author":[{"embeddable":true,"href":"https:\/\/edublog.educastur.es\/ixuxu\/wp-json\/wp\/v2\/users\/117"}],"replies":[{"embeddable":true,"href":"https:\/\/edublog.educastur.es\/ixuxu\/wp-json\/wp\/v2\/comments?post=14467"}],"version-history":[{"count":5,"href":"https:\/\/edublog.educastur.es\/ixuxu\/wp-json\/wp\/v2\/posts\/14467\/revisions"}],"predecessor-version":[{"id":14472,"href":"https:\/\/edublog.educastur.es\/ixuxu\/wp-json\/wp\/v2\/posts\/14467\/revisions\/14472"}],"wp:attachment":[{"href":"https:\/\/edublog.educastur.es\/ixuxu\/wp-json\/wp\/v2\/media?parent=14467"}],"wp:term":[{"taxonomy":"category","embeddable":true,"href":"https:\/\/edublog.educastur.es\/ixuxu\/wp-json\/wp\/v2\/categories?post=14467"},{"taxonomy":"post_tag","embeddable":true,"href":"https:\/\/edublog.educastur.es\/ixuxu\/wp-json\/wp\/v2\/tags?post=14467"}],"curies":[{"name":"wp","href":"https:\/\/api.w.org\/{rel}","templated":true}]}}