{"id":14507,"date":"2022-09-08T18:42:31","date_gmt":"2022-09-08T16:42:31","guid":{"rendered":"https:\/\/edublog.educastur.es\/ixuxu\/?p=14507"},"modified":"2022-09-08T18:51:39","modified_gmt":"2022-09-08T16:51:39","slug":"14507","status":"publish","type":"post","link":"https:\/\/edublog.educastur.es\/ixuxu\/2022\/09\/14507\/","title":{"rendered":"Xos\u00e9 Amb\u00e1s, premiu Serondaya de la Cultura 2022"},"content":{"rendered":"<p style=\"text-align: center\"><a href=\"https:\/\/tinypix.top\/images\/2022\/09\/08\/Kntyy.jpg\"><img loading=\"lazy\" decoding=\"async\" class=\"aligncenter\" src=\"https:\/\/tinypix.top\/images\/2022\/09\/08\/Kntyy.jpg\" alt=\"\" width=\"477\" height=\"558\" \/><\/a><\/p>\n<p>Xox\u00e9 Amb\u00e1s foi reconoc\u00edu pola xunta directiva de l&#8217;<a href=\"https:\/\/www.serondaya.es\/noticias\/premios\"><strong><span style=\"color: #008080\">Asociaci\u00f3n Cultural Serondaya<\/span><\/strong><\/a>, axuntada en Cenera, Mieres, por unanimid\u00e1 col premiu Serondaya de la Cultura 2022. Una reconocencia otorgada polos sos trabayos rellacionaos con tradici\u00f3n oral y pola recuperaci\u00f3n y l&#8217;espardimientu de les m\u00fasiques populares\u00bb.<\/p>\n<ul>\n<li><a href=\"https:\/\/www.elcomercio.es\/asturias\/cuencas\/llevare-pandereta-recibir-20220907002413-ntvo.html?fbclid=IwAR11e18glvW_lPQBOGjynwCHrt7p7ojiMiv1NhxpElSD_fqb7tcsREAgHVs#vca=fixed-btn&amp;vso=rrss&amp;vmc=fb&amp;vli=Cuencas\">Fonte: El Comercio<\/a> \/<\/li>\n<\/ul>\n<p><!--more--><\/p>\n<p>L&#8217;Asociaci\u00f3n Serondaya reafitase en que valor\u00f3 especialmente la so trayectoria constante y enllargao nel tiempu como recopilador ya investigador de la tradici\u00f3n cultura asturiana, qu&#8217;incl\u00fai la llingua propia de la nuesa tierra, seg\u00fan los sos arrogantes esfuerzos de divulgaci\u00f3n\u00bb.<\/p>\n<p>&nbsp;<\/p>\n<p style=\"text-align: center\"><a href=\"https:\/\/static2.elcomercio.es\/www\/multimedia\/202209\/07\/media\/cortadas\/76130542--984x1279.JPG\"><img loading=\"lazy\" decoding=\"async\" class=\"aligncenter\" src=\"https:\/\/static2.elcomercio.es\/www\/multimedia\/202209\/07\/media\/cortadas\/76130542--984x1279.JPG\" alt=\"\" width=\"639\" height=\"831\" \/><\/a><\/p>\n<blockquote>\n<p style=\"text-align: center\"><em>\u00abVoi llevar la mio pandereta a recibir el premiu Serondaya\u00bb<\/em><\/p>\n<\/blockquote>\n<p>El m\u00fasicu, natural de la poblaci\u00f3n d&#8217;Amb\u00e1s, nel conceyu de Grau, asegura habese sent\u00edu \u00abgratamente sosprend\u00edu cola reconocencia, sobremanera considerando&#8217;l gran trabayu que lleven a cabu dende Serondaya, que siempres demostraron la so esmolici\u00f3n pola nuesa cultura tradicional. Ye bien prestosu que s&#8217;alcuerden de mi, si\u00e9ntome bien arguyosu\u00bb.<\/p>\n<p><em>\u00abLa mio intenci\u00f3n ye allegar a la entrega del premiu y, por si daqui\u00e9n dulda, voi llevar a la mio pandereta, como si fuera&#8217;l mio llaveru, va acompa\u00f1ame y casi seguro que va sonar porque va ver xente bien afayadiza\u00bb<\/em>, apunt\u00f3.<\/p>\n<p>El primer contactu cola tradici\u00f3n oral asturiana para Xos\u00e9 Ant\u00f3n Fern\u00e1ndez Mart\u00ednez, m\u00e1s conoc\u00edu como Xos\u00e9 Amb\u00e1s, ser\u00eda la mesma tresmisi\u00f3n familiar de la mano de g\u00fceles y g\u00fcelos, a finales de los a\u00f1os ochenta. Na actualid\u00e1 sigue arrexuntando ya investigando dando gran importancia al espardimientu, recuperaci\u00f3n y dinamizaci\u00f3n d&#8217;esti patrimoniu por aciu charres, publicaciones, talleres y al travi\u00e9s d&#8217;apuestes como les &#8216;Nueches en danza&#8217; y la recuperaci\u00f3n de tradiciones, como &#8216;-yos Mazcares d&#8217;Hibiernu&#8217;, siempres coles mires de siguir dando a conocer la nuesa riqueza cultural y contribuyir asina a evitar la perda de les se\u00f1es d&#8217;identid\u00e1 del pueblu asturianu.<\/p>\n<p>Trayectoria destacada<\/p>\n<p>Un trabayu incansable que distintos galardones a lo llargo de la xeograf\u00eda asturiana reconocen la so trayectoria y l&#8217;importancia del so trabayu, destacando&#8217;l de Gaiteru de la Hermand\u00e1 de la Probe, de la Foz de Morc\u00edn, el Mosc\u00f3n d&#8217;Oru de Grau nel a\u00f1u 2010, el premiu al sofitu y l&#8217;espardimientu de la m\u00fasica y tradiciones asturianes de la banda de gaites de L.lena G\u00fcestia en 2011, l&#8217;II Premiu Barb\u00f3n de Faru en 2016 o&#8217;l Galard\u00f3n Verdes Valles \u00c1stures de la Fundaci\u00f3n Mar\u00edn Guti\u00e9rrez del a\u00f1u 2018, ente otros.<\/p>\n<p>La finalid\u00e1 del Premiu Serondaya de la Cultura ye reconocer a les persones, grupos, asociaciones o instituciones que se dedicaren de manera constante, principal y sobresaliente al espardimientu y el desenvolvimientu de la cultura en cualesquier de les sos manifestaciones o en toes elles, y que los sos esfuerzos, trabayos, creaciones o iniciatives contribuyeren a la valoraci\u00f3n y la comprensi\u00f3n de la cultura. El premiu consiste nuna escultura del artista mierense Llonguera y nun homenaxe p\u00fablicu que, nesti casu, va celebrase&#8217;l d\u00eda 21 d&#8217;ochobre, dientro de la programaci\u00f3n de la Fiesta de la Serondaya.<\/p>\n","protected":false},"excerpt":{"rendered":"<p>Xox\u00e9 Amb\u00e1s foi reconoc\u00edu pola xunta directiva de l&#8217;Asociaci\u00f3n Cultural Serondaya, axuntada en Cenera, Mieres, por unanimid\u00e1 col premiu Serondaya de la Cultura 2022. Una reconocencia otorgada polos sos trabayos rellacionaos con tradici\u00f3n oral y pola recuperaci\u00f3n y l&#8217;espardimientu de les m\u00fasiques populares\u00bb. Fonte: El Comercio \/<\/p>\n","protected":false},"author":117,"featured_media":0,"comment_status":"open","ping_status":"open","sticky":false,"template":"","format":"standard","meta":{"footnotes":""},"categories":[35,58],"tags":[],"class_list":["post-14507","post","type-post","status-publish","format-standard","hentry","category-musica","category-premios"],"_links":{"self":[{"href":"https:\/\/edublog.educastur.es\/ixuxu\/wp-json\/wp\/v2\/posts\/14507","targetHints":{"allow":["GET"]}}],"collection":[{"href":"https:\/\/edublog.educastur.es\/ixuxu\/wp-json\/wp\/v2\/posts"}],"about":[{"href":"https:\/\/edublog.educastur.es\/ixuxu\/wp-json\/wp\/v2\/types\/post"}],"author":[{"embeddable":true,"href":"https:\/\/edublog.educastur.es\/ixuxu\/wp-json\/wp\/v2\/users\/117"}],"replies":[{"embeddable":true,"href":"https:\/\/edublog.educastur.es\/ixuxu\/wp-json\/wp\/v2\/comments?post=14507"}],"version-history":[{"count":4,"href":"https:\/\/edublog.educastur.es\/ixuxu\/wp-json\/wp\/v2\/posts\/14507\/revisions"}],"predecessor-version":[{"id":14519,"href":"https:\/\/edublog.educastur.es\/ixuxu\/wp-json\/wp\/v2\/posts\/14507\/revisions\/14519"}],"wp:attachment":[{"href":"https:\/\/edublog.educastur.es\/ixuxu\/wp-json\/wp\/v2\/media?parent=14507"}],"wp:term":[{"taxonomy":"category","embeddable":true,"href":"https:\/\/edublog.educastur.es\/ixuxu\/wp-json\/wp\/v2\/categories?post=14507"},{"taxonomy":"post_tag","embeddable":true,"href":"https:\/\/edublog.educastur.es\/ixuxu\/wp-json\/wp\/v2\/tags?post=14507"}],"curies":[{"name":"wp","href":"https:\/\/api.w.org\/{rel}","templated":true}]}}