{"id":14547,"date":"2022-09-08T20:07:02","date_gmt":"2022-09-08T18:07:02","guid":{"rendered":"https:\/\/edublog.educastur.es\/ixuxu\/?p=14547"},"modified":"2022-09-08T20:09:27","modified_gmt":"2022-09-08T18:09:27","slug":"espectaculares-imaxes-dendel-mesmu-visu-del-monte-mas-altu-del-mundu","status":"publish","type":"post","link":"https:\/\/edublog.educastur.es\/ixuxu\/2022\/09\/espectaculares-imaxes-dendel-mesmu-visu-del-monte-mas-altu-del-mundu\/","title":{"rendered":"Espectaculares imaxes dende&#8217;l mesmu visu del monte m\u00e1s altu del mundu."},"content":{"rendered":"<div dir=\"auto\" style=\"text-align: center\">\n<!-- iframe plugin v.6.0 wordpress.org\/plugins\/iframe\/ -->\n<iframe loading=\"lazy\" src=\"https:\/\/www.facebook.com\/plugins\/video.php?height=280&#038;href=https%3A%2F%2Fwww.facebook.com%2Falpinistagarranzo%2Fvideos%2F780373899842391%2F&#038;show_text=false&#038;width=560&#038;t=0\" width=\"560\" height=\"280\" style=\"border:none;overflow:hidden\" scrolling=\"no\" frameborder=\"0\" allowfullscreen=\"true\" allow=\"autoplay; clipboard-write; encrypted-media; picture-in-picture; web-share\" 0=\"\/iframe\" class=\"iframe-class\"><\/iframe>\n<\/div>\n<div dir=\"auto\"><\/div>\n<div dir=\"auto\">Esfruta d&#8217;estes espectaculares imaxes captaes con un dron llanz\u00e1u dende&#8217;l mesmu visu del monte m\u00e1s altu del mundu. <span class=\"fxk3tzhb b2rh1bv3 gh55jysx m8h3af8h ewco64xe kjdc1dyq ms56khn7 bq6c9xl4 eohcrkr5 akh3l2rg\"><img loading=\"lazy\" decoding=\"async\" src=\"https:\/\/static.xx.fbcdn.net\/images\/emoji.php\/v9\/t58\/1.5\/16\/1f3a5.png\" alt=\"?\" width=\"16\" height=\"16\" \/><\/span> Jeff Massier <a href=\"https:\/\/video-cdg2-1.xx.fbcdn.net\/v\/t39.25447-2\/305217798_619381426249162_4675359812027737039_n.mp4?_nc_cat=102&amp;vs=7a6a673f73f4f80b&amp;_nc_vs=HBksFQAYJEdBWkJNUkxLWGVUNVVqTUNBTS1qREZuNk51SkFibWRqQUFBRhUAAsgBABUAGCRHTHJSTUJMaE1OM25TbnNFQUlrWlZKc2NZWUJXYnJGcUFBQUYVAgLIAQBLBogScHJvZ3Jlc3NpdmVfcmVjaXBlATENc3Vic2FtcGxlX2ZwcwAQdm1hZl9lbmFibGVfbnN1YgAgbWVhc3VyZV9vcmlnaW5hbF9yZXNvbHV0aW9uX3NzaW0AKGNvbXB1dGVfc3NpbV9vbmx5X2F0X29yaWdpbmFsX3Jlc29sdXRpb24AEWRpc2FibGVfcG9zdF9wdnFzABUAJQAcAAAmtPub5NS4lgIVAigCQzMYC3Z0c19wcmV2aWV3HBdASYUeuFHrhRgpZGFzaF9pNGxpdGViYXNpY181c2VjZ29wX2hxMl9mcmFnXzJfdmlkZW8SABgYdmlkZW9zLnZ0cy5jYWxsYmFjay5wcm9kOBJWSURFT19WSUVXX1JFUVVFU1QbCogVb2VtX3RhcmdldF9lbmNvZGVfdGFnBm9lcF9oZBNvZW1fcmVxdWVzdF90aW1lX21zATAMb2VtX2NmZ19ydWxlB3VubXV0ZWQTb2VtX3JvaV9yZWFjaF9jb3VudAUxODQ4MBFvZW1faXNfZXhwZXJpbWVudAAMb2VtX3ZpZGVvX2lkDzc4MDM3Mzg5OTg0MjM5MRJvZW1fdmlkZW9fYXNzZXRfaWQPNjM0MjUwMjI0NzI1MzE0FW9lbV92aWRlb19yZXNvdXJjZV9pZA82MTIzMDE5MTcwOTM1OTQcb2VtX3NvdXJjZV92aWRlb19lbmNvZGluZ19pZA84ODgyNzU2Nzg4MTY3MDcOdnRzX3JlcXVlc3RfaWQAJQIcACXEARsHiAFzBDE0NTgCY2QKMjAyMi0wOS0wMwNyY2IFMTg0MDADYXBwBlZpZGVvcwJjdBlDT05UQUlORURfUE9TVF9BVFRBQ0hNRU5UE29yaWdpbmFsX2R1cmF0aW9uX3MFNTEuMDQCdHMVcHJvZ3Jlc3NpdmVfZW5jb2RpbmdzAA%3D%3D&amp;ccb=1-7&amp;_nc_sid=189a0e&amp;efg=eyJ2ZW5jb2RlX3RhZyI6Im9lcF9oZCJ9&amp;_nc_ohc=JA7Oa5lLXaAAX_20HJI&amp;_nc_ht=video-cdg2-1.xx&amp;oh=00_AT8jpQtmt9T4bulAFmNTD4TdybgBwFDqBcbo_RkP7SiCQg&amp;oe=631F76F6&amp;_nc_rid=322593182518645\">VIDEU<\/a> V\u00eda Mario Picazo <span class=\"fxk3tzhb b2rh1bv3 gh55jysx m8h3af8h ewco64xe kjdc1dyq ms56khn7 bq6c9xl4 eohcrkr5 akh3l2rg\"><img loading=\"lazy\" decoding=\"async\" src=\"https:\/\/static.xx.fbcdn.net\/images\/emoji.php\/v9\/taa\/1.5\/16\/1f449.png\" alt=\"?\" width=\"16\" height=\"16\" \/><\/span> <a class=\"qi72231t nu7423ey n3hqoq4p r86q59rh b3qcqh3k fq87ekyn bdao358l fsf7x5fv rse6dlih s5oniofx m8h3af8h l7ghb35v kjdc1dyq kmwttqpk srn514ro oxkhqvkx rl78xhln nch0832m cr00lzj9 rn8ck1ys s3jn8y49 icdlwmnq cxfqmxzd ezidihy3\" role=\"link\" href=\"https:\/\/twitter.com\/picazomario\/status\/1565934122471608320?fbclid=IwAR0i2P3oH_q-FyJFpwfjz2k4w7I1foDPX3rX27nKdX4lvB-0uuF44FX2Sfs\" target=\"_blank\" rel=\"nofollow noopener\">twitter.com\/picazomario\/status\/1565934122471608320<\/a><\/div>\n<div dir=\"auto\"><\/div>\n<ul>\n<li><strong>Everest<\/strong>: <a href=\"https:\/\/es.wikipedia.org\/wiki\/Monte_Everest\">wiki\u00a0<\/a> \/ semeyes<\/li>\n<\/ul>\n<p style=\"text-align: center\"><a href=\"https:\/\/upload.wikimedia.org\/wikipedia\/commons\/thumb\/6\/6d\/EverestMosaic.jpg\/1920px-EverestMosaic.jpg\"><img loading=\"lazy\" decoding=\"async\" class=\"alignnone\" src=\"https:\/\/upload.wikimedia.org\/wikipedia\/commons\/thumb\/6\/6d\/EverestMosaic.jpg\/1920px-EverestMosaic.jpg\" alt=\"\" width=\"1920\" height=\"494\" \/><\/a><\/p>\n","protected":false},"excerpt":{"rendered":"<p>Esfruta d&#8217;estes espectaculares imaxes captaes con un dron llanz\u00e1u dende&#8217;l mesmu visu del monte m\u00e1s altu del mundu. Jeff Massier VIDEU V\u00eda Mario Picazo twitter.com\/picazomario\/status\/1565934122471608320 Everest: wiki\u00a0 \/ semeyes<\/p>\n","protected":false},"author":117,"featured_media":0,"comment_status":"open","ping_status":"open","sticky":false,"template":"","format":"standard","meta":{"footnotes":""},"categories":[25],"tags":[],"class_list":["post-14547","post","type-post","status-publish","format-standard","hentry","category-curiosidaes"],"_links":{"self":[{"href":"https:\/\/edublog.educastur.es\/ixuxu\/wp-json\/wp\/v2\/posts\/14547","targetHints":{"allow":["GET"]}}],"collection":[{"href":"https:\/\/edublog.educastur.es\/ixuxu\/wp-json\/wp\/v2\/posts"}],"about":[{"href":"https:\/\/edublog.educastur.es\/ixuxu\/wp-json\/wp\/v2\/types\/post"}],"author":[{"embeddable":true,"href":"https:\/\/edublog.educastur.es\/ixuxu\/wp-json\/wp\/v2\/users\/117"}],"replies":[{"embeddable":true,"href":"https:\/\/edublog.educastur.es\/ixuxu\/wp-json\/wp\/v2\/comments?post=14547"}],"version-history":[{"count":4,"href":"https:\/\/edublog.educastur.es\/ixuxu\/wp-json\/wp\/v2\/posts\/14547\/revisions"}],"predecessor-version":[{"id":14551,"href":"https:\/\/edublog.educastur.es\/ixuxu\/wp-json\/wp\/v2\/posts\/14547\/revisions\/14551"}],"wp:attachment":[{"href":"https:\/\/edublog.educastur.es\/ixuxu\/wp-json\/wp\/v2\/media?parent=14547"}],"wp:term":[{"taxonomy":"category","embeddable":true,"href":"https:\/\/edublog.educastur.es\/ixuxu\/wp-json\/wp\/v2\/categories?post=14547"},{"taxonomy":"post_tag","embeddable":true,"href":"https:\/\/edublog.educastur.es\/ixuxu\/wp-json\/wp\/v2\/tags?post=14547"}],"curies":[{"name":"wp","href":"https:\/\/api.w.org\/{rel}","templated":true}]}}