{"id":14564,"date":"2022-09-08T10:00:17","date_gmt":"2022-09-08T08:00:17","guid":{"rendered":"https:\/\/edublog.educastur.es\/ixuxu\/?p=14564"},"modified":"2022-09-08T20:37:33","modified_gmt":"2022-09-08T18:37:33","slug":"videu-lasturies-patria-querida","status":"publish","type":"post","link":"https:\/\/edublog.educastur.es\/ixuxu\/2022\/09\/videu-lasturies-patria-querida\/","title":{"rendered":"Videu: &#8216;L&#8217;Asturies, Patria Querida&#8217;"},"content":{"rendered":"<p style=\"text-align: center\"><a href=\"https:\/\/www.rtpa.es\/video:ASTURIAS.DOC_551631288753.html\"><img loading=\"lazy\" decoding=\"async\" class=\"aligncenter\" src=\"https:\/\/www.rtpa.es\/fotos\/\/21\/09\/121631293962_patriaquerida.jpg\" alt=\"\" width=\"825\" height=\"464\" \/><\/a><\/p>\n<p><span style=\"color: #008080\"><strong>&#8216;L&#8217;Asturies, Patria Querida&#8217;<\/strong><\/span> ye un cantar popular que se convirti\u00f3 nel himnu oficial de la Comunid\u00e1 Aut\u00f3noma del Princip\u00e1u d\u2019Asturies. TPA estrena un documental sobre esi procesu y lo que significa pa los asturianos y asturianes esta composici\u00f3n musical. <a href=\"https:\/\/www.rtpa.es\/video:ASTURIAS.DOC_551631288753.html\">VIDEU<\/a><\/p>\n","protected":false},"excerpt":{"rendered":"<p>&#8216;L&#8217;Asturies, Patria Querida&#8217; ye un cantar popular que se convirti\u00f3 nel himnu oficial de la Comunid\u00e1 Aut\u00f3noma del Princip\u00e1u d\u2019Asturies. TPA estrena un documental sobre esi procesu y lo que significa pa los asturianos y asturianes esta composici\u00f3n musical. VIDEU<\/p>\n","protected":false},"author":117,"featured_media":0,"comment_status":"open","ping_status":"open","sticky":false,"template":"","format":"standard","meta":{"footnotes":""},"categories":[1],"tags":[],"class_list":["post-14564","post","type-post","status-publish","format-standard","hentry","category-sin-categoria"],"_links":{"self":[{"href":"https:\/\/edublog.educastur.es\/ixuxu\/wp-json\/wp\/v2\/posts\/14564","targetHints":{"allow":["GET"]}}],"collection":[{"href":"https:\/\/edublog.educastur.es\/ixuxu\/wp-json\/wp\/v2\/posts"}],"about":[{"href":"https:\/\/edublog.educastur.es\/ixuxu\/wp-json\/wp\/v2\/types\/post"}],"author":[{"embeddable":true,"href":"https:\/\/edublog.educastur.es\/ixuxu\/wp-json\/wp\/v2\/users\/117"}],"replies":[{"embeddable":true,"href":"https:\/\/edublog.educastur.es\/ixuxu\/wp-json\/wp\/v2\/comments?post=14564"}],"version-history":[{"count":1,"href":"https:\/\/edublog.educastur.es\/ixuxu\/wp-json\/wp\/v2\/posts\/14564\/revisions"}],"predecessor-version":[{"id":14565,"href":"https:\/\/edublog.educastur.es\/ixuxu\/wp-json\/wp\/v2\/posts\/14564\/revisions\/14565"}],"wp:attachment":[{"href":"https:\/\/edublog.educastur.es\/ixuxu\/wp-json\/wp\/v2\/media?parent=14564"}],"wp:term":[{"taxonomy":"category","embeddable":true,"href":"https:\/\/edublog.educastur.es\/ixuxu\/wp-json\/wp\/v2\/categories?post=14564"},{"taxonomy":"post_tag","embeddable":true,"href":"https:\/\/edublog.educastur.es\/ixuxu\/wp-json\/wp\/v2\/tags?post=14564"}],"curies":[{"name":"wp","href":"https:\/\/api.w.org\/{rel}","templated":true}]}}