{"id":14566,"date":"2022-09-14T18:05:37","date_gmt":"2022-09-14T16:05:37","guid":{"rendered":"https:\/\/edublog.educastur.es\/ixuxu\/?p=14566"},"modified":"2022-09-14T18:07:13","modified_gmt":"2022-09-14T16:07:13","slug":"14566","status":"publish","type":"post","link":"https:\/\/edublog.educastur.es\/ixuxu\/2022\/09\/14566\/","title":{"rendered":"Cuadonga a trav\u00e9s del arte"},"content":{"rendered":"<div class=\"l7ghb35v kjdc1dyq kmwttqpk gh25dzvf jikcssrz n3t5jt4f\">\n<div dir=\"auto\" style=\"text-align: center\">\n<!-- iframe plugin v.6.0 wordpress.org\/plugins\/iframe\/ -->\n<iframe loading=\"lazy\" src=\"https:\/\/www.facebook.com\/plugins\/post.php?href=https%3A%2F%2Fwww.facebook.com%2Fcovadonga2022cuadonga%2Fposts%2Fpfbid0Bazd3MF21L77w4H87vNCsv5tvuJRjzqKftmnUzCgXqx7DG9stBDzoyDQaz8GBxPKl&#038;show_text=false&#038;width=500\" width=\"500\" height=\"498\" style=\"border:none;overflow:hidden\" scrolling=\"no\" frameborder=\"0\" allowfullscreen=\"true\" allow=\"autoplay; clipboard-write; encrypted-media; picture-in-picture; web-share\" 0=\"\/iframe\" class=\"iframe-class\"><\/iframe>\n<\/div>\n<div dir=\"auto\"><\/div>\n<div dir=\"auto\">Cuadonga ye un llugar m\u00e1xicu y \u00fanicu que forma parte de la historia, y la so lleenda va ser el filu conductor de la esposici\u00f3n Cuadonga al travi\u00e9s del arte. La esposici\u00f3n va poder visitase a partir del 9 de setiembre na sala d\u2019esposiciones Sabadell-Herrero n\u2019Uvi\u00e9u.<span class=\"fxk3tzhb b2rh1bv3 gh55jysx m8h3af8h ewco64xe kjdc1dyq ms56khn7 bq6c9xl4 eohcrkr5 akh3l2rg\"><img loading=\"lazy\" decoding=\"async\" src=\"https:\/\/static.xx.fbcdn.net\/images\/emoji.php\/v9\/ta7\/1.5\/16\/1f5bc.png\" alt=\"?\" width=\"16\" height=\"16\" \/><\/span><\/div>\n<div dir=\"auto\"><\/div>\n<\/div>\n<div class=\"l7ghb35v kjdc1dyq kmwttqpk gh25dzvf jikcssrz n3t5jt4f\">\n<div dir=\"auto\">L\u2019oxetivu de la esposici\u00f3n ye dexar constancia al visitante de la buelga tan fonda que Cuadonga dex\u00f3 a lo llargo de los sieglos en munchos artistes, qu\u2019usaron el puxu y fortaleza de los sos s\u00edmbolos como fonte d\u2019inspiraci\u00f3n.<span class=\"fxk3tzhb b2rh1bv3 gh55jysx m8h3af8h ewco64xe kjdc1dyq ms56khn7 bq6c9xl4 eohcrkr5 akh3l2rg\"><img loading=\"lazy\" decoding=\"async\" src=\"https:\/\/static.xx.fbcdn.net\/images\/emoji.php\/v9\/tdb\/1.5\/16\/1f3a8.png\" alt=\"?\" width=\"16\" height=\"16\" \/><\/span><span class=\"fxk3tzhb b2rh1bv3 gh55jysx m8h3af8h ewco64xe kjdc1dyq ms56khn7 bq6c9xl4 eohcrkr5 akh3l2rg\"><img loading=\"lazy\" decoding=\"async\" src=\"https:\/\/static.xx.fbcdn.net\/images\/emoji.php\/v9\/ta2\/1.5\/16\/1faf6.png\" alt=\"?\" width=\"16\" height=\"16\" \/>\u00a0 <\/span><a href=\"https:\/\/www.facebook.com\/covadonga2022cuadonga\/\">Fonte<\/a><\/div>\n<\/div>\n","protected":false},"excerpt":{"rendered":"<p>Cuadonga ye un llugar m\u00e1xicu y \u00fanicu que forma parte de la historia, y la so lleenda va ser el filu conductor de la esposici\u00f3n Cuadonga al travi\u00e9s del arte. La esposici\u00f3n va poder visitase a partir del 9 de setiembre na sala d\u2019esposiciones Sabadell-Herrero n\u2019Uvi\u00e9u. L\u2019oxetivu de la esposici\u00f3n ye dexar constancia al visitante [&hellip;]<\/p>\n","protected":false},"author":117,"featured_media":0,"comment_status":"open","ping_status":"open","sticky":false,"template":"","format":"standard","meta":{"footnotes":""},"categories":[89,14],"tags":[],"class_list":["post-14566","post","type-post","status-publish","format-standard","hentry","category-arte","category-esposiciones"],"_links":{"self":[{"href":"https:\/\/edublog.educastur.es\/ixuxu\/wp-json\/wp\/v2\/posts\/14566","targetHints":{"allow":["GET"]}}],"collection":[{"href":"https:\/\/edublog.educastur.es\/ixuxu\/wp-json\/wp\/v2\/posts"}],"about":[{"href":"https:\/\/edublog.educastur.es\/ixuxu\/wp-json\/wp\/v2\/types\/post"}],"author":[{"embeddable":true,"href":"https:\/\/edublog.educastur.es\/ixuxu\/wp-json\/wp\/v2\/users\/117"}],"replies":[{"embeddable":true,"href":"https:\/\/edublog.educastur.es\/ixuxu\/wp-json\/wp\/v2\/comments?post=14566"}],"version-history":[{"count":3,"href":"https:\/\/edublog.educastur.es\/ixuxu\/wp-json\/wp\/v2\/posts\/14566\/revisions"}],"predecessor-version":[{"id":14570,"href":"https:\/\/edublog.educastur.es\/ixuxu\/wp-json\/wp\/v2\/posts\/14566\/revisions\/14570"}],"wp:attachment":[{"href":"https:\/\/edublog.educastur.es\/ixuxu\/wp-json\/wp\/v2\/media?parent=14566"}],"wp:term":[{"taxonomy":"category","embeddable":true,"href":"https:\/\/edublog.educastur.es\/ixuxu\/wp-json\/wp\/v2\/categories?post=14566"},{"taxonomy":"post_tag","embeddable":true,"href":"https:\/\/edublog.educastur.es\/ixuxu\/wp-json\/wp\/v2\/tags?post=14566"}],"curies":[{"name":"wp","href":"https:\/\/api.w.org\/{rel}","templated":true}]}}