{"id":14571,"date":"2022-09-14T18:09:38","date_gmt":"2022-09-14T16:09:38","guid":{"rendered":"https:\/\/edublog.educastur.es\/ixuxu\/?p=14571"},"modified":"2022-09-14T18:16:28","modified_gmt":"2022-09-14T16:16:28","slug":"nochobre-entamal-nuevu-cursu-22-23-na-escuela-de-musica-tradicional-la-quintana","status":"publish","type":"post","link":"https:\/\/edublog.educastur.es\/ixuxu\/2022\/09\/nochobre-entamal-nuevu-cursu-22-23-na-escuela-de-musica-tradicional-la-quintana\/","title":{"rendered":"N&#8217;ochobre entama&#8217;l nuevu Cursu 22\/23 na Escuela de M\u00fasica Tradicional La Quintana"},"content":{"rendered":"<div dir=\"auto\" style=\"text-align: center\">\n<!-- iframe plugin v.6.0 wordpress.org\/plugins\/iframe\/ -->\n<iframe loading=\"lazy\" src=\"https:\/\/www.facebook.com\/plugins\/post.php?href=https%3A%2F%2Fwww.facebook.com%2Fpermalink.php%3Fstory_fbid%3Dpfbid0cbXG1wzWmtWXAh2fUXAdpaLjBsFSRVJQWKgrg6NF7V1enoSPC1iMU8cZghehoe4Al%26id%3D100063771413115&#038;show_text=false&#038;width=500\" width=\"500\" height=\"498\" style=\"border:none;overflow:hidden\" scrolling=\"no\" frameborder=\"0\" allowfullscreen=\"true\" allow=\"autoplay; clipboard-write; encrypted-media; picture-in-picture; web-share\" 0=\"\/iframe\" class=\"iframe-class\"><\/iframe>\n<\/div>\n<div dir=\"auto\"><\/div>\n<div class=\"l7ghb35v kjdc1dyq kmwttqpk gh25dzvf jikcssrz n3t5jt4f\">\n<div dir=\"auto\">Un bon garrapiellu de mayestres y mayestros, avezaos na pedagox\u00eda musical, congran experiencia , titulaos y profesionales, que fadr\u00e1n espoxigar ilusi\u00f3n, afici\u00f3n, t\u00e9cnica, repertoriu&#8230; y tolo necesario pa esfrutar cola m\u00fasica tradicional. Abiertu plazu de matriculaci\u00f3n.<\/div>\n<ul>\n<li><a href=\"https:\/\/www.facebook.com\/profile.php?id=100063771413115\">La Quintana<\/a><\/li>\n<\/ul>\n<\/div>\n","protected":false},"excerpt":{"rendered":"<p>Un bon garrapiellu de mayestres y mayestros, avezaos na pedagox\u00eda musical, congran experiencia , titulaos y profesionales, que fadr\u00e1n espoxigar ilusi\u00f3n, afici\u00f3n, t\u00e9cnica, repertoriu&#8230; y tolo necesario pa esfrutar cola m\u00fasica tradicional. Abiertu plazu de matriculaci\u00f3n. La Quintana<\/p>\n","protected":false},"author":117,"featured_media":0,"comment_status":"open","ping_status":"open","sticky":false,"template":"","format":"standard","meta":{"footnotes":""},"categories":[35],"tags":[],"class_list":["post-14571","post","type-post","status-publish","format-standard","hentry","category-musica"],"_links":{"self":[{"href":"https:\/\/edublog.educastur.es\/ixuxu\/wp-json\/wp\/v2\/posts\/14571","targetHints":{"allow":["GET"]}}],"collection":[{"href":"https:\/\/edublog.educastur.es\/ixuxu\/wp-json\/wp\/v2\/posts"}],"about":[{"href":"https:\/\/edublog.educastur.es\/ixuxu\/wp-json\/wp\/v2\/types\/post"}],"author":[{"embeddable":true,"href":"https:\/\/edublog.educastur.es\/ixuxu\/wp-json\/wp\/v2\/users\/117"}],"replies":[{"embeddable":true,"href":"https:\/\/edublog.educastur.es\/ixuxu\/wp-json\/wp\/v2\/comments?post=14571"}],"version-history":[{"count":3,"href":"https:\/\/edublog.educastur.es\/ixuxu\/wp-json\/wp\/v2\/posts\/14571\/revisions"}],"predecessor-version":[{"id":14574,"href":"https:\/\/edublog.educastur.es\/ixuxu\/wp-json\/wp\/v2\/posts\/14571\/revisions\/14574"}],"wp:attachment":[{"href":"https:\/\/edublog.educastur.es\/ixuxu\/wp-json\/wp\/v2\/media?parent=14571"}],"wp:term":[{"taxonomy":"category","embeddable":true,"href":"https:\/\/edublog.educastur.es\/ixuxu\/wp-json\/wp\/v2\/categories?post=14571"},{"taxonomy":"post_tag","embeddable":true,"href":"https:\/\/edublog.educastur.es\/ixuxu\/wp-json\/wp\/v2\/tags?post=14571"}],"curies":[{"name":"wp","href":"https:\/\/api.w.org\/{rel}","templated":true}]}}