{"id":14671,"date":"2022-10-03T11:14:14","date_gmt":"2022-10-03T09:14:14","guid":{"rendered":"https:\/\/edublog.educastur.es\/ixuxu\/?p=14671"},"modified":"2022-10-09T14:17:06","modified_gmt":"2022-10-09T12:17:06","slug":"14671","status":"publish","type":"post","link":"https:\/\/edublog.educastur.es\/ixuxu\/2022\/10\/14671\/","title":{"rendered":"El 3 d&#8217;Ochobre de 1835, en N\u00faremberg, Alema\u00f1a, nac\u00eda \u00abStaedtler\u00bb"},"content":{"rendered":"<p style=\"text-align: center\">\n<!-- iframe plugin v.6.0 wordpress.org\/plugins\/iframe\/ -->\n<iframe loading=\"lazy\" src=\"https:\/\/www.facebook.com\/plugins\/post.php?href=https%3A%2F%2Fwww.facebook.com%2Fpermalink.php%3Fstory_fbid%3Dpfbid0RQig8fDn33mXKwHTyVeEWX3B2U9XJuW3KKeMgFLmgtgcNrXQyx73HrJ4yoxLnckZl%26id%3D1454724821425741&#038;show_text=false&#038;width=500\" width=\"500\" height=\"405\" style=\"border:none;overflow:hidden\" scrolling=\"no\" frameborder=\"0\" allowfullscreen=\"true\" allow=\"autoplay; clipboard-write; encrypted-media; picture-in-picture; web-share\" 0=\"\/iframe\" class=\"iframe-class\"><\/iframe>\n<\/p>\n<p>El 3 d&#8217;Ochobre de 1835, en *N\u00faremberg, Alema\u00f1a, nac\u00eda una de les marques mas reconoc\u00edes del mundu xenerando una de les rivalidaes empresariales mas encarnizadas de la hestoria, esi d\u00eda cre\u00e1base \u00abStaedtler\u00bb.<\/p>\n<p><!--more--><\/p>\n<p>En 1662 un mozu carpinteru llam\u00e1u Friedrich Staedtler, f\u00edxose conoc\u00edu por fabricar ll\u00e1pices de grafitu con gran calid\u00e1, en 1835 el so descendiente Johann Sebastian Staedtler decidi\u00f3 retomar ese oficio y el 3 d&#8217;Ochobre fund\u00f3 formalmente la empresa \u00abStaedtler\u00bb. Los sos escelentes productos de Carboncillo y ll\u00e1pices pastel dieron un duru golpe a la vecina y y\u00e1 consolidada \u00abFaber-Castell\u00bb.<\/p>\n<p>Escontra fines del sieglu XIX y\u00e1 fabricaba mas de 2 millones de ll\u00e1pices al a\u00f1u xenerando envidies de los sos colegues. Faber- Castell\u00bb yera rellacionada cola tradici\u00f3n y el luxu, Staedtler cola innovaci\u00f3n y la tecnolox\u00eda, gracies a esta rivalid\u00e1 benefici\u00f3se&#8217;l consumidor que recib\u00eda acald\u00eda meyores productos. En 1920 la subsidiaria de Faber nos EEXX tien un pleitu y dix\u00e9brase en dos, una independiente y otra subsidiaria de la casa matriz alemana surd\u00eden la Eberhard Faber y la John Faber. Staedtler esp\u00e1ndese y crea les marques \u00abMars\u00bb y \u00abNoris\u00bb, am\u00e1s d&#8217;incursionar n&#8217;elementos modernos para&#8217;l dibuxu t\u00e9cnicu fundando la multinacional \u00abMars Pencil and Fountain Pen Factory\u00bb.<\/p>\n<p>En 1978 Staedtler fai una xugada deslleal y merca los derechos a Eberhard Faber xenerando un falsu tercer competidor confundiendo a los fan\u00e1ticos de \u00abFaber-Castell\u00bb. En 2009 los directivos de Steadtler deciden revertir esta deshonrosa actit\u00fa y ufierten al conde Anton-Wolfgang von Faber-Castell que retome&#8217;l control de la Eberhard Faber poniendo fin a 180 a\u00f1os de competencia n&#8217;Alema\u00f1a, y\u00e1 nun la precisaben, ente dambes empreses y\u00e1 apoderaben el mundu.<\/p>\n","protected":false},"excerpt":{"rendered":"<p>El 3 d&#8217;Ochobre de 1835, en *N\u00faremberg, Alema\u00f1a, nac\u00eda una de les marques mas reconoc\u00edes del mundu xenerando una de les rivalidaes empresariales mas encarnizadas de la hestoria, esi d\u00eda cre\u00e1base \u00abStaedtler\u00bb.<\/p>\n","protected":false},"author":117,"featured_media":0,"comment_status":"open","ping_status":"open","sticky":false,"template":"","format":"standard","meta":{"footnotes":""},"categories":[25],"tags":[],"class_list":["post-14671","post","type-post","status-publish","format-standard","hentry","category-curiosidaes"],"_links":{"self":[{"href":"https:\/\/edublog.educastur.es\/ixuxu\/wp-json\/wp\/v2\/posts\/14671","targetHints":{"allow":["GET"]}}],"collection":[{"href":"https:\/\/edublog.educastur.es\/ixuxu\/wp-json\/wp\/v2\/posts"}],"about":[{"href":"https:\/\/edublog.educastur.es\/ixuxu\/wp-json\/wp\/v2\/types\/post"}],"author":[{"embeddable":true,"href":"https:\/\/edublog.educastur.es\/ixuxu\/wp-json\/wp\/v2\/users\/117"}],"replies":[{"embeddable":true,"href":"https:\/\/edublog.educastur.es\/ixuxu\/wp-json\/wp\/v2\/comments?post=14671"}],"version-history":[{"count":3,"href":"https:\/\/edublog.educastur.es\/ixuxu\/wp-json\/wp\/v2\/posts\/14671\/revisions"}],"predecessor-version":[{"id":14674,"href":"https:\/\/edublog.educastur.es\/ixuxu\/wp-json\/wp\/v2\/posts\/14671\/revisions\/14674"}],"wp:attachment":[{"href":"https:\/\/edublog.educastur.es\/ixuxu\/wp-json\/wp\/v2\/media?parent=14671"}],"wp:term":[{"taxonomy":"category","embeddable":true,"href":"https:\/\/edublog.educastur.es\/ixuxu\/wp-json\/wp\/v2\/categories?post=14671"},{"taxonomy":"post_tag","embeddable":true,"href":"https:\/\/edublog.educastur.es\/ixuxu\/wp-json\/wp\/v2\/tags?post=14671"}],"curies":[{"name":"wp","href":"https:\/\/api.w.org\/{rel}","templated":true}]}}