{"id":14680,"date":"2022-10-09T21:05:45","date_gmt":"2022-10-09T19:05:45","guid":{"rendered":"https:\/\/edublog.educastur.es\/ixuxu\/?p=14680"},"modified":"2022-10-10T11:37:20","modified_gmt":"2022-10-10T09:37:20","slug":"ella-ye-nieve-la-nacaru-mas-antigua-deuropa-que-revela-como-yeren-los-embaranzos-fai-10000-an","status":"publish","type":"post","link":"https:\/\/edublog.educastur.es\/ixuxu\/2022\/10\/ella-ye-nieve-la-nacaru-mas-antigua-deuropa-que-revela-como-yeren-los-embaranzos-fai-10000-an\/","title":{"rendered":"Ella ye \u2018Nieve\u2019, la \u00f1\u00e1caru m\u00e1s antigua d&#8217;Europa"},"content":{"rendered":"<ul>\n<li><a href=\"https:\/\/www.ngenespanol.com\/historia\/como-eran-los-embarazos-prehistoricos\/?fbclid=IwAR2eiMF83NqxqzAZ3A96ckRSfWtjjdBXpAxQb3VAzmIw2e0UThuwiY-kTUM\">Fonte: NG en espa\u00f1ol<\/a><\/li>\n<\/ul>\n<p>Ella ye \u2018Nieve\u2019, la \u00f1\u00e1caru m\u00e1s antigua d&#8217;Europa que revela c\u00f3mo yeren los embaranzos fai 10,000 a\u00f1os<\/p>\n<p><img loading=\"lazy\" decoding=\"async\" class=\"alignnone size-full\" src=\"https:\/\/www.ngenespanol.com\/wp-content\/uploads\/2022\/10\/embarazos-prehistoricos.jpeg\" width=\"1024\" height=\"415\" \/><\/p>\n<p style=\"text-align: center\"><em>Reconstrucci\u00f3n art\u00edstica del antiguu entierru infantil.\u00a0<\/em><br \/>\nCreitu: Mauro Cutrona<\/p>\n<p style=\"text-align: center\">L&#8217;afayu de \u2018Nieve\u2019, la \u00f1\u00e1caru m\u00e1s antigua atopada n&#8217;Europa, revela c\u00f3mo les muyeres llevaben los embaranzos prehist\u00f3ricos cuando empecipi\u00f3 l&#8217;agricultura.<\/p>\n<p><!--more--><\/p>\n<p>El cuerpu de Nieve soterraose con una tela afatada con conchitas. Al morrer, la so madre llevola&#8217;l\u00a0 barganal del so senu, nun cabestrillo especial para cargar \u00f1\u00e1caros naciellos. A partir d&#8217;ello, un equipu de cient\u00edficos afay\u00f3 que, fai 10 mil a\u00f1os, los Homo sapiens y\u00e1 ten\u00eden curiaos especiales para les muyeres en periodu de xestaci\u00f3n. Asina se llevaben los embaranzos prehist\u00f3ricos.<\/p>\n<p>Los entierros infantiles tan antiguos son desaxeradamente raros, detallen los autores del estudiu. A partir de los sos dientes, <strong>los investigadores determinaron que ye la \u00f1\u00e1caru m\u00e1s antiguu d&#8217;Europa<\/strong>. El casu de \u2018Nieve\u2019 foi escepcional porque, am\u00e1s, calt\u00favose la tela cola que&#8217;l \u00f1\u00e1caru foi envolubrada. Esto foi lo qu&#8217;atoparon.<\/p>\n<p>\u00bfC\u00f3mo yeren los embaranzos mientres la Prehistoria?<\/p>\n<p>Alredor del empiezu de l&#8217;agricultura, los Homo sapiens empezaben a tener considerancies especiales para los embaranzos prehist\u00f3ricos. Nel casu de Nieve, por casu, s\u00e1bese que los miembros de la comunid\u00e1 cargaren con un cabestrillo mientres la so curtia vida. Y lo que ye m\u00e1s: soterraronla de manera ritual, con delles cuentes alredor de la tumba.<\/p>\n<p>El cuidu y detalle colos que foi soterrada suxuren que Nieve foi bien querida polos sos familiares y seres cercanos, espliquen los cient\u00edficos. Anque nun se caltien la envoltura orixinal, les perforaciones que se fixeron nes conches indiquen que daqui\u00e9n les enart\u00f3 para coseles a un treme m\u00e1s complexu, que riqui\u00f3 hores de trabayu.<\/p>\n<p style=\"text-align: center\"><a href=\"https:\/\/www.ngenespanol.com\/wp-content\/uploads\/2022\/10\/como-eran-los-embarazos-prehistoricos.jpg\"><img loading=\"lazy\" decoding=\"async\" class=\"alignnone\" src=\"https:\/\/www.ngenespanol.com\/wp-content\/uploads\/2022\/10\/como-eran-los-embarazos-prehistoricos.jpg\" alt=\"\" width=\"685\" height=\"972\" \/><\/a><\/p>\n<p>Una ilustraci\u00f3n del entierru de \u2018Nieve\u2019, qu&#8217;amuesa al \u00f1\u00e1caru envueltu nun cabestrillo afat\u00e1u con conches. | Creitu: Mauro Cutrona<\/p>\n<p>Los investigadores piensen que la cobertoria de Nieve podr\u00eda venir de tela especial para \u00f1\u00e1caros, o de la ropa interior de dalg\u00fan de los miembros de la comunid\u00e1. Acordies con l&#8217;antrop\u00f3loga Claudine Gravel-Miguel, de la Universid\u00e1 Estatal d&#8217;Arizona, el cabestrillo col que s&#8217;arrop\u00f3 a Nieve usense dende muncho primero de qu&#8217;ella naciera:<\/p>\n<p>\u00abLes resultancies del estudiu suxuren que los miembros de la comunid\u00e1 del \u00f1\u00e1caru usaron les cuentes mientres un per\u00edodu considerable antes de coseles nun cabestrillo, posiblemente pa caltener al \u00f1\u00e1caru cerca de los padres mientres dexaben la so movilid\u00e1, como se ve en dellos modernos. grupos de pa\u00f1adores\u00bb, escriben pa Journal of Archaeological Method and Theory.<\/p>\n<p>Xeneralmente, esti tipu d&#8217;adornos acomu\u00f1ase al x\u00e9neru, estatus ya identid\u00e1 del \u00f1\u00e1caru. Sicas\u00ed, seg\u00fan documenta Science Alert, los autores nun refuguen que pudiera \u00abser una forma de protecci\u00f3n espiritual\u00bb. Por ello, los autores suponen qu&#8217;\u00e9sta ye una de les primeres evidencies de cuidu infantil que se tienen na hestoria.<\/p>\n","protected":false},"excerpt":{"rendered":"<p>Fonte: NG en espa\u00f1ol Ella ye \u2018Nieve\u2019, la \u00f1\u00e1caru m\u00e1s antigua d&#8217;Europa que revela c\u00f3mo yeren los embaranzos fai 10,000 a\u00f1os Reconstrucci\u00f3n art\u00edstica del antiguu entierru infantil.\u00a0 Creitu: Mauro Cutrona L&#8217;afayu de \u2018Nieve\u2019, la \u00f1\u00e1caru m\u00e1s antigua atopada n&#8217;Europa, revela c\u00f3mo les muyeres llevaben los embaranzos prehist\u00f3ricos cuando empecipi\u00f3 l&#8217;agricultura.<\/p>\n","protected":false},"author":117,"featured_media":0,"comment_status":"open","ping_status":"open","sticky":false,"template":"","format":"standard","meta":{"footnotes":""},"categories":[25],"tags":[],"class_list":["post-14680","post","type-post","status-publish","format-standard","hentry","category-curiosidaes"],"_links":{"self":[{"href":"https:\/\/edublog.educastur.es\/ixuxu\/wp-json\/wp\/v2\/posts\/14680","targetHints":{"allow":["GET"]}}],"collection":[{"href":"https:\/\/edublog.educastur.es\/ixuxu\/wp-json\/wp\/v2\/posts"}],"about":[{"href":"https:\/\/edublog.educastur.es\/ixuxu\/wp-json\/wp\/v2\/types\/post"}],"author":[{"embeddable":true,"href":"https:\/\/edublog.educastur.es\/ixuxu\/wp-json\/wp\/v2\/users\/117"}],"replies":[{"embeddable":true,"href":"https:\/\/edublog.educastur.es\/ixuxu\/wp-json\/wp\/v2\/comments?post=14680"}],"version-history":[{"count":2,"href":"https:\/\/edublog.educastur.es\/ixuxu\/wp-json\/wp\/v2\/posts\/14680\/revisions"}],"predecessor-version":[{"id":14682,"href":"https:\/\/edublog.educastur.es\/ixuxu\/wp-json\/wp\/v2\/posts\/14680\/revisions\/14682"}],"wp:attachment":[{"href":"https:\/\/edublog.educastur.es\/ixuxu\/wp-json\/wp\/v2\/media?parent=14680"}],"wp:term":[{"taxonomy":"category","embeddable":true,"href":"https:\/\/edublog.educastur.es\/ixuxu\/wp-json\/wp\/v2\/categories?post=14680"},{"taxonomy":"post_tag","embeddable":true,"href":"https:\/\/edublog.educastur.es\/ixuxu\/wp-json\/wp\/v2\/tags?post=14680"}],"curies":[{"name":"wp","href":"https:\/\/api.w.org\/{rel}","templated":true}]}}