{"id":14687,"date":"2022-10-04T10:13:12","date_gmt":"2022-10-04T08:13:12","guid":{"rendered":"https:\/\/edublog.educastur.es\/ixuxu\/?p=14687"},"modified":"2022-10-09T21:19:08","modified_gmt":"2022-10-09T19:19:08","slug":"14687","status":"publish","type":"post","link":"https:\/\/edublog.educastur.es\/ixuxu\/2022\/10\/14687\/","title":{"rendered":"D\u00eda Mundial de los Animales"},"content":{"rendered":"<p style=\"text-align: center\">\n<!-- iframe plugin v.6.0 wordpress.org\/plugins\/iframe\/ -->\n<iframe loading=\"lazy\" src=\"https:\/\/www.facebook.com\/plugins\/post.php?href=https%3A%2F%2Fwww.facebook.com%2Finaciu%2Fposts%2Fpfbid02XgPTQKb85A9LVKvZUJEYSqLLP4dwPPHnP38YDEBE4TNhjWz9zFvzqfeDg5yFEYvbl&#038;show_text=true&#038;width=500\" width=\"500\" height=\"609\" style=\"border:none;overflow:hidden\" scrolling=\"no\" frameborder=\"0\" allowfullscreen=\"true\" allow=\"autoplay; clipboard-write; encrypted-media; picture-in-picture; web-share\" 0=\"\/iframe\" class=\"iframe-class\"><\/iframe>\n<\/p>\n<ul>\n<li><a href=\"https:\/\/www.diainternacionalde.com\/ficha\/dia-mundial-de-los-animales\">D\u00eda Mundial de los Animales<\/a>\/<\/li>\n<\/ul>\n<p><!--more--><\/p>\n<p>Cel\u00e9brase: 4 d&#8217;ochobre de 2022<br \/>\nProclama: Organizaci\u00f3n Mundial de Protecci\u00f3n Animal<br \/>\nDende cuando se celebra: 1929<\/p>\n<p>\u00bfQu\u00e9 ye&#8217;l D\u00eda Mundial de los Animales? El 4 d&#8217;ochobre celebra&#8217;l D\u00eda Mundial de los Animales, una fecha promovida pola Organizaci\u00f3n Mundial de Protecci\u00f3n Animal, coles mires de frenar la estinci\u00f3n de munches especies.<\/p>\n<p>\u00bfPor qu\u00e9 celebra&#8217;l D\u00eda Mundial de los Animales? Escoy\u00f3se esti d\u00eda en particular por coincidir col santu de los animales San Francisco de Garr\u00e1is, qui\u00e9n en vida considero que tolos seres qu&#8217;habitamos la tierra somos criatures de Dios.<\/p>\n<p style=\"text-align: center\">\n<!-- iframe plugin v.6.0 wordpress.org\/plugins\/iframe\/ -->\n<iframe loading=\"lazy\" width=\"665\" height=\"374\" src=\"https:\/\/www.youtube.com\/embed\/GorsAoXNrSo\" 0=\"\/iframe\" scrolling=\"yes\" class=\"iframe-class\" frameborder=\"0\"><\/iframe>\n<\/p>\n<p>Nel a\u00f1u 1980 el Papa Juan Pablo II, declar\u00f3 a San Francisco de Garr\u00e1is patronu de los animales, acci\u00f3n que populariz\u00f3 la celebraci\u00f3n d&#8217;esti d\u00eda, porque cada a\u00f1u, millones de cat\u00f3licos rex\u00fantense xuntu coles sos mascotes nes ilesies por que estes reciban la Bendici\u00f3n de les Mascotes.<\/p>\n<blockquote><p>All\u00e1 pel a\u00f1u 1200, cuando San Francisco de Garr\u00e1is yera malapenes un rapazu, \u00e9l dixo \u00abque tenemos d&#8217;entender cu\u00e1l ye&#8217;l nuesu llugar na Tierra, una y bones el nuesu bienestar ta conect\u00e1u al bienestar de tolos animales y el mediu ambiente\u00bb.<\/p><\/blockquote>\n<p>Les sos palabres, nun fueron entend\u00edes pa nada naquella d\u00f3mina, pero angua\u00f1o tolos seres humanos sabemos a ciencia cierta, cuan sabia y premonitoria, foi aquella frase.<\/p>\n<p style=\"text-align: center\"><a href=\"https:\/\/www.diainternacionalde.com\/imagenes\/dias\/octubre\/10-04_dia-mundial-de-los-animales_gato_m.jpg\"><img loading=\"lazy\" decoding=\"async\" class=\"alignnone\" src=\"https:\/\/www.diainternacionalde.com\/imagenes\/dias\/octubre\/10-04_dia-mundial-de-los-animales_gato_m.jpg\" alt=\"\" width=\"650\" height=\"396\" \/><\/a><\/p>\n<p>La meyor forma de celebrar esti d\u00eda, ye respetando a tolos seres vivos que conviven con n\u00f3s nel planeta. Tami\u00e9n asistiendo o realizando actividaes educatives que promuevan nes xeneraciones m\u00e1s nueves un sanu inter\u00e9s polos animales.<\/p>\n<p>Otra escelente manera, ye compartiendo mensaxes que sensibilicen y concencien al restu de los usuarios d&#8217;Internet, sobro los seres peludos, con plumes o escames, que viven al nuesu alredor, pero que nun cunten con conex\u00f3n wifi pa llevantar la so voz a favor de los sos derechos.<\/p>\n","protected":false},"excerpt":{"rendered":"<p>D\u00eda Mundial de los Animales\/<\/p>\n","protected":false},"author":117,"featured_media":0,"comment_status":"open","ping_status":"open","sticky":false,"template":"","format":"standard","meta":{"footnotes":""},"categories":[6],"tags":[],"class_list":["post-14687","post","type-post","status-publish","format-standard","hentry","category-dia-de"],"_links":{"self":[{"href":"https:\/\/edublog.educastur.es\/ixuxu\/wp-json\/wp\/v2\/posts\/14687","targetHints":{"allow":["GET"]}}],"collection":[{"href":"https:\/\/edublog.educastur.es\/ixuxu\/wp-json\/wp\/v2\/posts"}],"about":[{"href":"https:\/\/edublog.educastur.es\/ixuxu\/wp-json\/wp\/v2\/types\/post"}],"author":[{"embeddable":true,"href":"https:\/\/edublog.educastur.es\/ixuxu\/wp-json\/wp\/v2\/users\/117"}],"replies":[{"embeddable":true,"href":"https:\/\/edublog.educastur.es\/ixuxu\/wp-json\/wp\/v2\/comments?post=14687"}],"version-history":[{"count":4,"href":"https:\/\/edublog.educastur.es\/ixuxu\/wp-json\/wp\/v2\/posts\/14687\/revisions"}],"predecessor-version":[{"id":14691,"href":"https:\/\/edublog.educastur.es\/ixuxu\/wp-json\/wp\/v2\/posts\/14687\/revisions\/14691"}],"wp:attachment":[{"href":"https:\/\/edublog.educastur.es\/ixuxu\/wp-json\/wp\/v2\/media?parent=14687"}],"wp:term":[{"taxonomy":"category","embeddable":true,"href":"https:\/\/edublog.educastur.es\/ixuxu\/wp-json\/wp\/v2\/categories?post=14687"},{"taxonomy":"post_tag","embeddable":true,"href":"https:\/\/edublog.educastur.es\/ixuxu\/wp-json\/wp\/v2\/tags?post=14687"}],"curies":[{"name":"wp","href":"https:\/\/api.w.org\/{rel}","templated":true}]}}