{"id":14707,"date":"2022-10-12T11:19:14","date_gmt":"2022-10-12T09:19:14","guid":{"rendered":"https:\/\/edublog.educastur.es\/ixuxu\/?p=14707"},"modified":"2022-10-12T11:29:09","modified_gmt":"2022-10-12T09:29:09","slug":"xixon-open-atp-250","status":"publish","type":"post","link":"https:\/\/edublog.educastur.es\/ixuxu\/2022\/10\/xixon-open-atp-250\/","title":{"rendered":"Xix\u00f3n Open ATP 250"},"content":{"rendered":"<p style=\"text-align: center\"><img loading=\"lazy\" decoding=\"async\" class=\"alignnone size-full\" src=\"https:\/\/www.rfet.es\/web\/assets\/img\/logo-rfet.svg\" width=\"232\" height=\"146\" \/><\/p>\n<p style=\"text-align: center\"><a href=\"https:\/\/www.gijonopen.com\/media\/image\/slider\/2_Foto_es.1663067081.png\"><img loading=\"lazy\" decoding=\"async\" class=\"alignnone\" src=\"https:\/\/www.gijonopen.com\/media\/image\/slider\/2_Foto_es.1663067081.png\" alt=\"\" width=\"1400\" height=\"933\" \/><\/a><\/p>\n<ul>\n<li><span style=\"color: #008080\"><strong>Gij\u00f3n Open ATP 250<\/strong><\/span>:<a href=\"https:\/\/www.gijonopen.com\/\"> web<\/a> \/ Facebook \/<\/li>\n<li><a href=\"https:\/\/www.rfet.es\/\">RFETenis<\/a> \/<\/li>\n<\/ul>\n<p><!--more--><\/p>\n<p style=\"text-align: center\"><a href=\"https:\/\/static1.elcomercio.es\/www\/multimedia\/202210\/11\/media\/GALERIA-open\/open%20%283%29.jpg\"><img loading=\"lazy\" decoding=\"async\" class=\"alignnone\" src=\"https:\/\/static1.elcomercio.es\/www\/multimedia\/202210\/11\/media\/GALERIA-open\/open%20%283%29.jpg\" alt=\"\" width=\"1374\" height=\"916\" \/><\/a><\/p>\n<ul>\n<li><a href=\"https:\/\/www.elcomercio.es\/deportes\/tenis\/renacido-murray-deslumbra-debut-gijon-open-20221012002614-ntvo.html\">El renac\u00edu Murray eslluma \u00e9nte Davidovich nel so deb\u00fa en Xix\u00f3n<\/a>. <a href=\"https:\/\/www.elcomercio.es\/deportes\/tenis\/mejores-imagenes-jornada-gijon-atp-tenis-20221011225953-ga.html\"><strong>Galer\u00eda.<\/strong><\/a><\/li>\n<\/ul>\n<p style=\"text-align: center\"><a href=\"https:\/\/estaticos-cdn.prensaiberica.es\/clip\/ba65e0dc-e75e-4760-894e-98db9238f0d3_16-9-discover-aspect-ratio_default_0.jpg\"><img loading=\"lazy\" decoding=\"async\" class=\"alignnone\" src=\"https:\/\/estaticos-cdn.prensaiberica.es\/clip\/ba65e0dc-e75e-4760-894e-98db9238f0d3_16-9-discover-aspect-ratio_default_0.jpg\" alt=\"\" width=\"770\" height=\"433\" \/><\/a><\/p>\n<p>El medallista ol\u00edmpicu Pablo Carrero, cabeza de serie n\u00famero dos del <span style=\"color: #008080\"><strong>Xix\u00f3n Open ATP 250<\/strong><\/span>, asegur\u00f3 g\u00fcei qu&#8217;esti torn\u00e9u ufierta \u00abbien d&#8217;alicientes\u00bb pol nivel de participantes, y confes\u00f3 que para \u00e9l ye un sua\u00f1u xugar na so casa, daqu\u00e9 que \u00abnunca podr\u00eda imaxinar\u00bb porque enxam\u00e1s pens\u00f3 que Xix\u00f3n podr\u00eda aspirar a allugar esta competici\u00f3n. <a href=\"https:\/\/www.lne.es\/deportes\/deporte-astur\/2022\/10\/10\/carreno-sentire-presion-jugar-casa-77083034.html\">LNE<\/a><\/p>\n","protected":false},"excerpt":{"rendered":"<p>Gij\u00f3n Open ATP 250: web \/ Facebook \/ RFETenis \/<\/p>\n","protected":false},"author":117,"featured_media":0,"comment_status":"open","ping_status":"open","sticky":false,"template":"","format":"standard","meta":{"footnotes":""},"categories":[133],"tags":[],"class_list":["post-14707","post","type-post","status-publish","format-standard","hentry","category-deportes"],"_links":{"self":[{"href":"https:\/\/edublog.educastur.es\/ixuxu\/wp-json\/wp\/v2\/posts\/14707","targetHints":{"allow":["GET"]}}],"collection":[{"href":"https:\/\/edublog.educastur.es\/ixuxu\/wp-json\/wp\/v2\/posts"}],"about":[{"href":"https:\/\/edublog.educastur.es\/ixuxu\/wp-json\/wp\/v2\/types\/post"}],"author":[{"embeddable":true,"href":"https:\/\/edublog.educastur.es\/ixuxu\/wp-json\/wp\/v2\/users\/117"}],"replies":[{"embeddable":true,"href":"https:\/\/edublog.educastur.es\/ixuxu\/wp-json\/wp\/v2\/comments?post=14707"}],"version-history":[{"count":4,"href":"https:\/\/edublog.educastur.es\/ixuxu\/wp-json\/wp\/v2\/posts\/14707\/revisions"}],"predecessor-version":[{"id":14714,"href":"https:\/\/edublog.educastur.es\/ixuxu\/wp-json\/wp\/v2\/posts\/14707\/revisions\/14714"}],"wp:attachment":[{"href":"https:\/\/edublog.educastur.es\/ixuxu\/wp-json\/wp\/v2\/media?parent=14707"}],"wp:term":[{"taxonomy":"category","embeddable":true,"href":"https:\/\/edublog.educastur.es\/ixuxu\/wp-json\/wp\/v2\/categories?post=14707"},{"taxonomy":"post_tag","embeddable":true,"href":"https:\/\/edublog.educastur.es\/ixuxu\/wp-json\/wp\/v2\/tags?post=14707"}],"curies":[{"name":"wp","href":"https:\/\/api.w.org\/{rel}","templated":true}]}}