{"id":14711,"date":"2022-10-12T11:24:13","date_gmt":"2022-10-12T09:24:13","guid":{"rendered":"https:\/\/edublog.educastur.es\/ixuxu\/?p=14711"},"modified":"2022-10-12T11:29:57","modified_gmt":"2022-10-12T09:29:57","slug":"la-collecha-de-sidra-va-ser-escasa","status":"publish","type":"post","link":"https:\/\/edublog.educastur.es\/ixuxu\/2022\/10\/la-collecha-de-sidra-va-ser-escasa\/","title":{"rendered":"\u00abLa collecha de sidra va ser escasa\u00bb"},"content":{"rendered":"<ul>\n<li><a href=\"https:\/\/www.lne.es\/centro\/2022\/10\/12\/llagares-primeras-manzanas-ano-cosecha-77145226.html\">LNE<\/a> \/<\/li>\n<\/ul>\n<p>Los llagares, coles primeres mazanes del a\u00f1u: \u00abLa collecha de sidra va ser escasa\u00bb. La vecer\u00eda not\u00f3se nes pumaraes y la producci\u00f3n acoyida a la Denominaci\u00f3n va ser bien inferior a los 6,1 millones de llitros de 2021.<\/p>\n<p style=\"text-align: center\"><a href=\"https:\/\/estaticos-cdn.prensaiberica.es\/clip\/4dd98636-6141-45fe-81b7-316ce8e751dd_21-9-aspect-ratio_default_0.jpg\"><img loading=\"lazy\" decoding=\"async\" class=\"alignnone\" src=\"https:\/\/estaticos-cdn.prensaiberica.es\/clip\/4dd98636-6141-45fe-81b7-316ce8e751dd_21-9-aspect-ratio_default_0.jpg\" alt=\"\" width=\"1280\" height=\"548\" \/><\/a><\/p>\n<p>&nbsp;<\/p>\n","protected":false},"excerpt":{"rendered":"<p>LNE \/ Los llagares, coles primeres mazanes del a\u00f1u: \u00abLa collecha de sidra va ser escasa\u00bb. La vecer\u00eda not\u00f3se nes pumaraes y la producci\u00f3n acoyida a la Denominaci\u00f3n va ser bien inferior a los 6,1 millones de llitros de 2021. &nbsp;<\/p>\n","protected":false},"author":117,"featured_media":0,"comment_status":"open","ping_status":"open","sticky":false,"template":"","format":"standard","meta":{"footnotes":""},"categories":[138],"tags":[],"class_list":["post-14711","post","type-post","status-publish","format-standard","hentry","category-alimentos"],"_links":{"self":[{"href":"https:\/\/edublog.educastur.es\/ixuxu\/wp-json\/wp\/v2\/posts\/14711","targetHints":{"allow":["GET"]}}],"collection":[{"href":"https:\/\/edublog.educastur.es\/ixuxu\/wp-json\/wp\/v2\/posts"}],"about":[{"href":"https:\/\/edublog.educastur.es\/ixuxu\/wp-json\/wp\/v2\/types\/post"}],"author":[{"embeddable":true,"href":"https:\/\/edublog.educastur.es\/ixuxu\/wp-json\/wp\/v2\/users\/117"}],"replies":[{"embeddable":true,"href":"https:\/\/edublog.educastur.es\/ixuxu\/wp-json\/wp\/v2\/comments?post=14711"}],"version-history":[{"count":3,"href":"https:\/\/edublog.educastur.es\/ixuxu\/wp-json\/wp\/v2\/posts\/14711\/revisions"}],"predecessor-version":[{"id":14715,"href":"https:\/\/edublog.educastur.es\/ixuxu\/wp-json\/wp\/v2\/posts\/14711\/revisions\/14715"}],"wp:attachment":[{"href":"https:\/\/edublog.educastur.es\/ixuxu\/wp-json\/wp\/v2\/media?parent=14711"}],"wp:term":[{"taxonomy":"category","embeddable":true,"href":"https:\/\/edublog.educastur.es\/ixuxu\/wp-json\/wp\/v2\/categories?post=14711"},{"taxonomy":"post_tag","embeddable":true,"href":"https:\/\/edublog.educastur.es\/ixuxu\/wp-json\/wp\/v2\/tags?post=14711"}],"curies":[{"name":"wp","href":"https:\/\/api.w.org\/{rel}","templated":true}]}}