{"id":14722,"date":"2022-10-12T12:01:11","date_gmt":"2022-10-12T10:01:11","guid":{"rendered":"https:\/\/edublog.educastur.es\/ixuxu\/?p=14722"},"modified":"2022-10-12T12:01:11","modified_gmt":"2022-10-12T10:01:11","slug":"circulu-maxicu-cuentos-nasturianu","status":"publish","type":"post","link":"https:\/\/edublog.educastur.es\/ixuxu\/2022\/10\/circulu-maxicu-cuentos-nasturianu\/","title":{"rendered":"C\u00edrculu M\u00e1xicu: cuentos n&#8217;asturianu"},"content":{"rendered":"<div class=\"voc-img-container\">\n<div class=\"voc-horizontal voc-img-icon-link\"><img loading=\"lazy\" decoding=\"async\" class=\"lazy aligncenter\" src=\"https:\/\/canales.elcomercio.es\/circulu-maxicu\/imagenes\/circulu-maxicu.jpg\" alt=\"C\u00edrculu M\u00e1xicu\" width=\"425\" height=\"425\" data-original=\"imagenes\/circulu-maxicu.jpg\" \/><\/div>\n<\/div>\n<div class=\"voc-info-container\">\n<h2 class=\"voc-sub-title\">Un cuentu ye una ferramienta escepcional pa educar. Los ne\u00f1os pueden sintise dientro la hestoria y desenvuelve la so imaxinaci\u00f3n.<\/h2>\n<p class=\"voc-paragraph\">EL COMERCIO prop\u00f3n esta serie de &#8216;podcasts&#8217; pa la reciella n&#8217;asturianu como ferramienta educativa. Un formatu d&#8217;audio mirau a compartir cuentos y\u00e1 fechos por autores asturianos y completaos con actividaes de comprensi\u00f3n qu&#8217;ayuden a los rapacinos y rapacines a interiorizar la hestoria del cuentu y de la llingua asturiana.<\/p>\n<ul>\n<li><a href=\"https:\/\/edublog.educastur.es\/ixuxu\/cuentos\/circulu-maxicu-cuentos-nasturianu\/\"><span style=\"color: #008080;font-size: 20px\"><strong>ENLACE CUENTOS<\/strong><\/span><\/a><\/li>\n<\/ul>\n<\/div>\n<p><!--more--><\/p>\n<div class=\"voc-radar__grid voc-grid voc-grid--4-cols\">\n<div class=\"voc-grid__col\">\n<div class=\"voc-article-container\">\n<article class=\"voc-article voc-article--s-radar voc-article--photo-top voc-article--photo-top--left-xs \">\n<div class=\"voc-info-container\">\n<div class=\"voc-info-container__wrapper\">\n<p><span class=\"voc-prev-title\">Cuentu 1<\/span><\/p>\n<h3 class=\"voc-title\"><a href=\"https:\/\/canales.elcomercio.es\/circulu-maxicu\/lena-en-pueblu.html\">Lena en pueblu<\/a><a class=\" voc-horizontal voc-img-icon-link\" href=\"https:\/\/canales.elcomercio.es\/circulu-maxicu\/vaya-manana-de-xareu.html\">\u00a0<\/a><\/h3>\n<\/div>\n<\/div>\n<\/article>\n<\/div>\n<\/div>\n<\/div>\n<div class=\"voc-grid__col\">\n<div class=\"voc-article-container\">\n<article class=\"voc-article voc-article--s-radar voc-article--photo-top voc-article--photo-top--left-xs \">\n<div class=\"voc-info-container\">\n<div class=\"voc-info-container__wrapper\">\n<p><span class=\"voc-prev-title\">Cuentu 2<\/span><\/p>\n<h3 class=\"voc-title\"><a href=\"https:\/\/canales.elcomercio.es\/circulu-maxicu\/vaya-manana-de-xareu.html\">\u00a1Vaya ma\u00f1ana de xar\u00e9u!<\/a><\/h3>\n<\/div>\n<\/div>\n<\/article>\n<\/div>\n<\/div>\n<div class=\"voc-grid__col\">\n<div class=\"voc-article-container\">\n<article class=\"voc-article voc-article--s-radar voc-article--photo-top voc-article--photo-top--left-xs \">\n<div class=\"voc-info-container\">\n<div class=\"voc-info-container__wrapper\">\n<p><span class=\"voc-prev-title\">Cuentu 3<\/span><\/p>\n<h3 class=\"voc-title\"><a href=\"https:\/\/canales.elcomercio.es\/circulu-maxicu\/isidru.html\">Isidru<\/a><\/h3>\n<\/div>\n<\/div>\n<\/article>\n<\/div>\n<\/div>\n<div class=\"voc-grid__col\">\n<div class=\"voc-article-container\">\n<article class=\"voc-article voc-article--s-radar voc-article--photo-top voc-article--photo-top--left-xs \">\n<div class=\"voc-info-container\">\n<div class=\"voc-info-container__wrapper\">\n<p><span class=\"voc-prev-title\">Cuentu 4<\/span><\/p>\n<h3 class=\"voc-title\"><a href=\"https:\/\/canales.elcomercio.es\/circulu-maxicu\/xuanin-so-perru-starski.html\">Xuan\u00edn y el so perru Starski<\/a><\/h3>\n<\/div>\n<\/div>\n<\/article>\n<\/div>\n<\/div>\n<div class=\"voc-grid__col\">\n<div class=\"voc-article-container\">\n<article class=\"voc-article voc-article--s-radar voc-article--photo-top voc-article--photo-top--left-xs \">\n<div class=\"voc-info-container\">\n<div class=\"voc-info-container__wrapper\">\n<p><span class=\"voc-prev-title\">Cuentu 5<\/span><\/p>\n<h3 class=\"voc-title\"><a href=\"https:\/\/canales.elcomercio.es\/circulu-maxicu\/los-nomades-de-la-mar.html\">Los n\u00f3mades de la mar<\/a><a class=\" voc-horizontal voc-img-icon-link\" href=\"https:\/\/canales.elcomercio.es\/circulu-maxicu\/sali-y-el-mundo-de-colores.html\">\u00a0<\/a><\/h3>\n<\/div>\n<\/div>\n<\/article>\n<\/div>\n<\/div>\n<div class=\"voc-grid__col\">\n<div class=\"voc-article-container\">\n<article class=\"voc-article voc-article--s-radar voc-article--photo-top voc-article--photo-top--left-xs \">\n<div class=\"voc-info-container\">\n<div class=\"voc-info-container__wrapper\">\n<p><span class=\"voc-prev-title\">Cuentu 6<\/span><\/p>\n<h3 class=\"voc-title\"><a href=\"https:\/\/canales.elcomercio.es\/circulu-maxicu\/sali-y-el-mundo-de-colores.html\">Sali y el mundu de colores<\/a><\/h3>\n<\/div>\n<\/div>\n<\/article>\n<\/div>\n<\/div>\n<div class=\"voc-grid__col\">\n<div class=\"voc-article-container\">\n<article class=\"voc-article voc-article--s-radar voc-article--photo-top voc-article--photo-top--left-xs \">\n<div class=\"voc-info-container\">\n<div class=\"voc-info-container__wrapper\">\n<p><span class=\"voc-prev-title\">Cuentu 7<\/span><\/p>\n<h3 class=\"voc-title\"><a href=\"https:\/\/canales.elcomercio.es\/circulu-maxicu\/rosa-quier-otra-cosa.html\">Rosa quier otra cosa<\/a><a class=\" voc-horizontal voc-img-icon-link\" href=\"https:\/\/canales.elcomercio.es\/circulu-maxicu\/pa-que-val-una-bufanda.html\">\u00a0<\/a><\/h3>\n<\/div>\n<\/div>\n<\/article>\n<\/div>\n<\/div>\n<div class=\"voc-grid__col\">\n<div class=\"voc-article-container\">\n<article class=\"voc-article voc-article--s-radar voc-article--photo-top voc-article--photo-top--left-xs \">\n<div class=\"voc-info-container\">\n<div class=\"voc-info-container__wrapper\">\n<p><span class=\"voc-prev-title\">Cuentu 8<\/span><\/p>\n<h3 class=\"voc-title\"><a href=\"https:\/\/canales.elcomercio.es\/circulu-maxicu\/pa-que-val-una-bufanda.html\">\u00bfPa qu\u00e9 val una bufanda?<\/a><\/h3>\n<\/div>\n<\/div>\n<\/article>\n<\/div>\n<\/div>\n<div class=\"voc-grid__col\">\n<div class=\"voc-article-container\">\n<article class=\"voc-article voc-article--s-radar voc-article--photo-top voc-article--photo-top--left-xs \">\n<div class=\"voc-info-container\">\n<div class=\"voc-info-container__wrapper\">\n<p><span class=\"voc-prev-title\">Cuentu 9<\/span><\/p>\n<h3 class=\"voc-title\"><a href=\"https:\/\/canales.elcomercio.es\/circulu-maxicu\/celin-y-el-trabayu-escolar.html\">Cel\u00edn y el trabayu escolar<\/a><a class=\" voc-horizontal voc-img-icon-link\" href=\"https:\/\/canales.elcomercio.es\/circulu-maxicu\/nun-yos-tengas-perceguera.html\">\u00a0<\/a><\/h3>\n<\/div>\n<\/div>\n<\/article>\n<\/div>\n<\/div>\n<div class=\"voc-grid__col\">\n<div class=\"voc-article-container\">\n<article class=\"voc-article voc-article--s-radar voc-article--photo-top voc-article--photo-top--left-xs \">\n<div class=\"voc-info-container\">\n<div class=\"voc-info-container__wrapper\">\n<p><span class=\"voc-prev-title\">Cuentu 10<\/span><\/p>\n<h3 class=\"voc-title\"><a href=\"https:\/\/canales.elcomercio.es\/circulu-maxicu\/nun-yos-tengas-perceguera.html\">Nun-yos tengas perceguera<\/a><\/h3>\n<p class=\"voc-paragraph\">\n<\/div>\n<\/div>\n<\/article>\n<\/div>\n<\/div>\n<p>&nbsp;<\/p>\n","protected":false},"excerpt":{"rendered":"<p>Un cuentu ye una ferramienta escepcional pa educar. Los ne\u00f1os pueden sintise dientro la hestoria y desenvuelve la so imaxinaci\u00f3n. EL COMERCIO prop\u00f3n esta serie de &#8216;podcasts&#8217; pa la reciella n&#8217;asturianu como ferramienta educativa. Un formatu d&#8217;audio mirau a compartir cuentos y\u00e1 fechos por autores asturianos y completaos con actividaes de comprensi\u00f3n qu&#8217;ayuden a los [&hellip;]<\/p>\n","protected":false},"author":117,"featured_media":0,"comment_status":"open","ping_status":"open","sticky":false,"template":"","format":"standard","meta":{"footnotes":""},"categories":[1],"tags":[],"class_list":["post-14722","post","type-post","status-publish","format-standard","hentry","category-sin-categoria"],"_links":{"self":[{"href":"https:\/\/edublog.educastur.es\/ixuxu\/wp-json\/wp\/v2\/posts\/14722","targetHints":{"allow":["GET"]}}],"collection":[{"href":"https:\/\/edublog.educastur.es\/ixuxu\/wp-json\/wp\/v2\/posts"}],"about":[{"href":"https:\/\/edublog.educastur.es\/ixuxu\/wp-json\/wp\/v2\/types\/post"}],"author":[{"embeddable":true,"href":"https:\/\/edublog.educastur.es\/ixuxu\/wp-json\/wp\/v2\/users\/117"}],"replies":[{"embeddable":true,"href":"https:\/\/edublog.educastur.es\/ixuxu\/wp-json\/wp\/v2\/comments?post=14722"}],"version-history":[{"count":1,"href":"https:\/\/edublog.educastur.es\/ixuxu\/wp-json\/wp\/v2\/posts\/14722\/revisions"}],"predecessor-version":[{"id":14724,"href":"https:\/\/edublog.educastur.es\/ixuxu\/wp-json\/wp\/v2\/posts\/14722\/revisions\/14724"}],"wp:attachment":[{"href":"https:\/\/edublog.educastur.es\/ixuxu\/wp-json\/wp\/v2\/media?parent=14722"}],"wp:term":[{"taxonomy":"category","embeddable":true,"href":"https:\/\/edublog.educastur.es\/ixuxu\/wp-json\/wp\/v2\/categories?post=14722"},{"taxonomy":"post_tag","embeddable":true,"href":"https:\/\/edublog.educastur.es\/ixuxu\/wp-json\/wp\/v2\/tags?post=14722"}],"curies":[{"name":"wp","href":"https:\/\/api.w.org\/{rel}","templated":true}]}}