{"id":14762,"date":"2022-10-28T07:52:56","date_gmt":"2022-10-28T05:52:56","guid":{"rendered":"https:\/\/edublog.educastur.es\/ixuxu\/?p=14762"},"modified":"2022-10-28T11:14:23","modified_gmt":"2022-10-28T09:14:23","slug":"samhain-halloween","status":"publish","type":"post","link":"https:\/\/edublog.educastur.es\/ixuxu\/2022\/10\/samhain-halloween\/","title":{"rendered":"Samh\u00e1in (Halloween)"},"content":{"rendered":"<p><a href=\"https:\/\/davyandtracy.com\/wp-content\/uploads\/2021\/10\/samhain-wotyv2.jpg\"><img loading=\"lazy\" decoding=\"async\" class=\"alignnone\" src=\"https:\/\/davyandtracy.com\/wp-content\/uploads\/2021\/10\/samhain-wotyv2.jpg\" alt=\"\" width=\"287\" height=\"287\" \/><\/a>\/ <a href=\"https:\/\/scontent.fmad7-1.fna.fbcdn.net\/v\/t1.6435-9\/121699926_2807175762895983_1934876910525564910_n.jpg?_nc_cat=104&amp;ccb=1-7&amp;_nc_sid=0debeb&amp;_nc_ohc=EEvJ5-jT7Z4AX-eSlzh&amp;_nc_ht=scontent.fmad7-1.fna&amp;oh=00_AT9a7iR_4w3bFFp9sjUlYpeHC_sN4w37Gi6fHk7mmrbZjw&amp;oe=63774ECC\"><img loading=\"lazy\" decoding=\"async\" class=\"alignnone\" src=\"https:\/\/scontent.fmad7-1.fna.fbcdn.net\/v\/t1.6435-9\/121699926_2807175762895983_1934876910525564910_n.jpg?_nc_cat=104&amp;ccb=1-7&amp;_nc_sid=0debeb&amp;_nc_ohc=EEvJ5-jT7Z4AX-eSlzh&amp;_nc_ht=scontent.fmad7-1.fna&amp;oh=00_AT9a7iR_4w3bFFp9sjUlYpeHC_sN4w37Gi6fHk7mmrbZjw&amp;oe=63774ECC\" alt=\"\" width=\"294\" height=\"294\" \/><\/a><\/p>\n<p>&nbsp;<\/p>\n<ul>\n<li><a href=\"https:\/\/educastur-my.sharepoint.com\/:b:\/g\/personal\/isabellh_educastur_org\/EWgVyfkKvQBCov6G7uF7B0gBBnZeiI9pFnjyChuFvoYSzg?e=BkXdQr\">Activid\u00e1 de clas<\/a> \/ <a href=\"https:\/\/educastur-my.sharepoint.com\/:b:\/g\/personal\/isabellh_educastur_org\/ETxJP9eugzFHgM7a86Hg_FUB4x2Nr0IQH9g1tG7m-qEq2g?e=2E1jIO\">Doc. Maestrinadepueblu<\/a><\/li>\n<li><a href=\"https:\/\/www.youtube.com\/embed\/7bvmxCwPd2k\">Videu<\/a> \/ <a href=\"https:\/\/scontent-ecv1-1.xx.fbcdn.net\/v\/t1.15752-9\/312353140_1081783019205072_1614484607611954759_n.jpg?_nc_cat=102&amp;ccb=1-7&amp;_nc_sid=ae9488&amp;_nc_ohc=9ALYUv15JEcAX_Ar6GW&amp;_nc_ht=scontent-ecv1-1.xx&amp;oh=03_AdTCDTxGYB-jKmLya7ukZMPLExyJpIvBxILWA8x04OLnYQ&amp;oe=637DA881\">Exemplu de fiesta<\/a> \/<\/li>\n<li>Aceptar la muerte como parte de la vida, por ejemplo, los cementerios son parques p\u00fablicos&#8230;<\/li>\n<\/ul>\n<p><!--more--><\/p>\n<p>1993, \u00abPesadilla ennates de Navid\u00e1\u00bb Tim Burton<\/p>\n<p><a href=\"https:\/\/es.web.img2.acsta.net\/pictures\/14\/03\/25\/13\/39\/547671.jpg\"><img loading=\"lazy\" decoding=\"async\" class=\"alignnone\" src=\"https:\/\/es.web.img2.acsta.net\/pictures\/14\/03\/25\/13\/39\/547671.jpg\" alt=\"\" width=\"209\" height=\"314\" \/><\/a> \/ <a href=\"https:\/\/lafrikileria.com\/39755\/hucha-busto-jack-pesadilla-antes-de-navidad-20-cm.jpg\"><img loading=\"lazy\" decoding=\"async\" class=\"alignnone\" src=\"https:\/\/lafrikileria.com\/39755\/hucha-busto-jack-pesadilla-antes-de-navidad-20-cm.jpg\" alt=\"\" width=\"224\" height=\"271\" \/><\/a><\/p>\n<p><a href=\"https:\/\/www.youtube.com\/embed\/ljdeaPSGtMw\"><em><span style=\"text-decoration: underline\">Esto es Halloween<\/span><\/em><\/a><\/p>\n<p style=\"text-align: center\">\n<!-- iframe plugin v.6.0 wordpress.org\/plugins\/iframe\/ -->\n<iframe loading=\"lazy\" width=\"100%\" height=\"395\" src=\"https:\/\/www.youtube.com\/embed\/FYtE71I0MGA\" 0=\"\/iframe\" scrolling=\"yes\" class=\"iframe-class\" frameborder=\"0\"><\/iframe>\n<\/p>\n<p style=\"text-align: center\">\n<!-- iframe plugin v.6.0 wordpress.org\/plugins\/iframe\/ -->\n<iframe loading=\"lazy\" width=\"100%\" height=\"395\" src=\"https:\/\/www.youtube.com\/embed\/kbiRouwvxtw\" 0=\"\/iframe\" scrolling=\"yes\" class=\"iframe-class\" frameborder=\"0\"><\/iframe>\n<\/p>\n<p><span style=\"text-decoration: underline\"><em>La novia cadaver<\/em><\/span><\/p>\n<p style=\"text-align: center\">\n<!-- iframe plugin v.6.0 wordpress.org\/plugins\/iframe\/ -->\n<iframe loading=\"lazy\" width=\"100%\" height=\"395\" src=\"https:\/\/www.youtube.com\/embed\/SGcLHSE2Gp4\" 0=\"\/iframe\" scrolling=\"yes\" class=\"iframe-class\" frameborder=\"0\"><\/iframe>\n<\/p>\n<p style=\"text-align: center\">\n<!-- iframe plugin v.6.0 wordpress.org\/plugins\/iframe\/ -->\n<iframe loading=\"lazy\" width=\"100%\" height=\"395\" src=\"https:\/\/www.youtube.com\/embed\/2Enjdd2arqs\" 0=\"\/iframe\" scrolling=\"yes\" class=\"iframe-class\" frameborder=\"0\"><\/iframe>\n<\/p>\n<p>G\u00fcei Halloween ye una <strong>fiesta internacional, qu&#8217;escarez de too sent\u00edu relixosu y que&#8217;l so orixe ye ignor\u00e1u pola mayor\u00eda.<\/strong> Nada tien que ver y\u00e1 colos rituales de les dru\u00edes nin colos pueblos celtes qu&#8217;apoderaron la mayor parte del oeste y centru d&#8217;Europa mientres el primer mileniu a.C. Tr\u00e1tase nam\u00e1 d&#8217;una escusa m\u00e1s para&#8217;l negociu, el consumu o la industria del cine.<\/p>\n<ul>\n<li>\n<h1 class=\"title style-scope ytd-video-primary-info-renderer\"><a href=\"https:\/\/www.youtube.com\/watch?v=mwdGmw9PD2E\"><span style=\"font-size: 16px\">The Piano Duet (Corpse Bride Cover) &#8211; Half Moon<\/span><\/a><\/h1>\n<\/li>\n<\/ul>\n<p>Sicas\u00ed, n&#8217;Irlanda caltien la referencia de Samhain: non y\u00e1 <span style=\"color: #008080\"><strong>ye&#8217;l nome en ga\u00e9licu irland\u00e9s del mes de payares<\/strong><\/span>, sin\u00f3n qu&#8217;inda g\u00fcei <strong>mientres la nueche de Samhain pr\u00edndense grandes fogueres nes que&#8217;l vecinderu refundia los trastos vieyos qu&#8217;atropa nes sos cases.<\/strong> Esa ye la forma actual na que los irlandeses reciben l&#8217;a\u00f1u nuevu celta.<\/p>\n<p style=\"text-align: center\">\n<!-- iframe plugin v.6.0 wordpress.org\/plugins\/iframe\/ -->\n<iframe loading=\"lazy\" width=\"100%\" height=\"395\" src=\"https:\/\/www.youtube.com\/embed\/Yb3FWJoi6IY\" 0=\"\/iframe\" scrolling=\"yes\" class=\"iframe-class\" frameborder=\"0\"><\/iframe>\n<\/p>\n<p><a href=\"https:\/\/upload.wikimedia.org\/wikipedia\/commons\/d\/d3\/Turnip_2622027.jpg\"><img loading=\"lazy\" decoding=\"async\" class=\"alignnone\" src=\"https:\/\/upload.wikimedia.org\/wikipedia\/commons\/d\/d3\/Turnip_2622027.jpg\" alt=\"\" width=\"1279\" height=\"852\" \/><\/a><\/p>\n<p><a href=\"https:\/\/i.blogs.es\/36ab73\/calabazas3\/840_560.jpg\"><img loading=\"lazy\" decoding=\"async\" class=\"alignnone\" src=\"https:\/\/i.blogs.es\/36ab73\/calabazas3\/840_560.jpg\" alt=\"\" width=\"840\" height=\"560\" \/><\/a><\/p>\n<p style=\"text-align: center\"><a href=\"https:\/\/imag.bonviveur.com\/racion-del-bizcocho-de-calabaza.webp\"><img loading=\"lazy\" decoding=\"async\" class=\"alignnone\" src=\"https:\/\/imag.bonviveur.com\/racion-del-bizcocho-de-calabaza.webp\" alt=\"\" width=\"1200\" height=\"800\" \/><\/a><\/p>\n<p>Naciones celtas<\/p>\n<p>\/ <a href=\"https:\/\/i.pinimg.com\/736x\/6b\/f3\/c1\/6bf3c1cfaa46c5e5100158b1666df668.jpg\"><img loading=\"lazy\" decoding=\"async\" class=\"alignnone\" src=\"https:\/\/i.pinimg.com\/736x\/6b\/f3\/c1\/6bf3c1cfaa46c5e5100158b1666df668.jpg\" alt=\"\" width=\"297\" height=\"532\" \/><\/a>\/<\/p>\n<p><a href=\"https:\/\/w7.pngwing.com\/pngs\/815\/653\/png-transparent-celtic-nations-celts-celtic-knot-wikipedia-enciclopedia-libre-universal-en-espanol-symbol-miscellaneous-logo-chinese-knot.png\"><img loading=\"lazy\" decoding=\"async\" class=\"alignnone\" src=\"https:\/\/w7.pngwing.com\/pngs\/815\/653\/png-transparent-celtic-nations-celts-celtic-knot-wikipedia-enciclopedia-libre-universal-en-espanol-symbol-miscellaneous-logo-chinese-knot.png\" alt=\"\" width=\"267\" height=\"267\" \/><\/a><\/p>\n<p style=\"text-align: center\"><a href=\"https:\/\/www.edhasa.es\/media\/images\/mapa_2_Juego_de_reinas.jpg\"><img loading=\"lazy\" decoding=\"async\" class=\"alignnone\" src=\"https:\/\/www.edhasa.es\/media\/images\/mapa_2_Juego_de_reinas.jpg\" alt=\"\" width=\"686\" height=\"498\" \/><\/a><\/p>\n<ul>\n<li><a href=\"https:\/\/www.youtube.com\/embed\/h94sl1rnHaQ\">M\u00fasica celta<\/a> \/<\/li>\n<\/ul>\n<hr \/>\n<p><a href=\"https:\/\/inglesirlanda.org\/naciones-celtas\/\"><span style=\"color: #ff0000\"><strong>ENLLAZ<\/strong><\/span><\/a><\/p>\n<p>Cuando hacemos referencia a las naciones celtas, no es otra cosa que un grupo de zonas geogr\u00e1ficas del continente europeo donde habitaron tribus de la cultura celta.<\/p>\n<div class=\"post-index\">\u00cdndice<a href=\"https:\/\/inglesirlanda.org\/naciones-celtas\/#\u00a0\u00bfQue_son_los_Celtas?\"><span class=\"bullet-li\">\u2022 <\/span>\u00a0\u00bfQu\u00e9 son los Celtas?<\/a><a href=\"https:\/\/inglesirlanda.org\/naciones-celtas\/#Caracteristicas_\"><span class=\"bullet-li\">\u2022 <\/span>Caracter\u00edsticas <\/a><a href=\"https:\/\/inglesirlanda.org\/naciones-celtas\/#Las_Mujeres_en_la_Cultura_Celtibera\"><span class=\"bullet-li\">\u2022 <\/span>Las Mujeres en la Cultura Celt\u00edbera<\/a><a href=\"https:\/\/inglesirlanda.org\/naciones-celtas\/#Organizacion_Social_\"><span class=\"bullet-li\">\u2022 <\/span>Organizaci\u00f3n Social <\/a><a href=\"https:\/\/inglesirlanda.org\/naciones-celtas\/#Jerarquia_en_la_Composicion_Social_de_las_Regiones_\"><span class=\"bullet-li\">\u2022 <\/span>Jerarqu\u00eda en la Composici\u00f3n Social de las Regiones <\/a><a href=\"https:\/\/inglesirlanda.org\/naciones-celtas\/#Costumbres_de_las_Regiones_\"><span class=\"bullet-li\">\u2022 <\/span>Costumbres de las Regiones <\/a><a href=\"https:\/\/inglesirlanda.org\/naciones-celtas\/#\u00bfQue_son_las_Celtic_Nations?\"><span class=\"bullet-li\">\u2022 <\/span>\u00bfQu\u00e9 son las Celtic Nations?<\/a><a href=\"https:\/\/inglesirlanda.org\/naciones-celtas\/#Las_Seis_Naciones_Celticas\"><span class=\"bullet-li\">\u2022 <\/span>Las Seis Naciones C\u00e9lticas<\/a><a href=\"https:\/\/inglesirlanda.org\/naciones-celtas\/#6_Paises_Celtas_y_los_Idiomas\"><span class=\"bullet-li\">\u2022 <\/span>6 Pa\u00edses Celtas y los Idiomas<\/a><a href=\"https:\/\/inglesirlanda.org\/naciones-celtas\/#Naciones_Celtas_en_el_Mapa\"><span class=\"bullet-li\">\u2022 <\/span>Naciones Celtas en el Mapa<\/a><a href=\"https:\/\/inglesirlanda.org\/naciones-celtas\/#Su_Bandera\"><span class=\"bullet-li\">\u2022 <\/span>Su Bandera<\/a><a href=\"https:\/\/inglesirlanda.org\/naciones-celtas\/#Organizaciones_Actuales_que_Promueven_su_Cultura\"><span class=\"bullet-li\">\u2022 <\/span>Organizaciones Actuales que Promueven su Cultura<\/a><a href=\"https:\/\/inglesirlanda.org\/naciones-celtas\/#_\"><span class=\"bullet-li\">\u2022 <\/span> <\/a><a href=\"https:\/\/inglesirlanda.org\/naciones-celtas\/#Preguntas_Relacionadas_con_Las_Regiones_Celtas_\"><span class=\"bullet-li\">\u2022 <\/span>Preguntas Relacionadas con Las Regiones Celtas <\/a><\/div>\n<h2 id=\"\u00a0\u00bfQue_son_los_Celtas?\" class=\"has-text-align-center\">\u00a0\u00bfQu\u00e9 son los Celtas?<\/h2>\n<p>Los celtas fueron un conjunto de tribus o poblaciones que se ubicaron a lo largo de Europa, propiamente en la edad de hierro.<\/p>\n<p>Asimismo, la terminolog\u00eda celta fue empleada por primera vez por el escoc\u00e9s Buchanan George, durante el siglo XVI,<strong> al <\/strong>rese\u00f1ar al<strong> idioma celta como los lenguajes prehist\u00f3ricos no vinculados con el ingl\u00e9s ni con el lat\u00edn.\u00a0 \u00a0<\/strong><\/p>\n<div class=\"wp-block-image\">\n<figure class=\"aligncenter size-full is-resized\"><figcaption>Las naciones celtas son seis: Irlanda, Breta\u00f1a, Cornualles, Gales, Escocias y tambi\u00e9n Isla de Man.<\/figcaption><\/figure>\n<\/div>\n<p>De tal modo, que las naciones celtas es el atributo que muchos historiadores han manejado para calificar los territorios o pa\u00edses de Europa del oeste, donde quedan vestigios de la cultura celta y del idioma propiamente.<\/p>\n<p>Asimismo, las naciones o regiones c\u00e9lticas bien sea por su cultura o por el origen del lenguaje <strong>se les llama franja celta o tambi\u00e9n cintur\u00f3n celta, motivado donde se encuentran ubicadas.<\/strong><\/p>\n<p>Las llamadas naciones del grupo c\u00e9ltico son seis las cuales son: <strong>Irlanda, Breta\u00f1a, Cornualles, Gales, Escocias y tambi\u00e9n Isla de Man.<\/strong><\/p>\n<p>De esta manera, ser parte de la cultura aut\u00e9ntica celta, que ha dejado gran aporte en la humanidad, sin duda es un privilegio.<\/p>\n<div class=\"wp-block-image\">\n<figure class=\"aligncenter size-full is-resized\"><img loading=\"lazy\" decoding=\"async\" class=\"wp-image-62744\" src=\"https:\/\/inglesirlanda.org\/wp-content\/uploads\/Que-son-los-Celtas.jpg\" alt=\"hombres celtas\" width=\"833\" height=\"416\" \/><figcaption>Los celtas conformaron un grupo de tribus y poblado a lo largo de Europa<\/figcaption><\/figure>\n<\/div>\n<h2 id=\"Caracteristicas_\" class=\"has-text-align-center\">Caracter\u00edsticas<\/h2>\n<p>Entre las principales particularidades que describen los elementos m\u00e1s representativos de la <a href=\"https:\/\/inglesirlanda.org\/celtas-origen\/\" target=\"_blank\" rel=\"noreferrer noopener\">cultura celta y su origen<\/a> destacan:<\/p>\n<ul>\n<li>\u2705 Los celtas eran de car\u00e1cter dominantes fuertes y aguerridos.<\/li>\n<li>\u2705 Asimismo, su patrimonio cultural es herencia de la humanidad, destacando principalmente la m\u00fasica, la religi\u00f3n, la danza y otros aspectos.<\/li>\n<li>\u2705 El entorno donde estaban consist\u00eda en poblaciones amuralladas, sus casas eran de forma circular, construidas a base de piedras y techos de paja.<\/li>\n<li>\u2705 Los celtas, tambi\u00e9n eran caballeros distinguidos por ser jinetes con muchas destrezas y habilidades.<\/li>\n<li>\u2705 Adem\u00e1s, su indumentaria consist\u00eda en el uso de joyas con s\u00edmbolos celtas, pantalones, capas largas y cascos.<\/li>\n<li>\u2705 Igualmente, sus armas eran de hierro y usualmente utilizaban lanzas, espadas y tambi\u00e9n escudos de material de cuero.<\/li>\n<li>\u2705 Si bien eran muy fuerte para las batallas, no eran estrategas e inclusos se peleaban entre s\u00ed, lo que los debilito, frente a los romanos.<\/li>\n<li>\u2705 Tambi\u00e9n se dicen que eran b\u00e1rbaros y que, como se\u00f1al de haber ganado una batalla o contienda, presentaban la cabeza del enemigo como trofeo.<\/li>\n<li>\u2705 Se expandieron por gran parte del territorio europeo<\/li>\n<\/ul>\n<div class=\"wp-block-image\">\n<figure class=\"aligncenter size-full\"><img loading=\"lazy\" decoding=\"async\" class=\"wp-image-62745\" src=\"https:\/\/inglesirlanda.org\/wp-content\/uploads\/Caracteristicas-de-los-Celtas-1.jpg\" alt=\"casas celtas\" width=\"900\" height=\"450\" \/><figcaption>Los celtas viv\u00edan en aldeas amuralladas en casa de piedras y techos de paja<\/figcaption><\/figure>\n<\/div>\n<h2 id=\"Las_Mujeres_en_la_Cultura_Celtibera\" class=\"has-text-align-center\">Las Mujeres en la Cultura Celt\u00edbera<\/h2>\n<p>La condici\u00f3n de las mujeres celtas en su cultura, se trababa de situaci\u00f3n de igualdad de derechos con los hombres algo totalmente at\u00edpico en otras sociedades de la \u00e9poca.<\/p>\n<p>De tal modo, que las mismas pod\u00edan decidir, tomar decisiones del hogar e incluso ser<strong> l\u00edderes de su comunidad como sacerdotisas o druidesas, pol\u00edticas y valientes guerreras.<\/strong><\/p>\n<p>Por otro lado, las mujeres pod\u00edan comerciar libremente, disponer de sus bienes libremente, con amplia independencia en la toma de decisiones.<\/p>\n<div class=\"wp-block-image\">\n<figure class=\"aligncenter size-full\"><img loading=\"lazy\" decoding=\"async\" class=\"wp-image-62746\" src=\"https:\/\/inglesirlanda.org\/wp-content\/uploads\/Mujeres-en-la-Cultura-Celta.jpg\" alt=\"Mujer Celta \" width=\"900\" height=\"450\" \/><figcaption>Las mujeres celtas eran valiente y ten\u00edan igualdad de derechos<\/figcaption><\/figure>\n<\/div>\n<h2 id=\"Organizacion_Social_\" class=\"has-text-align-center\">Organizaci\u00f3n Social<\/h2>\n<p>La Organizaci\u00f3n Social de los Celtas consist\u00eda en cada tribu poes\u00eda un jefe, que era el mejor guerrero, pudiendo ser mujer o hombre.<\/p>\n<p>Asimismo, los celtas absorb\u00edan recomendaci\u00f3n de los druidas, <strong>quienes adem\u00e1s de ser sacerdotes pod\u00edan practicar e imponer la justicia.<\/strong><\/p>\n<p>De igual forma las regiones celtas estaban organizadas en tribus, con caracter\u00edsticas muy similares.<\/p>\n<p>Por otro lado, la sociedad o regiones celtas se estructuraban o fraccionan seg\u00fan las actividades que realizaban<\/p>\n<div class=\"wp-block-image\">\n<figure class=\"aligncenter size-full\"><img loading=\"lazy\" decoding=\"async\" class=\"wp-image-62747\" src=\"https:\/\/inglesirlanda.org\/wp-content\/uploads\/Organizacion-Social-Celta.jpg\" alt=\"grupo de hombres celtas\" width=\"900\" height=\"450\" \/><figcaption>Los celtas pose\u00edan de manera interna una organizaci\u00f3n social con jerarqu\u00edas<\/figcaption><\/figure>\n<\/div>\n<h2 id=\"Jerarquia_en_la_Composicion_Social_de_las_Regiones_\" class=\"has-text-align-center\">Jerarqu\u00eda en la Composici\u00f3n Social de las Regiones<\/h2>\n<h3>1.\u2705 Superiores:<\/h3>\n<p>Hab\u00eda una jerarquizaci\u00f3n donde los principales rangos correspond\u00edan a los pol\u00edticos y <strong>guerreros asum\u00edan el rol de jefe.<\/strong><\/p>\n<h3>2.\u2705 Los Eruditos:<\/h3>\n<p>Consist\u00edan en un grupo de personas que eran encargados y poseedores del conocimiento en las \u00e1reas del saber religiosos, astron\u00f3mico, <a href=\"https:\/\/inglesirlanda.org\/mitologia-celta\/\" target=\"_blank\" rel=\"noreferrer noopener\">mundo mitol\u00f3gico celta<\/a>, literarios entre otros.<\/p>\n<p>Generalmente en este grupo se ubicaban <strong>los vates, los druidas y los bardos <\/strong><\/p>\n<div class=\"wp-block-image\">\n<figure class=\"aligncenter size-full\"><img loading=\"lazy\" decoding=\"async\" class=\"wp-image-62748\" src=\"https:\/\/inglesirlanda.org\/wp-content\/uploads\/Jerarquia-Social-Celta-Guerreros.jpg\" alt=\"guerrero Celta\" width=\"900\" height=\"450\" \/><figcaption>Los guerreros celtas usualmente eran los l\u00edderes de las tribus<\/figcaption><\/figure>\n<\/div>\n<h3>3.\u2705 Celtas y Druidas<\/h3>\n<p>Los druidas en la cultura celta consist\u00edan en hombres o mujeres que desempe\u00f1aban ocupaciones u oficios vinculados principalmente con la religi\u00f3n.<\/p>\n<p>Asimismo, los druidas cumpl\u00edan otros roles como gu\u00eda en la educaci\u00f3n, funciones medicas como curanderos, impon\u00edan justicia.<\/p>\n<p>De tal manera, todas esas funciones las pod\u00edan realizar, ya que en las sociedades y regiones celtas <strong>eran estimados como sabios por los dem\u00e1s miembros de la tribu.<\/strong><\/p>\n<h3>4.\u2705 Habitantes de las Aldeas Celtas<\/h3>\n<p>En un rango menor se ubicaban las dem\u00e1s personas que habitaban en los pueblos celtas, <strong>como los artesanos o campesinos.<\/strong><\/p>\n<div class=\"wp-block-image\">\n<figure class=\"aligncenter size-full\"><img loading=\"lazy\" decoding=\"async\" class=\"wp-image-62749\" src=\"https:\/\/inglesirlanda.org\/wp-content\/uploads\/Jerarquia-Social-Celta-Campesinos.jpg\" alt=\"Campesino Celta\" width=\"900\" height=\"450\" \/><figcaption>En el \u00faltimo escal\u00f3n de la jerarqu\u00eda de los celtas se ubican los campesinos y artesanos<\/figcaption><\/figure>\n<\/div>\n<p>Por otro lado, muchas personas suelen confundir a los Vikingos y Celtas, vale resaltar que son culturas diferentes que existieren en tiempos diversos con costumbres distintas.<\/p>\n<h2 id=\"Costumbres_de_las_Regiones_\" class=\"has-text-align-center\">Costumbres de las Regiones<\/h2>\n<p>Entre los aspectos m\u00e1s resaltantes de sus costumbres se ubican:<\/p>\n<ul>\n<li>\u2705 Extraordinarios orfebres creadores de joyas espectaculares, usando <a href=\"https:\/\/inglesirlanda.org\/simbolos-celtas\/\" target=\"_blank\" rel=\"noreferrer noopener\">diversidad de s\u00edmbolos c\u00e9lticos<\/a> como la <a href=\"https:\/\/inglesirlanda.org\/cruz-celta\/\" target=\"_blank\" rel=\"noreferrer noopener\">cruz de los celtas<\/a>, por ejemplo.<\/li>\n<li>\u2705 Entre sus movimientos econ\u00f3micos principalmente sobresal\u00eda la ganader\u00eda y la agricultura.<\/li>\n<li>\u2705 Sus costumbres se encuentran fundamentadas en el aspecto m\u00edstico, espec\u00edficamente en creencias de diversas divinidades.<\/li>\n<li>\u2705 Tambi\u00e9n extraordinarias expresiones culturales mediante la m\u00fasica y la estima por esta.<\/li>\n<\/ul>\n<div class=\"wp-block-image\">\n<figure class=\"aligncenter size-full\"><img loading=\"lazy\" decoding=\"async\" class=\"wp-image-62750\" src=\"https:\/\/inglesirlanda.org\/wp-content\/uploads\/Costumbres-de-las-Regiones-Celtas.jpg\" alt=\"Joyas celtas\" width=\"900\" height=\"450\" \/><figcaption>Los celtas eran excelentes artistas ornamentales<\/figcaption><\/figure>\n<\/div>\n<h2 id=\"\u00bfQue_son_las_Celtic_Nations?\" class=\"has-text-align-center\">\u00bfQu\u00e9 son las Celtic Nations?<\/h2>\n<p>El significado de las naciones celtas a los pa\u00edses o estados, que comprenden un \u00e1mbito territorial, con grupo de habitantes que <strong>tienen en com\u00fan origen \u00e9tnico la lengua, la cultura, la historia celta.<\/strong><\/p>\n<p>As\u00ed mismo, en el continente europeo diversos pa\u00edses y regiones se autoproclaman naciones celtas por lo que se dicen que existen 8 naciones celtas algunos dicen que son 7 naciones celtas y otros solo 6.<\/p>\n<p>Sin embargo, en realidad solo son 6 las naciones celtas, ya que dos que son de Espa\u00f1a (<strong>Asturias y Galicia) se descartan por no poseer lenguaje celta de origen<\/strong>, sino asturiano y gallego que son provenientes del lat\u00edn<\/p>\n<div class=\"wp-block-image\">\n<figure class=\"aligncenter size-full\"><img loading=\"lazy\" decoding=\"async\" class=\"wp-image-62743\" src=\"https:\/\/inglesirlanda.org\/wp-content\/uploads\/Celtic-Nations.jpg\" alt=\"las Naciones Celtas\" width=\"900\" height=\"450\" \/><figcaption>Las naciones celtas poseen en com\u00fan el origen del lenguaje<\/figcaption><\/figure>\n<\/div>\n<h2 id=\"Las_Seis_Naciones_Celticas\" class=\"has-text-align-center\">Las Seis Naciones C\u00e9lticas<\/h2>\n<p>Si te has preguntado \u00bfDe D\u00f3nde son los Celtas? A continuaci\u00f3n, te mencionaremos cu\u00e1les son las naciones celtas, las cuales han tomado auge, tanto como el uso de <a href=\"https:\/\/inglesirlanda.org\/nombres-de-brujas-celtas\/\" target=\"_blank\" rel=\"noreferrer noopener\">nombres celtas de brujas<\/a>.<\/p>\n<p>Las regiones generalmente incluidas en esta identificaci\u00f3n son seis denominadas regiones celtas por las organizaciones de la liga c\u00e9ltica, el congreso c\u00e9ltico y otros movimientos pro-c\u00e9lticos.<\/p>\n<p>Asimismo, el principal elemento caracter\u00edstico y com\u00fan de estas regiones que es <strong>poseen un lenguaje de origen c\u00e9ltico.<\/strong><\/p>\n<p>De tal manera, de las seis naciones celtas 4 de ellas entre las que se ubican: Irlanda; Escocia; Breta\u00f1a y Gales son implementadas actualmente por las sociedades, usualmente ubicadas al oeste de mencionados pa\u00edses.<\/p>\n<p>Por otro lado, al quedar determinado el idioma para caracterizar como celta a la esas regiones de igual modo quedaron las personas de esas zonas tambi\u00e9n catalogadas como celtas.<\/p>\n<p>En definitiva, <strong>las 6 nociones celtas son<\/strong>:<\/p>\n<ul>\n<li>\u2705 Breta\u00f1a;<\/li>\n<li>\u2705 Cornualles;<\/li>\n<li>\u2705 Escocia;<\/li>\n<li>\u2705 Gales;<\/li>\n<li>\u2705 Irlanda y<\/li>\n<li>\u2705 Isla de Man<\/li>\n<\/ul>\n<div class=\"wp-block-image\">\n<figure class=\"aligncenter size-full\"><img loading=\"lazy\" decoding=\"async\" class=\"wp-image-62759\" src=\"https:\/\/inglesirlanda.org\/wp-content\/uploads\/las-Naciones-Celtas.jpg\" alt=\"pa\u00edses celtas\" width=\"900\" height=\"450\" \/><figcaption>Las naciones celtas son 6 determinadas por el idioma celta<\/figcaption><\/figure>\n<\/div>\n<h2 id=\"6_Paises_Celtas_y_los_Idiomas\" class=\"has-text-align-center\">6 Pa\u00edses Celtas y los Idiomas<\/h2>\n<p>Las 6 naciones o Pa\u00edses Celtas tienen como origen el idioma celta las cuales son:<\/p>\n<ul>\n<li>\u2705 Gales: El Gal\u00e9s;<\/li>\n<li>\u2705 Irlanda: El Ga\u00e9lico Irland\u00e9s;<\/li>\n<li>\u2705 Breta\u00f1a: El Breton;<\/li>\n<li>\u2705 Escocia: El Ga\u00e9lico Escoc\u00e9s;<\/li>\n<li>\u2705 Cornualles: El C\u00f3rnico y<\/li>\n<li>\u2705 Isla de Man:\u00a0 El Ga\u00e9lico Man\u00e9s<\/li>\n<\/ul>\n<p>Sin embargo, las lenguas Ga\u00e9lico irland\u00e9s, el gal\u00e9s, el Ga\u00e9lico escoc\u00e9s y el bret\u00f3n a\u00fan <strong>se conservan y son usados en sus lugares de or\u00edgenes.<\/strong><\/p>\n<p>Mientras que el idioma c\u00f3rnico y el Ga\u00e9lico man\u00e9s, como lenguaje materno han pasado al desuso, aproximadamente desde el siglo XVII y XVIII, siendo desplazados por el idioma ingl\u00e9s.<\/p>\n<p>Por otro lado, en zonas o espacios geogr\u00e1ficos determinados de los pa\u00edses de<strong> Irlanda, Escocia Gal\u00e9s y Breta\u00f1a la lengua celta es empleada como idioma tradicional.<\/strong><\/p>\n<div class=\"wp-block-image\">\n<figure class=\"aligncenter size-full is-resized\"><img loading=\"lazy\" decoding=\"async\" class=\"wp-image-62752\" src=\"https:\/\/inglesirlanda.org\/wp-content\/uploads\/Naciones-Celtas-y-los-Idiomas.jpg\" alt=\"Idiomas celtas\" width=\"835\" height=\"417\" \/><figcaption>Los 6 idiomas de las naciones celtas son el Irland\u00e9s, El ga\u00e9lico escoc\u00e9s, el bret\u00f3n, el c\u00f3rnico, el man\u00e9s y el gal\u00e9s<\/figcaption><\/figure>\n<\/div>\n<p>Mencionadas zonas reciben el nombre de:<\/p>\n<ul>\n<li>\u2705 Gaeltacht: en Irlanda en la costa oeste;<\/li>\n<li>\u2705 Breizh-Izel: en Breta\u00f1a, en el oeste de las islas brit\u00e1nicas;<\/li>\n<li>\u2705\u00a0Y Fro Gymraeg; En Gales y<\/li>\n<li>\u2705\u00a0Gaidhealtachd: en las tierras altas de Escocias y en las bajas scots<\/li>\n<\/ul>\n<h3>Celtas en Gales y el Lenguaje<\/h3>\n<p>El idioma gal\u00e9s en Gales, es de uso obligatorio y el mismo debe ser estudiado por todo alumnos del sistema educativo de secundaria y primaria.<\/p>\n<p>Asimismo, aproximadamente<strong> un 20% de los estudiantes en Gales, reciben educaci\u00f3n<\/strong> estrictamente e integralmente en el idioma gal\u00e9s.<\/p>\n<h3>Celtas en Irlanda y la Lengua<\/h3>\n<p>En cuanto al idioma en la isla esmeralda, todos los alumnos deben estudiar el irland\u00e9s como materia filtro en niveles de primaria y secundaria respectivamente.<\/p>\n<p>Asimismo, un estimado de <strong>7,4% de estudiantes de primaria realizan sus procesos educativos<\/strong> de manera integral exclusivamente en el idioma irland\u00e9s<\/p>\n<h2 id=\"Naciones_Celtas_en_el_Mapa\" class=\"has-text-align-center\">Naciones Celtas en el Mapa<\/h2>\n<div class=\"wp-block-image\">\n<figure class=\"aligncenter size-full\"><img loading=\"lazy\" decoding=\"async\" class=\"wp-image-62755\" src=\"https:\/\/inglesirlanda.org\/wp-content\/uploads\/Naciones-Celtas-Mapa.jpg\" alt=\"Mapa celta\" width=\"900\" height=\"450\" \/><\/figure>\n<\/div>\n<h2 id=\"Su_Bandera\" class=\"has-text-align-center\">Su Bandera<\/h2>\n<p>La bandera de las naciones celtas es la siguiente:<\/p>\n<div class=\"wp-block-image\">\n<figure class=\"aligncenter size-full\"><img loading=\"lazy\" decoding=\"async\" class=\"wp-image-62756\" src=\"https:\/\/inglesirlanda.org\/wp-content\/uploads\/Naciones-celtas-Bandera.jpg\" alt=\"banderas de las naciones \" width=\"900\" height=\"450\" \/><figcaption>La bandera de las naciones celtas representas los 6 idiomas de origen celta<\/figcaption><\/figure>\n<\/div>\n<h2 id=\"Organizaciones_Actuales_que_Promueven_su_Cultura\" class=\"has-text-align-center\">Organizaciones Actuales que Promueven su Cultura<\/h2>\n<p><strong>La Liga Celtica:<\/strong> es una organizaci\u00f3n No gubernamental, fundada en el a\u00f1o 1961, cuya finalidad es la promoci\u00f3n de la cultura, el idioma y derechos de la colectividad celta.\u00a0 Posee reconocimiento por parte de las Naciones Unidad.<\/p>\n<p><strong>Congreso Internacional Celta:<\/strong> es una organizaci\u00f3n con motivo cultural fundada en 1917, cuyo prop\u00f3sito es preservar la cultura, el idioma y las costumbres de las ra\u00edces celtas<\/p>\n<p>&nbsp;<\/p>\n<p>&nbsp;<\/p>\n","protected":false},"excerpt":{"rendered":"<p>\/ &nbsp; Activid\u00e1 de clas \/ Doc. Maestrinadepueblu Videu \/ Exemplu de fiesta \/ Aceptar la muerte como parte de la vida, por ejemplo, los cementerios son parques p\u00fablicos&#8230;<\/p>\n","protected":false},"author":117,"featured_media":0,"comment_status":"open","ping_status":"open","sticky":false,"template":"","format":"standard","meta":{"footnotes":""},"categories":[21],"tags":[],"class_list":["post-14762","post","type-post","status-publish","format-standard","hentry","category-fiestes"],"_links":{"self":[{"href":"https:\/\/edublog.educastur.es\/ixuxu\/wp-json\/wp\/v2\/posts\/14762","targetHints":{"allow":["GET"]}}],"collection":[{"href":"https:\/\/edublog.educastur.es\/ixuxu\/wp-json\/wp\/v2\/posts"}],"about":[{"href":"https:\/\/edublog.educastur.es\/ixuxu\/wp-json\/wp\/v2\/types\/post"}],"author":[{"embeddable":true,"href":"https:\/\/edublog.educastur.es\/ixuxu\/wp-json\/wp\/v2\/users\/117"}],"replies":[{"embeddable":true,"href":"https:\/\/edublog.educastur.es\/ixuxu\/wp-json\/wp\/v2\/comments?post=14762"}],"version-history":[{"count":15,"href":"https:\/\/edublog.educastur.es\/ixuxu\/wp-json\/wp\/v2\/posts\/14762\/revisions"}],"predecessor-version":[{"id":14889,"href":"https:\/\/edublog.educastur.es\/ixuxu\/wp-json\/wp\/v2\/posts\/14762\/revisions\/14889"}],"wp:attachment":[{"href":"https:\/\/edublog.educastur.es\/ixuxu\/wp-json\/wp\/v2\/media?parent=14762"}],"wp:term":[{"taxonomy":"category","embeddable":true,"href":"https:\/\/edublog.educastur.es\/ixuxu\/wp-json\/wp\/v2\/categories?post=14762"},{"taxonomy":"post_tag","embeddable":true,"href":"https:\/\/edublog.educastur.es\/ixuxu\/wp-json\/wp\/v2\/tags?post=14762"}],"curies":[{"name":"wp","href":"https:\/\/api.w.org\/{rel}","templated":true}]}}