{"id":14858,"date":"2022-10-25T20:25:42","date_gmt":"2022-10-25T18:25:42","guid":{"rendered":"https:\/\/edublog.educastur.es\/ixuxu\/?p=14858"},"modified":"2022-10-25T20:55:22","modified_gmt":"2022-10-25T18:55:22","slug":"campana-les-coses-pol-so-nome","status":"publish","type":"post","link":"https:\/\/edublog.educastur.es\/ixuxu\/2022\/10\/campana-les-coses-pol-so-nome\/","title":{"rendered":"Campa\u00f1a: \u00abLes coses pol so nome\u00bb"},"content":{"rendered":"<ul>\n<li><a href=\"https:\/\/politicallinguistica.asturias.es\/\">Pol\u00edtica Lling\u00fc\u00edstica<\/a> \/ <a href=\"https:\/\/www.facebook.com\/selmana.lletresasturianes\">Facebook<\/a><\/li>\n<\/ul>\n<h1 class=\"page-h1 container\" style=\"text-align: center\"><span class=\"titulo\" style=\"font-size: 24px\">Cultura llanza \u00abLes coses pol so nome\u00bb, una campa\u00f1a pa promover l\u2019usu del asturianu al facer la compra<\/span><\/h1>\n<div id=\"main-content\" class=\"columns-1\" role=\"main\">\n<div class=\"portlet-layout row\">\n<div id=\"column-1\" class=\"col-md-12 portlet-column portlet-column-only\">\n<div id=\"layout-column_column-1\" class=\"portlet-dropzone portlet-column-content portlet-column-content-only\">\n<div id=\"p_p_id_com_liferay_asset_publisher_web_portlet_AssetPublisherPortlet_INSTANCE_t8rO0AwOrjNY_\" class=\"portlet-boundary portlet-boundary_com_liferay_asset_publisher_web_portlet_AssetPublisherPortlet_ portlet-static portlet-static-end portlet-barebone portlet-asset-publisher \">\n<p><a href=\"https:\/\/politicallinguistica.asturias.es\/documents\/71052\/165503\/Cartel+xeneral+Les+coses+pol+so+nome.jpg\/e2026114-93f9-e26d-1041-8cebeebdb8c0?t=1666695516452\"><img loading=\"lazy\" decoding=\"async\" class=\"aligncenter\" src=\"https:\/\/politicallinguistica.asturias.es\/documents\/71052\/165503\/Cartel+xeneral+Les+coses+pol+so+nome.jpg\/e2026114-93f9-e26d-1041-8cebeebdb8c0?t=1666695516452\" alt=\"\" width=\"574\" height=\"810\" \/><\/a><\/p>\n<section id=\"portlet_com_liferay_asset_publisher_web_portlet_AssetPublisherPortlet_INSTANCE_t8rO0AwOrjNY\" class=\"portlet la-section open\">\n<div class=\"portlet-content\">\n<div class=\" portlet-content-container\">\n<div class=\"portlet-body\">\n<div class=\"asset-full-content clearfix mb-5 default-asset-publisher no-title \" data-fragments-editor-item-id=\"20132-165502\" data-fragments-editor-item-type=\"fragments-editor-mapped-item\">\n<div class=\"asset-content mb-3\">\n<div class=\"journal-content-article \" data-analytics-asset-id=\"165500\" data-analytics-asset-title=\"Cultura llanza \u00abLes coses pol so nome\u00bb, una campa\u00f1a pa promover l\u2019usu del asturianu al facer la compra\" data-analytics-asset-type=\"web-content\">\n<div class=\"noticia-detalle row\">\n<div class=\"col-md-7\">\n<div class=\"la-content\">\n<p>La Conseyer\u00eda de Cultura, Pol\u00edtica Lling\u00fc\u00edstica y Turismu llanza la campa\u00f1a <strong><span style=\"color: #008080\"><em>Les coses pol so nome<\/em><\/span><\/strong>, una iniciativa que pretende<span style=\"color: #008080\"> promover l&#8217;usu del asturianu a la hora de facer la compra dando visibilid\u00e1 a les f\u00f3rmules lling\u00fc\u00edstiques tradicionales pa los distintos productos.<\/span><\/p>\n<p><!--more--><\/p>\n<p>El Gobiernu del Princip\u00e1u, en collaboraci\u00f3n cola Uni\u00f3n de Comerciantes d&#8217;Asturies, va distribuyir en tiendes y supermercaos medianos de tola rex\u00f3n materiales divulgativos, como cartelos y folletos qu&#8217;incluyen un vocabulariu peque\u00f1u coles denominaciones tradicionales de la carne, el pexe o la fruta y verdura n&#8217;asturianu y eonaviegu. <em>Ll\u00e1mame pita<\/em>, <em>Ll\u00e1mame arbeyu<\/em> o <em>Ll\u00e1mame andarica<\/em> son dellos de los reclamos promocionales de la campa\u00f1a pa tentar de fomentar l&#8217;usu de la llingua asturiana a la hora de facer la compra.<\/p>\n<p style=\"text-align: center\">\n<!-- iframe plugin v.6.0 wordpress.org\/plugins\/iframe\/ -->\n<iframe loading=\"lazy\" src=\"https:\/\/www.facebook.com\/plugins\/post.php?href=https%3A%2F%2Fwww.facebook.com%2Fselmana.lletresasturianes%2Fposts%2Fpfbid02hYsodsyw4McobUEmoyzXgdfoyZ3eJFiCKzHqdkbWfce6ws6Sp1NKqrYtiLUQ1dRol&#038;show_text=false&#038;width=500\" width=\"500\" height=\"375\" style=\"border:none;overflow:hidden\" scrolling=\"no\" frameborder=\"0\" allowfullscreen=\"true\" allow=\"autoplay; clipboard-write; encrypted-media; picture-in-picture; web-share\" 0=\"\/iframe\" class=\"iframe-class\"><\/iframe>\n<\/p>\n<p>El director xeneral de Pol\u00edtica Lling\u00fc\u00edstica, Ant\u00f3n Garc\u00eda, present\u00f3 esta ma\u00f1ana la campa\u00f1a acompa\u00f1\u00e1u pol director xeneral de Comerciu, Entamadores y Econom\u00eda social, Julio Gonz\u00e1lez Zapico, y la xerente de la Uni\u00f3n de Comerciantes d&#8217;Asturies, Carmen Moreno.<\/p>\n<p>La campa\u00f1a va desarrollase hasta finales d\u2019a\u00f1u en dellos soportes y per dellos medios: repartu de carteler\u00eda y de folletos con un vocabulariu sectorial peque\u00f1u, anuncios na TPA, anuncios en prensa escrita y dixital, cu\u00f1es en cadenes de radio, redes sociales, mupis nes ciudades m\u00e1s importantes, etc. Los materiales van repartise n&#8217;asturianu en bona parte del territoriu d&#8217;Asturies con una dotaci\u00f3n espec\u00edfica n&#8217;eonaviegu pa la parte m\u00e1s occidental de la comunid\u00e1.<\/p>\n<p style=\"text-align: center\"><span style=\"color: #008080\"><strong>Materiales de la campa\u00f1a (llingua asturiana)<\/strong>:<\/span><\/p>\n<p><em><strong><a href=\"https:\/\/politicallinguistica.asturias.es\/documents\/35940\/164601\/Cartel+xeneral+Les+coses+pol+so+nome.pdf\/66b84b33-1183-6c3d-69c9-2657f94bbb48?t=1666335652760\" target=\"_blank\" rel=\"noopener\">Cartel xeneral Les coses pol so nome<\/a>.<\/strong><\/em><\/p>\n<p><em><strong><a href=\"https:\/\/politicallinguistica.asturias.es\/documents\/35940\/164601\/Cartel+Curiando+los+nomes.+Carnicer%C3%ADa+y+charcuter%C3%ADa.pdf\/9f7f6ab0-59a5-6c85-aaf7-95723addacd0?t=1666335770831\" target=\"_blank\" rel=\"noopener\">Cartel Les coses pol so nome. Carnicer\u00eda y charcuter\u00eda<\/a>.<\/strong><\/em><\/p>\n<p><em><strong><a href=\"https:\/\/politicallinguistica.asturias.es\/documents\/35940\/164601\/Cartel+La+mar+de+nomes.+Ll%C3%A1mame+andarica.pdf\/f294093e-1e20-08e5-cf24-ac5e5b0d07c5?t=1666335758696\" target=\"_blank\" rel=\"noopener\">Cartel Les coses pol so nome. Pexe y mariscu<\/a>.<\/strong><\/em><\/p>\n<p><em><strong><a href=\"https:\/\/politicallinguistica.asturias.es\/documents\/35940\/164601\/Cartel+Una+collecha+de+nomes.+Ll%C3%A1mame+arbeyu.pdf\/549a4e3e-3ddc-59da-07ce-296524abe61e?t=1666335700362\" target=\"_blank\" rel=\"noopener\">Cartel Les coses pol so nome. Fruta y verdura<\/a>.<\/strong><\/em><\/p>\n<p><em><strong><a href=\"https:\/\/politicallinguistica.asturias.es\/documents\/35940\/164601\/Folletu+Les+coses+pol+so+nome.+Carnicer%C3%ADa+y+charcuter%C3%ADa.pdf\/76617ef3-a946-dc1b-4df0-4214772a608a?t=1666335866123\" target=\"_blank\" rel=\"noopener\">Folletu Les coses pol so nome. Carnicer\u00eda y charcuter\u00eda<\/a>.<\/strong><\/em><\/p>\n<p><em><strong><a href=\"https:\/\/politicallinguistica.asturias.es\/documents\/35940\/164601\/Folletu+Les+coses+pol+so+nome.+Pexe+y+mariscu.pdf\/8f932a13-37c6-04e9-1996-3c7fa2094235?t=1666335896086\" target=\"_blank\" rel=\"noopener\">Folletu Les coses pol so nome. Pexe y mariscu<\/a>.<\/strong><\/em><\/p>\n<p><em><strong><a href=\"https:\/\/politicallinguistica.asturias.es\/documents\/35940\/164601\/Folletu+Les+coses+pol+so+nome.+Fruta+y+verdura.pdf\/02017cd2-7a99-a465-b56f-7326ecef7d40?t=1666335883672\" target=\"_blank\" rel=\"noopener\">Folletu Les coses pol so nome. Fruta y verdura<\/a>.<\/strong><\/em><\/p>\n<p><em><strong><a href=\"https:\/\/politicallinguistica.asturias.es\/documents\/35940\/164601\/Spot+Les+coses+pol+so+nome.+Curiando+los+nomes.mp4\/590a976e-ec3f-0bb0-f284-15d3ec5d2a3c?t=1666335961247\" target=\"_blank\" rel=\"noopener\">Spot televisivu Les coses pol so nome. Carnicer\u00eda y charcuter\u00eda<\/a>.<\/strong><\/em><\/p>\n<p><em><strong><a href=\"https:\/\/politicallinguistica.asturias.es\/documents\/35940\/164601\/Spot+Les+coses+pol+so+nome.+La+mar+de+nomes.mp4\/755eaf90-b7d3-6e21-70cb-041ccc391336?t=1666335977051\" target=\"_blank\" rel=\"noopener\">Spot televisivu Les coses pol so nome. Pexe y mariscu<\/a>.<\/strong><\/em><\/p>\n<p><em><strong><a href=\"https:\/\/politicallinguistica.asturias.es\/documents\/35940\/164601\/Spot+Les+coses+pol+so+nome.+Una+collecha+de+nomes.mp4\/4aa28ec3-eee5-78b8-7da8-1d741f2b1eb0?t=1666335991953\" target=\"_blank\" rel=\"noopener\">Spot televisivu Les coses pol so nome. Fruta y verdura<\/a>.<\/strong><\/em><\/p>\n<p style=\"text-align: center\"><span style=\"color: #008080\"><strong>Materiales de la campa\u00f1a (eonaviegu)<\/strong>:<\/span><\/p>\n<p><a href=\"https:\/\/politicallinguistica.asturias.es\/documents\/35940\/164601\/Cartel+xeneral+As+cousas+pol+so+nome.pdf\/30a8d7a1-b739-0d66-e450-3fab67d6bb62?t=1666335669839\" target=\"_blank\" rel=\"noopener\">Cartel xeneral As cousas pol sou nome<\/a>.<\/p>\n<p><a href=\"https:\/\/politicallinguistica.asturias.es\/documents\/35940\/164601\/Cartel+Cuidando+os+nomes.+Carniceir%C3%ADa+y+charcuter%C3%ADa.pdf\/2eebf23d-7ffe-fc54-d6f4-ba202e1e9025?t=1666335782915\" target=\"_blank\" rel=\"noopener\">Cartel As cousas pol so nome. Carniceir\u00eda y charcuteir\u00eda<\/a>.<\/p>\n<p><a href=\"https:\/\/politicallinguistica.asturias.es\/documents\/35940\/164601\/Cartel+Lamar+de+nomes.+Ch%C3%A1mame+andarica.pdf\/666143e6-9105-eff9-7b20-de75e6bbbdac?t=1666335744965\" target=\"_blank\" rel=\"noopener\">Cartel As cousas pol sou nome. Pexe y marisco<\/a>.<\/p>\n<p><a href=\"https:\/\/politicallinguistica.asturias.es\/documents\/35940\/164601\/Cartel+%C3%9Aa+coyeta+de+nomes.+Ch%C3%A1mame+arbeyo.pdf\/9ab5e23b-07d0-59f3-b9a2-d1ec5a4dc2cc?t=1666335724278\" target=\"_blank\" rel=\"noopener\">Cartel As cousas pol sou nome. Fruta y verdura<\/a>.<\/p>\n<p><a href=\"https:\/\/politicallinguistica.asturias.es\/documents\/35940\/164601\/Folleto+As+cousas+pol+sou+nome.+Carniceir%C3%ADa+y+charcuteir%C3%ADa.pdf\/301e6565-c861-48c3-56ce-dedfc38eec64?t=1666335799629\" target=\"_blank\" rel=\"noopener\">Folletu As cousas pol so nome. Carniceir\u00eda y charcuteir\u00eda<\/a>.<\/p>\n<p><a href=\"https:\/\/politicallinguistica.asturias.es\/documents\/35940\/164601\/Folleto+As+cousas+pol+sou+nome.+Pexe+y+marisco.pdf\/3a663325-0455-8138-b911-d5c9f5a846ac?t=1666335850956\" target=\"_blank\" rel=\"noopener\">Folletu As cousas pol sou nome. Pexe y marisco<\/a>.<\/p>\n<p><a href=\"https:\/\/politicallinguistica.asturias.es\/documents\/35940\/164601\/Folleto+As+cousas+pol+sou+nome.+Fruta+y+verdura.pdf\/b24fcb10-2d2e-77ed-b599-72da5a9a12f9?t=1666335836219\" target=\"_blank\" rel=\"noopener\">Folletu As cousas pol sou nome. Fruta y verdura<\/a>.<\/p>\n<p><a href=\"https:\/\/politicallinguistica.asturias.es\/documents\/35940\/164601\/Spot+As+cousas+pol+sou+nome.+Cuidando+os+nomes.mp4\/03a69011-b21c-6a93-70b0-4421a5904370?t=1666335915872\" target=\"_blank\" rel=\"noopener\">Spot televisivo As cousas pol so nome. Carniceir\u00eda y charcuteir\u00eda<\/a>.<\/p>\n<p><a href=\"https:\/\/politicallinguistica.asturias.es\/documents\/35940\/164601\/Spot+As+cousas+pol+sou+nome.+Lamar+de+nomes.mp4\/fa22e515-4963-0cec-7e4a-fa14fb2cb391?t=1666335931644\" target=\"_blank\" rel=\"noopener\">Spot televisivo As cousas pol sou nome. Pexe y marisco<\/a>.<\/p>\n<p><a href=\"https:\/\/politicallinguistica.asturias.es\/documents\/35940\/164601\/Spot+As+cousas+pol+sou+nome.+%C3%9Aa+coyeta+de+nomes.mp4\/82e2aa90-a1df-7e71-280a-6aec1be71440?t=1666335946845\" target=\"_blank\" rel=\"noopener\">Spot televisivo As cousas pol sou nome. Fruta y verdura<\/a>.<\/p>\n<\/div>\n<\/div>\n<\/div>\n<\/div>\n<\/div>\n<\/div>\n<\/div>\n<\/div>\n<\/div>\n<\/section>\n<\/div>\n<\/div>\n<\/div>\n<\/div>\n<\/div>\n<p>&nbsp;<\/p>\n","protected":false},"excerpt":{"rendered":"<p>Pol\u00edtica Lling\u00fc\u00edstica \/ Facebook Cultura llanza \u00abLes coses pol so nome\u00bb, una campa\u00f1a pa promover l\u2019usu del asturianu al facer la compra La Conseyer\u00eda de Cultura, Pol\u00edtica Lling\u00fc\u00edstica y Turismu llanza la campa\u00f1a Les coses pol so nome, una iniciativa que pretende promover l&#8217;usu del asturianu a la hora de facer la compra dando visibilid\u00e1 [&hellip;]<\/p>\n","protected":false},"author":117,"featured_media":0,"comment_status":"open","ping_status":"open","sticky":false,"template":"","format":"standard","meta":{"footnotes":""},"categories":[214],"tags":[],"class_list":["post-14858","post","type-post","status-publish","format-standard","hentry","category-cartelos"],"_links":{"self":[{"href":"https:\/\/edublog.educastur.es\/ixuxu\/wp-json\/wp\/v2\/posts\/14858","targetHints":{"allow":["GET"]}}],"collection":[{"href":"https:\/\/edublog.educastur.es\/ixuxu\/wp-json\/wp\/v2\/posts"}],"about":[{"href":"https:\/\/edublog.educastur.es\/ixuxu\/wp-json\/wp\/v2\/types\/post"}],"author":[{"embeddable":true,"href":"https:\/\/edublog.educastur.es\/ixuxu\/wp-json\/wp\/v2\/users\/117"}],"replies":[{"embeddable":true,"href":"https:\/\/edublog.educastur.es\/ixuxu\/wp-json\/wp\/v2\/comments?post=14858"}],"version-history":[{"count":5,"href":"https:\/\/edublog.educastur.es\/ixuxu\/wp-json\/wp\/v2\/posts\/14858\/revisions"}],"predecessor-version":[{"id":14865,"href":"https:\/\/edublog.educastur.es\/ixuxu\/wp-json\/wp\/v2\/posts\/14858\/revisions\/14865"}],"wp:attachment":[{"href":"https:\/\/edublog.educastur.es\/ixuxu\/wp-json\/wp\/v2\/media?parent=14858"}],"wp:term":[{"taxonomy":"category","embeddable":true,"href":"https:\/\/edublog.educastur.es\/ixuxu\/wp-json\/wp\/v2\/categories?post=14858"},{"taxonomy":"post_tag","embeddable":true,"href":"https:\/\/edublog.educastur.es\/ixuxu\/wp-json\/wp\/v2\/tags?post=14858"}],"curies":[{"name":"wp","href":"https:\/\/api.w.org\/{rel}","templated":true}]}}