{"id":14906,"date":"2022-10-31T23:33:19","date_gmt":"2022-10-31T21:33:19","guid":{"rendered":"https:\/\/edublog.educastur.es\/ixuxu\/?p=14906"},"modified":"2022-11-03T00:34:29","modified_gmt":"2022-11-02T22:34:29","slug":"llega-la-nueche-danimes-el-pasu-del-branu-al-iviernu","status":"publish","type":"post","link":"https:\/\/edublog.educastur.es\/ixuxu\/2022\/10\/llega-la-nueche-danimes-el-pasu-del-branu-al-iviernu\/","title":{"rendered":"Llega la Nueche d\u2019\u00c1nimes, el pasu del branu al iviernu"},"content":{"rendered":"<div class=\"region region-content\">\n<div id=\"block-system-main\" class=\"block block-system\">\n<div class=\"block-inner\">\n<div class=\"content\">\n<div id=\"node-54668\" class=\"node node-noticies node-promoted clearfix\">\n<div class=\"node-inner\">\n<div class=\"full-node\">\n<div class=\"content clearfix\">\n<div class=\"field field-name-field-semeya2 field-type-image field-label-hidden\">\n<div class=\"field-items\">\n<div class=\"field-item even\"><img loading=\"lazy\" decoding=\"async\" class=\"aligncenter\" title=\"Calabaza Nueche d'\u00c1nimes\" src=\"https:\/\/asturies.com\/sites\/default\/files\/styles\/large\/public\/calabaza_nueche_danimes.jpg?itok=9lnLWj6a\" alt=\"Calabaza Nueche d'\u00c1nimes\" width=\"458\" height=\"344\" \/><\/div>\n<\/div>\n<\/div>\n<div class=\"field field-name-body field-type-text-with-summary field-label-hidden\">\n<div class=\"field-items\">\n<div class=\"field-item even\">\n<p>Esta nueche ye la Nueche d\u2019\u00c1nimes, xornada que na tradici\u00f3n celta marcaba\u2019l pasu del branu al iviernu, cuando la escurid\u00e1 gana a la lluz. A los nuesos d\u00edes lleg\u00f3 tami\u00e9n como Difuntos, una celebraci\u00f3n mui de nueso que calti\u00e9n munches tradiciones magar que\u2019l medi\u00e1ticu Halloween estauxunidense ganara visibilid\u00e1 nestes d\u00e9cades \u00faltimes. <a href=\"https:\/\/asturies.com\/noticies\/llega-la-nueche-danimes-el-pasu-del-branu-al-iviernu?fbclid=IwAR39EWT3ayC5uOF4M9nIsX0o8siFCKCxXz2-mqua5BRRPUYIcqOSEugJNjw\">Fonte: Asturies.com<\/a><\/p>\n<p><!--more--><\/p>\n<p>El Samhain o Nueche d\u2019\u00c1nimes, como se conoz n\u2019Asturies, ye una fiesta de transici\u00f3n y d\u2019apertura al otru mundu, y\u00e1 que nesta fecha los celtes cre\u00eden que los esp\u00edritu de los muertos tornaben al mundu de los vivos. Son munchos los rituales que se faen esta nueche y ente les tradiciones qu\u2019entov\u00eda lleguen a la nuesa fecha ta l\u2019afuracamientu de nabos, anque tami\u00e9n de calabaces, que se sol\u00eden colocar nos cruces de cam\u00edn nel pas\u00e1u.<\/p>\n<p>Pa conocer un poco m\u00e1s d\u2019esta fecha recordamos esta cr\u00f3nica de la charra <a href=\"http:\/\/asturies.com\/noticies\/%E2%80%9Cel-tema-los-muertos-ye-lo-que-m%C3%A1s-vivo-ta-na-tradici%C3%B3n%E2%80%9D-afirma-%C3%A1lvarez-pe%C3%B1a\">\u2018El D\u00eda Difuntos na tradici\u00f3n asturiana\u2019<\/a>, entamada pola Lliga Celta d\u2019Asturies, que punxo Alberto \u00c1lvarez Pe\u00f1a. \u00bfC\u00f3mo celebres tu la Nueche d\u2019\u00c1nimes? <a href=\"http:\/\/asturies.com\/alagueta\/llega-la-nueche-d%C3%A1nimes\">Nesti reportaxe de \u2018A la Gueta los Sua\u00f1os\u2019<\/a> tami\u00e9n pues garrar delles idees.<\/p>\n<p><strong>Tornes los eventos multitudinarios<\/strong><\/p>\n<p>A diferencia de los a\u00f1os anteriores, por mor de les restricciones pola situaci\u00f3n sanitaria pola pandemia de COVID-19, esti a\u00f1u tornen los eventos multitudinarios pa la Nueche d\u2019\u00c1nimes. Tami\u00e9n llega la normalid\u00e1 a los cementerios de cara a la xornada de ma\u00f1ana, Tolos Santos, na que los ciudadanos acuden a estos espacios a visitar a los sos seres quer\u00edos finaos.<\/p>\n<p>La celebraci\u00f3n que m\u00e1s xente axunta ye la de l\u2019Asociaci\u00f3n Vecinal La Serena, del barriu xixon\u00e9s d\u2019El Llano, que lleva a\u00f1os entamando actividaes pa festexar Sama\u00edn emplegando la llingua asturiana na carteler\u00eda. Pa esta ocasi\u00f3n recup\u00e9rense les verbenes, qu\u2019esta nueche va protagonizar el grupu Assia, y pa esta tarde t\u00e1n preparaos dellos talleres infantiles y un concursu de mazcaritos.<\/p>\n<p>El Conceyu de Mieres recupera tami\u00e9n la so celebraci\u00f3n de Sama\u00edn col \u2018Nun ye Halloween, ye Sama\u00edn\u2019 na plaza\u2019l Requexu. A les 17.30 hores hai un desfile dende la Casa Cultura; a les 19 hores van entamase xuegos, animaci\u00f3n infantil y cuentacuentos con Elisabet Mart\u00edn Teatro; y a les 22 hores va ser el turnu de la m\u00fasica con DJ Masip.<\/p>\n<p>En Goz\u00f3n promoci\u00f3nase d\u2019igual forma dende les instituciones Sam\u00e1in con una programaci\u00f3n na que s\u2019incl\u00fai\u2019l VII Concursu de Calabaces nel parque Zapardel de Lluanco dende les 19 hores. Enantes, a les 18 hores, va entamase un amag\u00fcestu y una esfoyaza, organizaos polos coleutivos Cultural Fuma\u00f1eda Santolaya y Fuente L\u2019Ordo\u00f1o, y l\u2019actuaci\u00f3n de la Bandina La Xarangana depu\u00e9s del concursu.<\/p>\n<p>Corvera, mentes apuesta por referise a la celebraci\u00f3n como Nueche d\u2019\u00c1nimes. El Llar convi\u00e9rtese nuna Casa del Terror pa p\u00fablicu familiar con menores de 12 a\u00f1os, de 18 a 20 hores, y p\u2019adultos y mayores de 12 a\u00f1os de 20.30 a 2 hores.<\/p>\n<p>Tami\u00e9n la Nueche d\u2019\u00c1nimes hai programaci\u00f3n en Llanera. Los m\u00e1s mozos, de 4 a 12 a\u00f1os, van contar con un Baille d\u2019\u00c1nimes de 19 a 20.15 hores, na plaza de La Habana de Posada, mentes que los mayores de 12 a\u00f1os van poder disfrutar de teatru d\u2019inmersi\u00f3n de 20.30 a les 22, entrambes actividaes de baldre anque ye necesario inscripci\u00f3n previa.<\/p>\n<\/div>\n<\/div>\n<\/div>\n<div class=\"field field-name-upload field-type-file field-label-hidden\">\n<div class=\"field-items\">\n<div class=\"field-item even\">\n<table class=\"sticky-header\">\n<thead>\n<tr>\n<th><\/th>\n<th><\/th>\n<\/tr>\n<\/thead>\n<\/table>\n<table class=\"sticky-enabled tableheader-processed sticky-table\">\n<thead>\n<tr>\n<th>Adxuntu<\/th>\n<th>Tama\u00f1u<\/th>\n<\/tr>\n<\/thead>\n<tbody>\n<tr class=\"odd\">\n<td><span class=\"file\"><img decoding=\"async\" class=\"file-icon\" title=\"image\/jpeg\" src=\"https:\/\/asturies.com\/modules\/file\/icons\/image-x-generic.png\" alt=\"Image icon\" \/> <a title=\"cartelu_samain_el_llano.jpg\" href=\"https:\/\/asturies.com\/sites\/default\/files\/cartelu_samain_el_llano_0.jpg\">Cartelu Sama\u00edn El Llano<\/a><\/span><\/td>\n<td>639.42 KB<\/td>\n<\/tr>\n<tr class=\"even\">\n<td><span class=\"file\"><img decoding=\"async\" class=\"file-icon\" title=\"image\/jpeg\" src=\"https:\/\/asturies.com\/modules\/file\/icons\/image-x-generic.png\" alt=\"Image icon\" \/> <a title=\"cartelu_samain_gozon.jpg\" href=\"https:\/\/asturies.com\/sites\/default\/files\/cartelu_samain_gozon.jpg\">Cartelu Sama\u00edn Goz\u00f3n<\/a><\/span><\/td>\n<td>89.79 KB<\/td>\n<\/tr>\n<tr class=\"odd\">\n<td><span class=\"file\"><img decoding=\"async\" class=\"file-icon\" title=\"image\/jpeg\" src=\"https:\/\/asturies.com\/modules\/file\/icons\/image-x-generic.png\" alt=\"Image icon\" \/> <a title=\"cartelu_samain_mieres.jpg\" href=\"https:\/\/asturies.com\/sites\/default\/files\/cartelu_samain_mieres_0.jpg\">Cartelu Sama\u00edn Mieres<\/a><\/span><\/td>\n<td>422.46 KB<\/td>\n<\/tr>\n<tr class=\"even\">\n<td><span class=\"file\"><img decoding=\"async\" class=\"file-icon\" title=\"image\/jpeg\" src=\"https:\/\/asturies.com\/modules\/file\/icons\/image-x-generic.png\" alt=\"Image icon\" \/> <a title=\"cartelu_iii_nueche_danimes_de_corvera.jpg\" href=\"https:\/\/asturies.com\/sites\/default\/files\/cartelu_iii_nueche_danimes_de_corvera.jpg\">Cartelu III Nueche d&#8217;\u00c1nimes de Corvera<\/a><\/span><\/td>\n<td>138.96 KB<\/td>\n<\/tr>\n<tr class=\"odd\">\n<td><span class=\"file\"><img decoding=\"async\" class=\"file-icon\" title=\"image\/png\" src=\"https:\/\/asturies.com\/modules\/file\/icons\/image-x-generic.png\" alt=\"Image icon\" \/> <a title=\"cartelu_nueche_danimes_llanera_pequenos.png\" href=\"https:\/\/asturies.com\/sites\/default\/files\/cartelu_nueche_danimes_llanera_pequenos.png\">Cartelu Nueche d&#8217;\u00c1nimes Llanera peque\u00f1os<\/a><\/span><\/td>\n<td>94.79 KB<\/td>\n<\/tr>\n<tr class=\"even\">\n<td><span class=\"file\"><img decoding=\"async\" class=\"file-icon\" title=\"image\/png\" src=\"https:\/\/asturies.com\/modules\/file\/icons\/image-x-generic.png\" alt=\"Image icon\" \/> <a title=\"cartelu_nueche_danimes_llanera_mayores.png\" href=\"https:\/\/asturies.com\/sites\/default\/files\/cartelu_nueche_danimes_llanera_mayores.png\">Cartelu Nueche d&#8217;\u00c1nimes Llanera mayores<\/a><\/span><\/td>\n<td>92.1 KB<\/td>\n<\/tr>\n<\/tbody>\n<\/table>\n<\/div>\n<\/div>\n<\/div>\n<\/div>\n<\/div>\n<\/div>\n<\/div>\n<\/div>\n<\/div>\n<\/div>\n<\/div>\n<p>&nbsp;<\/p>\n","protected":false},"excerpt":{"rendered":"<p>Esta nueche ye la Nueche d\u2019\u00c1nimes, xornada que na tradici\u00f3n celta marcaba\u2019l pasu del branu al iviernu, cuando la escurid\u00e1 gana a la lluz. A los nuesos d\u00edes lleg\u00f3 tami\u00e9n como Difuntos, una celebraci\u00f3n mui de nueso que calti\u00e9n munches tradiciones magar que\u2019l medi\u00e1ticu Halloween estauxunidense ganara visibilid\u00e1 nestes d\u00e9cades \u00faltimes. Fonte: Asturies.com<\/p>\n","protected":false},"author":117,"featured_media":0,"comment_status":"open","ping_status":"open","sticky":false,"template":"","format":"standard","meta":{"footnotes":""},"categories":[97],"tags":[],"class_list":["post-14906","post","type-post","status-publish","format-standard","hentry","category-samain"],"_links":{"self":[{"href":"https:\/\/edublog.educastur.es\/ixuxu\/wp-json\/wp\/v2\/posts\/14906","targetHints":{"allow":["GET"]}}],"collection":[{"href":"https:\/\/edublog.educastur.es\/ixuxu\/wp-json\/wp\/v2\/posts"}],"about":[{"href":"https:\/\/edublog.educastur.es\/ixuxu\/wp-json\/wp\/v2\/types\/post"}],"author":[{"embeddable":true,"href":"https:\/\/edublog.educastur.es\/ixuxu\/wp-json\/wp\/v2\/users\/117"}],"replies":[{"embeddable":true,"href":"https:\/\/edublog.educastur.es\/ixuxu\/wp-json\/wp\/v2\/comments?post=14906"}],"version-history":[{"count":2,"href":"https:\/\/edublog.educastur.es\/ixuxu\/wp-json\/wp\/v2\/posts\/14906\/revisions"}],"predecessor-version":[{"id":14908,"href":"https:\/\/edublog.educastur.es\/ixuxu\/wp-json\/wp\/v2\/posts\/14906\/revisions\/14908"}],"wp:attachment":[{"href":"https:\/\/edublog.educastur.es\/ixuxu\/wp-json\/wp\/v2\/media?parent=14906"}],"wp:term":[{"taxonomy":"category","embeddable":true,"href":"https:\/\/edublog.educastur.es\/ixuxu\/wp-json\/wp\/v2\/categories?post=14906"},{"taxonomy":"post_tag","embeddable":true,"href":"https:\/\/edublog.educastur.es\/ixuxu\/wp-json\/wp\/v2\/tags?post=14906"}],"curies":[{"name":"wp","href":"https:\/\/api.w.org\/{rel}","templated":true}]}}