{"id":14915,"date":"2022-11-09T09:06:37","date_gmt":"2022-11-09T07:06:37","guid":{"rendered":"https:\/\/edublog.educastur.es\/ixuxu\/?p=14915"},"modified":"2022-11-10T13:25:56","modified_gmt":"2022-11-10T11:25:56","slug":"muriu-de-berlin","status":"publish","type":"post","link":"https:\/\/edublog.educastur.es\/ixuxu\/2022\/11\/muriu-de-berlin\/","title":{"rendered":"Muriu de Berl\u00edn"},"content":{"rendered":"<p>Un 9 de payares de fai 33 a\u00f1os cay\u00f3&#8217;l Muriu de Berl\u00edn, fechu que marc\u00f3 la unificaci\u00f3n d&#8217;Alema\u00f1a, cola desapaici\u00f3n d&#8217;Alema\u00f1a Oriental, y el final de la Guerra Fr\u00eda. ??Te compartimos delles cifres del s\u00edmbolu m\u00e1s emblem\u00e1ticu de la Cortina de fierro.?<\/p>\n<ul>\n<li><a href=\"https:\/\/www.facebook.com\/Cultura.UNAM.pagina\/photos\/a.10151781983459849\/10159072083134849\/\">Fonte: Cultura UNAM<\/a><\/li>\n<li>Muriu de Berl\u00edn: <a href=\"https:\/\/es.wikipedia.org\/wiki\/Muro_de_Berl%C3%ADn\">wiki<\/a> \/<a href=\"https:\/\/www.bing.com\/images\/search?q=muro+de+berlin&amp;form=HDRSC3&amp;first=1&amp;tsc=ImageHoverTitle\"> semeyes<\/a> \/<\/li>\n<\/ul>\n<p style=\"text-align: center\">\n<!-- iframe plugin v.6.0 wordpress.org\/plugins\/iframe\/ -->\n<iframe loading=\"lazy\" src=\"https:\/\/www.facebook.com\/plugins\/post.php?href=https%3A%2F%2Fwww.facebook.com%2FCultura.UNAM.pagina%2Fposts%2Fpfbid0qxHqGK4GbWs5BN4ZR516g4RBptfVi5UuA7zFYbWkkBLKLKwdH6gDRay2zGJvcgyil&#038;show_text=false&#038;width=500\" width=\"500\" height=\"498\" style=\"border:none;overflow:hidden\" scrolling=\"no\" frameborder=\"0\" allowfullscreen=\"true\" allow=\"autoplay; clipboard-write; encrypted-media; picture-in-picture; web-share\" 0=\"\/iframe\" class=\"iframe-class\"><\/iframe>\n<\/p>\n<p><!--more--><\/p>\n<p><a href=\"https:\/\/supuestonegado.com\/wp-content\/uploads\/2018\/11\/Muro-de-berlin.jpg\"><img loading=\"lazy\" decoding=\"async\" class=\"aligncenter\" src=\"https:\/\/supuestonegado.com\/wp-content\/uploads\/2018\/11\/Muro-de-berlin.jpg\" alt=\"\" width=\"800\" height=\"493\" \/><\/a><\/p>\n<p style=\"text-align: center\"><a href=\"https:\/\/s3.abcstatics.com\/media\/internacional\/2019\/11\/09\/mapa-alemania-berlin--620x349.jpg\"><img loading=\"lazy\" decoding=\"async\" class=\"alignnone\" src=\"https:\/\/s3.abcstatics.com\/media\/internacional\/2019\/11\/09\/mapa-alemania-berlin--620x349.jpg\" alt=\"\" width=\"2585\" height=\"1455\" \/><\/a><\/p>\n<p style=\"text-align: center\"><a href=\"http:\/\/https:\/\/d500.epimg.net\/cincodias\/imagenes\/2019\/11\/21\/fortunas\/1574353951_184697_1574354690_sumario_normal.jpg\">http:\/\/https:\/\/d500.epimg.net\/cincodias\/imagenes\/2019\/11\/21\/fortunas\/1574353951_184697_1574354690_sumario_normal.jpg<\/a><\/p>\n<p style=\"text-align: center\"><a href=\"https:\/\/1.bp.blogspot.com\/-A4CEDxbfF28\/U4rGx4xOxXI\/AAAAAAAAQYs\/o9mYP0xeYAc\/s1600\/ca%C3%ADda+muro+Berl%C3%ADn.jpg\"><img loading=\"lazy\" decoding=\"async\" class=\"alignnone\" src=\"https:\/\/1.bp.blogspot.com\/-A4CEDxbfF28\/U4rGx4xOxXI\/AAAAAAAAQYs\/o9mYP0xeYAc\/s1600\/ca%C3%ADda+muro+Berl%C3%ADn.jpg\" alt=\"\" width=\"990\" height=\"640\" \/><\/a><\/p>\n<p>&nbsp;<\/p>\n<p style=\"text-align: center\">\n<!-- iframe plugin v.6.0 wordpress.org\/plugins\/iframe\/ -->\n<iframe loading=\"lazy\" width=\"100%\" height=\"395\" src=\"https:\/\/www.youtube.com\/embed\/nOyZ5XJq80k\" title=\"La CA\u00cdDA del MURO de BERL\u00cdN | Draw My Life\" frameborder=\"0\" allow=\"accelerometer; autoplay; clipboard-write; encrypted-media; gyroscope; picture-in-picture\" 0=\"allowfullscreen\" 1=\"\/iframe\" scrolling=\"yes\" class=\"iframe-class\"><\/iframe>\n<\/p>\n<p style=\"text-align: center\">\n<!-- iframe plugin v.6.0 wordpress.org\/plugins\/iframe\/ -->\n<iframe loading=\"lazy\" width=\"100%\" height=\"395\" src=\"https:\/\/www.youtube.com\/embed\/sQxT-oKkuko\" title=\"Por qu\u00e9 se construy\u00f3 el Muro de Berl\u00edn y qu\u00e9 provoc\u00f3 su ca\u00edda | BBC Mundo\" frameborder=\"0\" allow=\"accelerometer; autoplay; clipboard-write; encrypted-media; gyroscope; picture-in-picture\" 0=\"allowfullscreen\" 1=\"\/iframe\" scrolling=\"yes\" class=\"iframe-class\"><\/iframe>\n<\/p>\n<p>Alema\u00f1a (n&#8217;alem\u00e1n, Deutschland), ye unu de los ventisiete Estaos soberanos que formen la Uni\u00f3n Europea. Constituy\u00edu n&#8217;Est\u00e1u social y democr\u00e1ticu de derechu, la so forma de gobiernu ye la rep\u00fablica parlamentario y federal. La so capital ye Berl\u00edn. <a href=\"https:\/\/es.wikipedia.org\/wiki\/Alemania#Nombre\">Wiki<\/a><\/p>\n<p style=\"text-align: center\"><a href=\"https:\/\/s3.amazonaws.com\/files.qrz.com\/c\/do2kc\/deutschlandkarte_big.jpg\"><img loading=\"lazy\" decoding=\"async\" class=\"alignnone\" src=\"https:\/\/s3.amazonaws.com\/files.qrz.com\/c\/do2kc\/deutschlandkarte_big.jpg\" alt=\"\" width=\"757\" height=\"1006\" \/><\/a><\/p>\n<p><a href=\"https:\/\/upload.wikimedia.org\/wikipedia\/commons\/thumb\/2\/26\/EU-Germany.svg\/1280px-EU-Germany.svg.png\"><img loading=\"lazy\" decoding=\"async\" class=\"alignnone\" src=\"https:\/\/upload.wikimedia.org\/wikipedia\/commons\/thumb\/2\/26\/EU-Germany.svg\/1280px-EU-Germany.svg.png\" alt=\"\" width=\"1280\" height=\"1077\" \/><\/a><\/p>\n<p>&nbsp;<\/p>\n","protected":false},"excerpt":{"rendered":"<p>Un 9 de payares de fai 33 a\u00f1os cay\u00f3&#8217;l Muriu de Berl\u00edn, fechu que marc\u00f3 la unificaci\u00f3n d&#8217;Alema\u00f1a, cola desapaici\u00f3n d&#8217;Alema\u00f1a Oriental, y el final de la Guerra Fr\u00eda. ??Te compartimos delles cifres del s\u00edmbolu m\u00e1s emblem\u00e1ticu de la Cortina de fierro.? Fonte: Cultura UNAM Muriu de Berl\u00edn: wiki \/ semeyes \/<\/p>\n","protected":false},"author":117,"featured_media":0,"comment_status":"open","ping_status":"open","sticky":false,"template":"","format":"standard","meta":{"footnotes":""},"categories":[25],"tags":[],"class_list":["post-14915","post","type-post","status-publish","format-standard","hentry","category-curiosidaes"],"_links":{"self":[{"href":"https:\/\/edublog.educastur.es\/ixuxu\/wp-json\/wp\/v2\/posts\/14915","targetHints":{"allow":["GET"]}}],"collection":[{"href":"https:\/\/edublog.educastur.es\/ixuxu\/wp-json\/wp\/v2\/posts"}],"about":[{"href":"https:\/\/edublog.educastur.es\/ixuxu\/wp-json\/wp\/v2\/types\/post"}],"author":[{"embeddable":true,"href":"https:\/\/edublog.educastur.es\/ixuxu\/wp-json\/wp\/v2\/users\/117"}],"replies":[{"embeddable":true,"href":"https:\/\/edublog.educastur.es\/ixuxu\/wp-json\/wp\/v2\/comments?post=14915"}],"version-history":[{"count":5,"href":"https:\/\/edublog.educastur.es\/ixuxu\/wp-json\/wp\/v2\/posts\/14915\/revisions"}],"predecessor-version":[{"id":14920,"href":"https:\/\/edublog.educastur.es\/ixuxu\/wp-json\/wp\/v2\/posts\/14915\/revisions\/14920"}],"wp:attachment":[{"href":"https:\/\/edublog.educastur.es\/ixuxu\/wp-json\/wp\/v2\/media?parent=14915"}],"wp:term":[{"taxonomy":"category","embeddable":true,"href":"https:\/\/edublog.educastur.es\/ixuxu\/wp-json\/wp\/v2\/categories?post=14915"},{"taxonomy":"post_tag","embeddable":true,"href":"https:\/\/edublog.educastur.es\/ixuxu\/wp-json\/wp\/v2\/tags?post=14915"}],"curies":[{"name":"wp","href":"https:\/\/api.w.org\/{rel}","templated":true}]}}