{"id":14947,"date":"2022-11-13T23:01:04","date_gmt":"2022-11-13T21:01:04","guid":{"rendered":"https:\/\/edublog.educastur.es\/ixuxu\/?p=14947"},"modified":"2022-11-13T23:02:03","modified_gmt":"2022-11-13T21:02:03","slug":"asturies-ta-presente-na-feria-world-travel-market-de-londres","status":"publish","type":"post","link":"https:\/\/edublog.educastur.es\/ixuxu\/2022\/11\/asturies-ta-presente-na-feria-world-travel-market-de-londres\/","title":{"rendered":"Asturies ta presente na feria World Travel Market de Londres"},"content":{"rendered":"<p><a href=\"https:\/\/xixonaldia.com\/wp-content\/uploads\/2022\/11\/2022_11_09-Promocion-turistica-en-Londres-3.jpg\"><img loading=\"lazy\" decoding=\"async\" class=\"alignnone\" src=\"https:\/\/xixonaldia.com\/wp-content\/uploads\/2022\/11\/2022_11_09-Promocion-turistica-en-Londres-3.jpg\" alt=\"\" width=\"204\" height=\"291\" \/><\/a> \/<a href=\"https:\/\/verasturies.com\/wp-content\/uploads\/2022\/11\/WhatsApp-Image-2022-11-08-at-11.29.09.jpeg\"><img loading=\"lazy\" decoding=\"async\" class=\"alignnone\" src=\"https:\/\/verasturies.com\/wp-content\/uploads\/2022\/11\/WhatsApp-Image-2022-11-08-at-11.29.09.jpeg\" alt=\"\" width=\"422\" height=\"281\" \/><\/a><\/p>\n<ul>\n<li><a href=\"https:\/\/xixonaldia.com\/asturies-ta-presente-na-feria-world-travel-market-de-londres\/?fbclid=IwAR0h5PaXx_DqZ35t8xR9RvPc8hDa-oa0WL2dkbrcb657WiqCCpltyvpYNrI\">Fonte: Xix\u00f3n al d\u00eda<\/a><\/li>\n<li><a href=\"https:\/\/verasturies.com\/asturies-presente-en-los-taxis-de-londres\/?fbclid=IwAR0VNXrrESrL22z0JQqSiJgpv6FTV2ZK8qeAqJtApBYWPo-2UTvSzNRN5BQ\">Fonte: VER ASTURIES<\/a><\/li>\n<\/ul>\n<div class=\"td-post-content tagdiv-type\">\n<p>El Princip\u00e1u refuerza la so promoci\u00f3n tur\u00edstica internacional con un \u00e1rea esclusiva dientro del pabell\u00f3n de Turespa\u00f1a na feria World Travel Market (WTM), que se celebra esta selmana en Londres. L\u2019espaciu d\u2019Asturies ta recibiendo consultes profesionales y detect\u00f3se un creciente inter\u00e9s impuls\u00e1u pol refuerzu de les conexones a\u00e9rees directes con distintos destinos europeos.<\/p>\n<p><!--more--><\/p>\n<p>Am\u00e1s, por cuenta de la celebraci\u00f3n de la feria, Asturies fortalez la so estratexa d\u2019allugamientu na capital brit\u00e1nica con acciones promocionales en dellos medios de comunicaci\u00f3n como The Times y el suplementu Check-in, del Daily Mail. Coles mesmes, un centenar de taxis el\u00e9ctricos londinenses van llevar la imaxe tur\u00edstica del Princip\u00e1u hasta finales de mes.<\/p>\n<p>World Travel Market ye una de les principales feries profesionales de turismu a nivel internacional y nesta edici\u00f3n cunta con 700 estands y m\u00e1s de 2.000 espositores d\u2019un centenar de pa\u00edses y rexones.<\/p>\n<p style=\"text-align: center\"><a href=\"https:\/\/verasturies.com\/wp-content\/uploads\/2022\/11\/WhatsApp-Image-2022-11-08-at-11.29.09.jpeg\"><img loading=\"lazy\" decoding=\"async\" class=\"alignnone\" src=\"https:\/\/verasturies.com\/wp-content\/uploads\/2022\/11\/WhatsApp-Image-2022-11-08-at-11.29.09.jpeg\" alt=\"\" width=\"1600\" height=\"1066\" \/><\/a><\/p>\n<blockquote>\n<h1 style=\"text-align: center\"><span style=\"font-size: 24px;color: #008080\">Asturies, presente en los taxis de Londres<\/span><\/h1>\n<div class=\"post-content post-single-content\">\n<p>\u00abEn todas las ocasiones\u00bb. As\u00ed reza uno de los versos del famoso himno asturiano al que, ahora, podemos a\u00f1adirle \u00aby en todos los lugares\u00bb. Y es que resulta que el cl\u00e1sico lema de promoci\u00f3n tur\u00edstica \u00abAsturies Para\u00edso Natural\u00bb se encuentra estos d\u00edas a la vista de todos los habitantes y visitantes de la capital inglesa. Eso s\u00ed, con su versi\u00f3n inglesa: Natural Paradise.<\/p>\n<p>Los taxis londinenses, que son uno de los m\u00faltiples emblemas de la capital brit\u00e1nica, son el soporte sobre los que el Gobierno de Asturies lleva a cabo estos d\u00edas su promoci\u00f3n como destino tur\u00edstico, mostrando el conocido h\u00f3rreo de La Regalina, situado en Cadav\u00e9u y que ha sido nombrado como pueblo ejemplar en el a\u00f1o 2022.<\/p>\n<\/div>\n<\/blockquote>\n<\/div>\n<p>&nbsp;<\/p>\n","protected":false},"excerpt":{"rendered":"<p>\/ Fonte: Xix\u00f3n al d\u00eda Fonte: VER ASTURIES El Princip\u00e1u refuerza la so promoci\u00f3n tur\u00edstica internacional con un \u00e1rea esclusiva dientro del pabell\u00f3n de Turespa\u00f1a na feria World Travel Market (WTM), que se celebra esta selmana en Londres. L\u2019espaciu d\u2019Asturies ta recibiendo consultes profesionales y detect\u00f3se un creciente inter\u00e9s impuls\u00e1u pol refuerzu de les conexones [&hellip;]<\/p>\n","protected":false},"author":117,"featured_media":0,"comment_status":"open","ping_status":"open","sticky":false,"template":"","format":"standard","meta":{"footnotes":""},"categories":[19,227],"tags":[],"class_list":["post-14947","post","type-post","status-publish","format-standard","hentry","category-asturies","category-viaxes"],"_links":{"self":[{"href":"https:\/\/edublog.educastur.es\/ixuxu\/wp-json\/wp\/v2\/posts\/14947","targetHints":{"allow":["GET"]}}],"collection":[{"href":"https:\/\/edublog.educastur.es\/ixuxu\/wp-json\/wp\/v2\/posts"}],"about":[{"href":"https:\/\/edublog.educastur.es\/ixuxu\/wp-json\/wp\/v2\/types\/post"}],"author":[{"embeddable":true,"href":"https:\/\/edublog.educastur.es\/ixuxu\/wp-json\/wp\/v2\/users\/117"}],"replies":[{"embeddable":true,"href":"https:\/\/edublog.educastur.es\/ixuxu\/wp-json\/wp\/v2\/comments?post=14947"}],"version-history":[{"count":4,"href":"https:\/\/edublog.educastur.es\/ixuxu\/wp-json\/wp\/v2\/posts\/14947\/revisions"}],"predecessor-version":[{"id":14951,"href":"https:\/\/edublog.educastur.es\/ixuxu\/wp-json\/wp\/v2\/posts\/14947\/revisions\/14951"}],"wp:attachment":[{"href":"https:\/\/edublog.educastur.es\/ixuxu\/wp-json\/wp\/v2\/media?parent=14947"}],"wp:term":[{"taxonomy":"category","embeddable":true,"href":"https:\/\/edublog.educastur.es\/ixuxu\/wp-json\/wp\/v2\/categories?post=14947"},{"taxonomy":"post_tag","embeddable":true,"href":"https:\/\/edublog.educastur.es\/ixuxu\/wp-json\/wp\/v2\/tags?post=14947"}],"curies":[{"name":"wp","href":"https:\/\/api.w.org\/{rel}","templated":true}]}}