{"id":14958,"date":"2022-11-15T22:12:54","date_gmt":"2022-11-15T20:12:54","guid":{"rendered":"https:\/\/edublog.educastur.es\/ixuxu\/?p=14958"},"modified":"2022-11-15T22:12:54","modified_gmt":"2022-11-15T20:12:54","slug":"los-arboles-tienen-memoria-y-tresmiten-la-conocencia-a-los-sos-fios","status":"publish","type":"post","link":"https:\/\/edublog.educastur.es\/ixuxu\/2022\/11\/los-arboles-tienen-memoria-y-tresmiten-la-conocencia-a-los-sos-fios\/","title":{"rendered":"Los \u00e1rboles tienen memoria y tresmiten la conocencia a los sos f\u00edos"},"content":{"rendered":"<p style=\"text-align: center\"><a href=\"https:\/\/www.ngenespanol.com\/wp-content\/uploads\/2022\/10\/arboles-tarnsmiten-conocimiento-1024x682.jpg\"><img loading=\"lazy\" decoding=\"async\" class=\"alignnone\" src=\"https:\/\/www.ngenespanol.com\/wp-content\/uploads\/2022\/10\/arboles-tarnsmiten-conocimiento-1024x682.jpg\" alt=\"\" width=\"664\" height=\"442\" \/><\/a><\/p>\n<ul>\n<li><a href=\"https:\/\/www.ngenespanol.com\/ecologia\/los-arboles-transmiten-conocimiento-a-sus-hijos-por-debajo-de-la-tierra\/?fbclid=IwAR02zIvc8mBjOHRGKZ1-S-3Wj35ihjBzbakkMqqqMNcPXN75I188-KrMnYU\">Fonte noticia<\/a>. \/Andrea Fischer 24 d&#8217;ochobre 2022 \/<\/li>\n<li><a href=\"https:\/\/www.facebook.com\/fundacionbiodiversidad\/photos\/a.397691103704\/10159650489158705\/\">Facebook: Fundaci\u00f3n Biodiversidad<\/a><\/li>\n<\/ul>\n<p>Los \u00e1rboles tienen memoria y tresmiten la conocencia a los sos f\u00edos, revela un atanante\/impactante estudiu.<\/p>\n<p style=\"text-align: center\">\n<!-- iframe plugin v.6.0 wordpress.org\/plugins\/iframe\/ -->\n<iframe loading=\"lazy\" src=\"https:\/\/www.facebook.com\/plugins\/post.php?href=https%3A%2F%2Fwww.facebook.com%2Ffundacionbiodiversidad%2Fposts%2Fpfbid022F1zxLQY5mbHSijDgjPymLWvC3bL61FL4RcGAsTZyoVzC13p1WJCZpSojp9xPpgRl&#038;show_text=true&#038;width=500\" width=\"500\" height=\"654\" style=\"border:none;overflow:hidden\" scrolling=\"no\" frameborder=\"0\" allowfullscreen=\"true\" allow=\"autoplay; clipboard-write; encrypted-media; picture-in-picture; web-share\" 0=\"\/iframe\" class=\"iframe-class\"><\/iframe>\n<\/p>\n<p>Los \u00e1rboles tresmiten la so conocencia de vida a les nueves xeneraciones y ens\u00e9\u00f1enlos c\u00f3mo sobrevivir nel monte, seg\u00fan un estudiu.<\/p>\n<p><!--more--><\/p>\n<p>Asocedi\u00f3 nun monte de pinos, n&#8217;Espa\u00f1a. Un equipu d&#8217;investigadores de la Universid\u00e1 d&#8217;Uvi\u00e9u repar\u00f3 c\u00f3mo, per debaxo de la tierra, los \u00e1rboles tresm\u00edten-y el conocencia a les nueves xeneraciones. Seg\u00fan los cient\u00edficos, esta habilid\u00e1 milenaria ens\u00e9\u00f1a-y a los nuevos retueyos a sobrevivir condiciones clim\u00e1tiques adverses, y podr\u00eda refundiar lluz sobro c\u00f3mo evolucionen al travi\u00e9s del tiempu.<\/p>\n<p>Esti mecanismu non y\u00e1 amu\u00e9salu a los \u00e1rboles nuevos c\u00f3mo afaese meyor a condiciones contraries, sin\u00f3n que revela c\u00f3mo ye que los \u00e1rboles almacenen les sos alcordances y esperiencies de vida. Asina funciona.<\/p>\n<p><strong>De xeneraci\u00f3n en xeneraci\u00f3n<\/strong><\/p>\n<p>Foles de calor estremo, quemes forestales incontenibles y otros escenarios clim\u00e1ticos queden rexistraos nes alcordances de los \u00e1rboles. Los investigadores n&#8217;Espa\u00f1a afayaron esto a partir de la memoria celular de les plantes que, seg\u00fan l&#8217;estudiu, <em><span style=\"color: #008080\">\u00abd\u00e9xa-yos responder cada vez meyor en socesivos periodos desfavorables\u00ab.<\/span><\/em><\/p>\n<p>Nel contestu d&#8217;emerxencia clim\u00e1tica global, espliquen los investigadores, esto dexar\u00e1-y a les especies vexetales afaese meyor a les condiciones de camb\u00e9u estremu. Ent\u00e1 ye m\u00e1s porque les temperatures son cada vez m\u00e1s altes, alverten los cient\u00edficos.<\/p>\n<p style=\"text-align: center\"><a href=\"https:\/\/www.ngenespanol.com\/wp-content\/uploads\/2022\/10\/arboles-tarnsmiten-conocimiento-a-sus-hijos.jpg\"><img loading=\"lazy\" decoding=\"async\" class=\"alignnone\" src=\"https:\/\/www.ngenespanol.com\/wp-content\/uploads\/2022\/10\/arboles-tarnsmiten-conocimiento-a-sus-hijos.jpg\" alt=\"\" width=\"437\" height=\"656\" \/><\/a><\/p>\n<p>Semeya de Jeremy Bishop en Unsplash<\/p>\n<p>Les c\u00e9lules de los \u00e1rboles d\u00e9xen-yos tresmitir la conocencia y sabidur\u00eda a la so descendencia, seg\u00fan los investigadores. Con esta evidencia, el tiempu de vida de los \u00e1rboles ta fondiada a c\u00f3mo soporten \u00absituaciones estresantes a lo llargo de la so vida\u00ab, escribe l&#8217;equipu a cargu del estudiu nun comunic\u00e1u:<\/p>\n<p><span style=\"color: #008080\"><em>\u201cCol nuesu trabayu demostremos per primer vegada c\u00f3mo esti mecanismu, denomin\u00e1u splicing alternativu, caltienen pa un pequenu n\u00famberu de xenes una vegada que cesa&#8217;l estr\u00e9s. Esta ye xuna de les bases de la memoria de les plantes\u201d<\/em><\/span>, destaca V\u00edctor Fern\u00e1ndez Raspies, investigador de la \u00e1rea de Fisiolox\u00eda Vexetal de la Universid\u00e1 d&#8217;Uvi\u00e9u.<\/p>\n<p><strong>Resiliencia aprend\u00eda nos montes<\/strong><\/p>\n<p>Esto non y\u00e1 d\u00e9xa-yos encarar les temperatures cambiantes, si non la presencia de par\u00e1sitos, calor o fr\u00edu estremo. M\u00e1s que nada, porque los \u00e1rboles nun pueden fuxir de les sos amenaces: otra manera, ti\u00e9nen-yos que faer frente dafechu inm\u00f3viles.<\/p>\n<p>Por ello, los \u00e1rboles tresm\u00edten-y un conocencia aprend\u00eda a lo llargo de la vida a los sos f\u00edos. Seg\u00fan los investigadores, \u00e9sti ye un exemplu de resiliencia y adaptabilid\u00e1 nunca antes vistu na naturaleza.<\/p>\n<p>Con tolo anterior, l&#8217;equipu de la Universid\u00e1 d&#8217;Uvi\u00e9u piensa que la memoria de los \u00e1rboles va ser clave pa los a\u00f1os vinientes. Especialmente, polos retos que representa la crisis clim\u00e1tica contemporanea. <strong><em>\u201c<span style=\"color: #008080\">Son una pieza clave p&#8217;ameyorar la so xesti\u00f3n y sostenibilid\u00e1 nel actual contestu de camb\u00e9u clim\u00e1ticu\u201d<\/span><\/em><\/strong>, concluyebM\u00f3nica Meij\u00f3n, profesora titular de Fisiolox\u00eda Vexetal de la Universid\u00e1 d&#8217;Uvi\u00e9u.<\/p>\n<hr \/>\n<p><strong>Los \u00e1rboles tienen memoria y transmiten el conocimiento<br \/>\na sus hijos, revela un impactante estudio<\/strong><\/p>\n<p><strong><a href=\"https:\/\/www.ngenespanol.com\/author\/andrea\/\">Andrea Fischer<\/a><\/strong> 24 octubre, 2022<\/p>\n<blockquote class=\"wp-embedded-content\" data-secret=\"tMBl1IYuZ4\"><p><a href=\"https:\/\/www.ngenespanol.com\/ecologia\/los-arboles-transmiten-conocimiento-a-sus-hijos-por-debajo-de-la-tierra\/\">Los \u00e1rboles tienen memoria y transmiten el conocimiento a sus hijos, revela un impactante estudio<\/a><\/p><\/blockquote>\n<p><iframe loading=\"lazy\" class=\"wp-embedded-content\" sandbox=\"allow-scripts\" security=\"restricted\" style=\"position: absolute; clip: rect(1px, 1px, 1px, 1px);\" title=\"\u00abLos \u00e1rboles tienen memoria y transmiten el conocimiento a sus hijos, revela un impactante estudio\u00bb \u2014 National Geographic en Espa\u00f1ol\" src=\"https:\/\/www.ngenespanol.com\/ecologia\/los-arboles-transmiten-conocimiento-a-sus-hijos-por-debajo-de-la-tierra\/embed\/#?secret=tMBl1IYuZ4\" data-secret=\"tMBl1IYuZ4\" width=\"600\" height=\"338\" frameborder=\"0\" marginwidth=\"0\" marginheight=\"0\" scrolling=\"no\"><\/iframe><\/p>\n<p>&nbsp;<\/p>\n<p>Los \u00e1rboles transmiten su conocimiento de vida a las nuevas generaciones<br \/>\ny les ense\u00f1an c\u00f3mo sobrevivir en el bosque, seg\u00fan un estudio.<\/p>\n<p>Sucedi\u00f3 en un bosque de pinos, en Espa\u00f1a. Un equipo de investigadores de la Universidad de Oviedo observ\u00f3 c\u00f3mo, por debajo de la tierra, los \u00e1rboles le <strong>transmiten el conocimiento a las nuevas generaciones<\/strong>. Seg\u00fan los cient\u00edficos, esta <strong>habilidad milenaria le ense\u00f1a a los nuevos reto\u00f1os a sobrevivir<\/strong> condiciones clim\u00e1ticas adversas, y podr\u00eda arrojar luz sobre c\u00f3mo evolucionan a trav\u00e9s del tiempo.<\/p>\n<p>Este mecanismo no s\u00f3lo le muestra a los \u00e1rboles j\u00f3venes c\u00f3mo adaptarse mejor a condiciones hostiles, sino que revela <strong>c\u00f3mo es que los \u00e1rboles almacenan sus recuerdos y experiencias de vida<\/strong>. As\u00ed funciona.<\/p>\n<p><strong>De generaci\u00f3n en generaci\u00f3n<\/strong><\/p>\n<p><a href=\"https:\/\/www.ngenespanol.com\/ecologia\/las-selvas-de-africa-demuestran-que-pueden-desacelerar-la-emergencia-climatica-resisten-el-calor-extremo-y-la-sequia\/\">Olas de calor extremo<\/a>, <a href=\"https:\/\/www.ngenespanol.com\/ecologia\/giant-grizzly-y-otras-sequoias-milenarias-peligran-en-estados-unidos-por-los-incendios-forestales\/\">incendios forestales incontenibles<\/a> y <a href=\"https:\/\/www.ngenespanol.com\/ecosistemas\/incendios-zombies-el-fenomeno-provocado-por-la-crisis-climatica-que-hace-arder-el-artico\/\">otros escenarios clim\u00e1ticos<\/a> quedan <strong>registrados en los recuerdos de los \u00e1rboles<\/strong>. Los investigadores en Espa\u00f1a descubrieron esto a partir de la memoria celular de las plantas que, seg\u00fan el estudio, \u00ables permite <strong>responder cada vez mejor en sucesivos periodos desfavorables<\/strong>\u00ab.<\/p>\n<p>En el contexto de emergencia clim\u00e1tica global, explican los investigadores, esto le permitir\u00e1 a las especies vegetales <strong>adaptarse mejor a las condiciones de cambio extremo<\/strong>. M\u00e1s a\u00fan porque las<strong> temperaturas son cada vez m\u00e1s altas,<\/strong> advierten los cient\u00edficos.<\/p>\n<p>&nbsp;<\/p>\n<table>\n<tbody>\n<tr>\n<td width=\"431\">Foto de <a href=\"https:\/\/unsplash.com\/@jeremybishop?utm_source=unsplash&amp;utm_medium=referral&amp;utm_content=creditCopyText\">Jeremy Bishop<\/a> en <a href=\"https:\/\/unsplash.com\/es\/s\/fotos\/trees?utm_source=unsplash&amp;utm_medium=referral&amp;utm_content=creditCopyText\">Unsplash<\/a><\/td>\n<td width=\"412\">Las c\u00e9lulas de los \u00e1rboles les permiten<strong> transmitir el conocimiento y sabidur\u00eda a su descendencia<\/strong>, seg\u00fan los investigadores. Con esta evidencia, el tiempo de vida de los \u00e1rboles est\u00e1 anclada a c\u00f3mo soportan \u00ab<strong>situaciones estresantes a lo largo de su vida<\/strong>\u00ab, escribe\u00a0el equipo a cargo del estudio en un <a href=\"https:\/\/www.agenciasinc.es\/Noticias\/Los-arboles-aprenden-a-sobrevivir-en-condiciones-adversas-y-transmiten-esa-sabiduria-a-sus-hijos\">comunicado<\/a>:<\/p>\n<p><em>\u201cCon nuestro trabajo hemos demostrado<br \/>\npor primera vez c\u00f3mo este mecanismo, denominado splicing alternativo,<br \/>\nse mantiene para un peque\u00f1o n\u00famero de genes una vez que cesa el estr\u00e9s. Esta es una de las bases de la memoria de las plantas\u201d,<\/em><br \/>\ndestaca <strong>V\u00edctor Fern\u00e1ndez Roces<\/strong>, investigador del \u00e1rea de Fisiolog\u00eda Vegetal de la Universidad de Oviedo.<\/td>\n<\/tr>\n<\/tbody>\n<\/table>\n<p><strong>Resiliencia aprendida en los bosques<\/strong><\/p>\n<p>Esto no s\u00f3lo les permite afrontar las temperaturas cambiantes, si no la presencia de par\u00e1sitos, calor o fr\u00edo extremo. M\u00e1s que nada, porque los \u00e1rboles <strong>no pueden huir de sus amenazas:<\/strong> por el contrario, <strong>les tienen que hacer frente completamente inm\u00f3viles<\/strong>.<\/p>\n<p>Por ello, los \u00e1rboles le transmiten un conocimiento aprendido a lo largo de la vida a sus hijos.<br \/>\nSeg\u00fan los investigadores, \u00e9ste es un ejemplo de <strong>resiliencia y adaptabilidad nunca antes visto<br \/>\nen la naturaleza<\/strong>.<\/p>\n<p>Con todo lo anterior, el equipo de la Universidad de Oviedo piensa que <strong>la memoria de los \u00e1rboles ser\u00e1 clave para los a\u00f1os venideros<\/strong>. Especialmente, por los retos que representa la crisis clim\u00e1tica contempor\u00e1nea.\u00a0\u201cSon una pieza clave para <strong>mejorar su gesti\u00f3n y sostenibilidad en el actual contexto de cambio clim\u00e1tico\u201d<\/strong>, concluye M\u00f3nica Meij\u00f3n, profesora titular de Fisiolog\u00eda Vegetal de la Universidad de Oviedo.<\/p>\n<p>&nbsp;<\/p>\n<p>&nbsp;<\/p>\n","protected":false},"excerpt":{"rendered":"<p>Fonte noticia. \/Andrea Fischer 24 d&#8217;ochobre 2022 \/ Facebook: Fundaci\u00f3n Biodiversidad Los \u00e1rboles tienen memoria y tresmiten la conocencia a los sos f\u00edos, revela un atanante\/impactante estudiu. Los \u00e1rboles tresmiten la so conocencia de vida a les nueves xeneraciones y ens\u00e9\u00f1enlos c\u00f3mo sobrevivir nel monte, seg\u00fan un estudiu.<\/p>\n","protected":false},"author":117,"featured_media":0,"comment_status":"open","ping_status":"open","sticky":false,"template":"","format":"standard","meta":{"footnotes":""},"categories":[25,4],"tags":[],"class_list":["post-14958","post","type-post","status-publish","format-standard","hentry","category-curiosidaes","category-natura"],"_links":{"self":[{"href":"https:\/\/edublog.educastur.es\/ixuxu\/wp-json\/wp\/v2\/posts\/14958","targetHints":{"allow":["GET"]}}],"collection":[{"href":"https:\/\/edublog.educastur.es\/ixuxu\/wp-json\/wp\/v2\/posts"}],"about":[{"href":"https:\/\/edublog.educastur.es\/ixuxu\/wp-json\/wp\/v2\/types\/post"}],"author":[{"embeddable":true,"href":"https:\/\/edublog.educastur.es\/ixuxu\/wp-json\/wp\/v2\/users\/117"}],"replies":[{"embeddable":true,"href":"https:\/\/edublog.educastur.es\/ixuxu\/wp-json\/wp\/v2\/comments?post=14958"}],"version-history":[{"count":1,"href":"https:\/\/edublog.educastur.es\/ixuxu\/wp-json\/wp\/v2\/posts\/14958\/revisions"}],"predecessor-version":[{"id":14959,"href":"https:\/\/edublog.educastur.es\/ixuxu\/wp-json\/wp\/v2\/posts\/14958\/revisions\/14959"}],"wp:attachment":[{"href":"https:\/\/edublog.educastur.es\/ixuxu\/wp-json\/wp\/v2\/media?parent=14958"}],"wp:term":[{"taxonomy":"category","embeddable":true,"href":"https:\/\/edublog.educastur.es\/ixuxu\/wp-json\/wp\/v2\/categories?post=14958"},{"taxonomy":"post_tag","embeddable":true,"href":"https:\/\/edublog.educastur.es\/ixuxu\/wp-json\/wp\/v2\/tags?post=14958"}],"curies":[{"name":"wp","href":"https:\/\/api.w.org\/{rel}","templated":true}]}}