{"id":14960,"date":"2022-11-18T10:07:43","date_gmt":"2022-11-18T08:07:43","guid":{"rendered":"https:\/\/edublog.educastur.es\/ixuxu\/?p=14960"},"modified":"2022-11-18T11:12:41","modified_gmt":"2022-11-18T09:12:41","slug":"batallon-de-borrasques-friu-y-agua-para-ratu-nespana","status":"publish","type":"post","link":"https:\/\/edublog.educastur.es\/ixuxu\/2022\/11\/batallon-de-borrasques-friu-y-agua-para-ratu-nespana\/","title":{"rendered":"Batall\u00f3n de borrasques: fr\u00edu y agua para ratu n&#8217;Espa\u00f1a"},"content":{"rendered":"<ul>\n<li><a href=\"https:\/\/www.eltiempo.es\/noticias\/frio-lluvia-nieve-viento-tiempo-invernal?fbclid=IwAR3-wcHlJtb5sgI-sF3IVrySlQVwPeJX-Q1VJyWBe3jX3yBE1xe5JRKR0n4\">Batall\u00f3n de borrasques: fr\u00edu y agua para ratu n&#8217;Espa\u00f1a<\/a><\/li>\n<li>El camb\u00e9u a tiempu ivernizu ye y\u00e1 inminente: solo queden unes hores para l&#8217;esbarrumbe t\u00e9rmicu con aire d&#8217;orixe polar.<\/li>\n<li><\/li>\n<\/ul>\n<p style=\"text-align: center\"><a href=\"https:\/\/cdns3.eltiempo.es\/eltiempo\/blog\/noticias\/2022\/11\/17114705\/N.Maximas_sabado-12-768x432.jpg.webp\"><img loading=\"lazy\" decoding=\"async\" class=\"alignnone\" src=\"https:\/\/cdns3.eltiempo.es\/eltiempo\/blog\/noticias\/2022\/11\/17114705\/N.Maximas_sabado-12-768x432.jpg.webp\" alt=\"\" width=\"768\" height=\"432\" \/><\/a><\/p>\n<p><!--more--><\/p>\n<div>\n<div class=\"x1yztbdb x1n2onr6 xh8yej3 x1ja2u2z\">\n<div class=\"x1n2onr6 x1ja2u2z\">\n<div class=\"\">\n<div class=\"\">\n<div class=\"x1a2a7pz\" role=\"article\" aria-describedby=\"jsc_c_ay jsc_c_az jsc_c_b0 jsc_c_b2 jsc_c_b1\" aria-labelledby=\"jsc_c_ax\">\n<div class=\"x78zum5 xdt5ytf\">\n<div class=\"x9f619 x1n2onr6 x1ja2u2z\">\n<div class=\"x78zum5 x1n2onr6 xh8yej3\">\n<div class=\"x9f619 x1n2onr6 x1ja2u2z x2bj2ny x1qpq9i9 xdney7k xu5ydu1 xt3gfkd xh8yej3 x6ikm8r x10wlt62 xquyuld\">\n<div>\n<div class=\"x1jx94hy x8cjs6t x1ch86jh x80vd3b xckqwgs x1lq5wgf xgqcy7u x30kzoy x9jhf4c x13fuv20 xu3j5b3 x1q0q8m5 x26u7qi x178xt8z xm81vs4 xso031l xy80clv x6ikm8r x10wlt62 x16n37ib xq8finb\">\n<div class=\"\">\n<div class=\"x1y332i5\">\n<div class=\"\" dir=\"auto\">\n<div class=\"\" dir=\"auto\">\n<div class=\"x1iorvi4 x1pi30zi x1l90r2v x1swvt13\" data-ad-comet-preview=\"message\" data-ad-preview=\"message\">\n<div class=\"x78zum5 xdt5ytf xz62fqu x16ldp7u\">\n<div class=\"xu06os2 x1ok221b\">\n<div class=\"x11i5rnm xat24cr x1mh8g0r x1vvkbs xdj266r x126k92a\">\n<div dir=\"auto\" style=\"text-align: center\">\n<!-- iframe plugin v.6.0 wordpress.org\/plugins\/iframe\/ -->\n<iframe loading=\"lazy\" src=\"https:\/\/www.facebook.com\/plugins\/post.php?href=https%3A%2F%2Fwww.facebook.com%2Feltiempuenasturies%2Fposts%2Fpfbid028WUGfkiu4AKHLN1RQnrrbsg6VQq5h3rDTBNnYU6yHquQxqYAgTzrgcwMzB6Aqa8Dl&#038;show_text=true&#038;width=500\" width=\"500\" height=\"411\" style=\"border:none;overflow:hidden\" scrolling=\"no\" frameborder=\"0\" allowfullscreen=\"true\" allow=\"autoplay; clipboard-write; encrypted-media; picture-in-picture; web-share\" 0=\"\/iframe\" class=\"iframe-class\"><\/iframe>\n<\/div>\n<div dir=\"auto\" style=\"text-align: center\"><strong>VIENRES 18 DE PAYARES DEL 2022, EST\u00c1U DEL TIEMPU Y PREDICI\u00d3N.<\/strong><\/div>\n<\/div>\n<div class=\"x11i5rnm xat24cr x1mh8g0r x1vvkbs xtlvy1s x126k92a\">\n<div dir=\"auto\">Bonos d\u00edes, bona xente.<\/div>\n<div dir=\"auto\"><\/div>\n<\/div>\n<div class=\"x11i5rnm xat24cr x1mh8g0r x1vvkbs xtlvy1s x126k92a\">\n<div dir=\"auto\">Alborecemos col cielu nuboso y dalguna gotera con unes temperatures que tan alrodiu de los 9\u00baC, rexistr\u00e1ndose nel puirtu Payares 1\u00baC.<\/div>\n<\/div>\n<div class=\"x11i5rnm xat24cr x1mh8g0r x1vvkbs xtlvy1s x126k92a\">\n<div dir=\"auto\">G\u00fcei vamos entrar de s\u00f3pitu al iviernu con un empeoramientu del tiempu gradual. Durante la ma\u00f1ana vamos tener intervalos nubosos entemecios ente dalg\u00fan glaru ya inclusu dalguna gotera o xarabat\u00edn feble m\u00e1s probable pela costa que sedr\u00e1 de nieve ente los 1300-1500m., pa a partir de primera hora de la tarde, cola entrada d&#8217;aire fr\u00edu n&#8217;altor, entamar a desendolcase les nubes, reactivase los xarabatos y surdir tronaes con xarazu seg\u00fan vaya avanzando la tarde pel llitoral, baxando la nieve a los 1100-1300m con un descensu bultable de les temperatures y am\u00e1s l&#8217;aire va soplar con fuercia en zones altes de monta\u00f1a ya en puntos de la costa.<\/div>\n<div dir=\"auto\"><\/div>\n<\/div>\n<div class=\"x11i5rnm xat24cr x1mh8g0r x1vvkbs xtlvy1s x126k92a\">\n<div dir=\"auto\">Durante&#8217;l pr\u00f3simu riscar y hasta&#8217;l mediud\u00eda de ma\u00f1ana s\u00e1badu seguiremos con xarabatos frecuentes, tronaes que vendr\u00e1n acompangaes con xarazu nel llitoral y nieve pela cordelera que pue baxar un poco m\u00e1s, a los 1000m durante les hores nuecherniegues, les temperatures siguen en dencensu anque al final del d\u00eda subir\u00e1n dalgo, asina como la cota de nieve que y\u00e1 tar\u00e1 perriba de los 1500m.<\/div>\n<\/div>\n<div class=\"x11i5rnm xat24cr x1mh8g0r x1vvkbs xtlvy1s x126k92a\">\n<div dir=\"auto\">El domingu templar\u00e1 con dalgo d&#8217;orp\u00edn a primera hora y apertura de claros a partir del mediud\u00eda, a la espera de un nuevu temporal de cara al llunes-martes que mos apurrir\u00e1 precipitaciones abondoses, fuerte vientu, mui mala mar y nieve pela cordelera, pero esto y\u00e1 lu diremos viendo.<\/div>\n<\/div>\n<div class=\"x11i5rnm xat24cr x1mh8g0r x1vvkbs xtlvy1s x126k92a\"><\/div>\n<\/div>\n<\/div>\n<\/div>\n<\/div>\n<\/div>\n<\/div>\n<\/div>\n<\/div>\n<\/div>\n<div>\n<div class=\"x168nmei x13lgxp2 x30kzoy x9jhf4c x6ikm8r x10wlt62\" data-visualcompletion=\"ignore-dynamic\">\n<div>\n<div>\n<div class=\" xq8finb x16n37ib\">\n<div class=\"x9f619 x1n2onr6 x1ja2u2z x78zum5 x2lah0s x1qughib x1qjc9v5 xozqiw3 x1q0g3np x150jy0e x1e558r4 xjkvuk6 x1iorvi4 xwrv7xz x8182xy x4cne27 xifccgj\">\n<div class=\"x9f619 x1n2onr6 x1ja2u2z x78zum5 xdt5ytf x193iq5w xeuugli x1r8uery x1iyjqo2 xs83m0k xg83lxy x1h0ha7o x10b6aqq x1yrsyyn\">\n<div class=\"x1i10hfl x1qjc9v5 xjbqb8w xjqpnuy xa49m3k xqeqjp1 x2hbi6w x13fuv20 xu3j5b3 x1q0q8m5 x26u7qi x972fbf xcfux6l x1qhh985 xm0m39n x9f619 x1ypdohk xdl72j9 x2lah0s xe8uvvx xdj266r x11i5rnm xat24cr x1mh8g0r x2lwn1j xeuugli xexx8yu x4uap5 x18d9i69 xkhd6sd x1n2onr6 x16tdsg8 x1hl2dhg xggy1nq x1ja2u2z x1t137rt x1o1ewxj x3x9cwd x1e5q0jg x13rtm0m x3nfvp2 x1q0g3np x87ps6o x1lku1pv x1a2a7pz\" role=\"button\" aria-label=\"Enviar esto a tus amigos o publicarlo en tu biograf\u00eda\">\n<div class=\"x9f619 x1n2onr6 x1ja2u2z x78zum5 xdt5ytf x2lah0s x193iq5w xeuugli x150jy0e x1e558r4 x10b6aqq x1yrsyyn\" style=\"text-align: center\">\n<!-- iframe plugin v.6.0 wordpress.org\/plugins\/iframe\/ -->\n<iframe loading=\"lazy\" src=\"https:\/\/www.facebook.com\/plugins\/post.php?href=https%3A%2F%2Fwww.facebook.com%2Feltiempuenasturies%2Fposts%2Fpfbid02zP7s1pPSnCCYS3mgG8nmCNz2Zy9cHPX5K6KKj1WD9srah7a4NYLMwoSFAaEuuzyVl&#038;show_text=false&#038;width=500\" width=\"500\" height=\"285\" style=\"border:none;overflow:hidden\" scrolling=\"no\" frameborder=\"0\" allowfullscreen=\"true\" allow=\"autoplay; clipboard-write; encrypted-media; picture-in-picture; web-share\" 0=\"\/iframe\" class=\"iframe-class\"><\/iframe>\n<\/div>\n<div class=\"x1o1ewxj x3x9cwd x1e5q0jg x13rtm0m x1ey2m1c xds687c xg01cxk x47corl x10l6tqk x17qophe x13vifvy x1ebt8du x19991ni x1dhq9h\" data-visualcompletion=\"ignore\"><\/div>\n<\/div>\n<\/div>\n<\/div>\n<\/div>\n<\/div>\n<\/div>\n<div class=\"xzueoph\">\n<div class=\"x1n2onr6 x1ja2u2z x9f619 x78zum5 xdt5ytf x2lah0s x193iq5w x12nagc x1gslohp\">\n<div class=\"x9f619 x1n2onr6 x1ja2u2z x78zum5 xdt5ytf x1iyjqo2 x2lwn1j\">\n<div class=\"x9f619 x1n2onr6 x1ja2u2z x78zum5 xdt5ytf x2lah0s x193iq5w x1swvt13 x1pi30zi\">\n<div class=\"\">\n<div class=\"x78zum5 x1q0g3np x1a2a7pz\">\n<div class=\"x1r8uery x1iyjqo2 x6ikm8r x10wlt62 x4uap5\">\n<div class=\"x1iyjqo2\"><\/div>\n<div class=\"x1iyjqo2\"><\/div>\n<div class=\"x1iyjqo2\"><\/div>\n<\/div>\n<\/div>\n<\/div>\n<\/div>\n<\/div>\n<\/div>\n<\/div>\n<\/div>\n<\/div>\n<\/div>\n<\/div>\n<\/div>\n<\/div>\n<\/div>\n<\/div>\n<\/div>\n<\/div>\n<\/div>\n<\/div>\n<div>\n<div class=\"x1yztbdb x1n2onr6 xh8yej3 x1ja2u2z\">\n<div class=\"x1n2onr6 x1ja2u2z\">\n<div class=\"\">\n<div class=\"\">\n<div class=\"x1a2a7pz\" role=\"article\" aria-describedby=\"jsc_c_bi jsc_c_bj jsc_c_bk jsc_c_bm jsc_c_bl\" aria-labelledby=\"jsc_c_bh\">\n<div class=\"x78zum5 xdt5ytf\">\n<div class=\"x9f619 x1n2onr6 x1ja2u2z\">\n<div class=\"x78zum5 x1n2onr6 xh8yej3\">\n<div class=\"x9f619 x1n2onr6 x1ja2u2z x2bj2ny x1qpq9i9 xdney7k xu5ydu1 xt3gfkd xh8yej3 x6ikm8r x10wlt62 xquyuld\">\n<div><\/div>\n<div>\n<div class=\"\"><\/div>\n<div>\n<div class=\"x1cy8zhl x78zum5 x1q0g3np xod5an3 x1pi30zi x1swvt13 xz9dl7a\">\n<div class=\"x78zum5 xqtp20y x1emribx\">\n<div class=\"x1vqgdyp x100vrsf\"><\/div>\n<\/div>\n<\/div>\n<\/div>\n<\/div>\n<\/div>\n<\/div>\n<\/div>\n<\/div>\n<\/div>\n<\/div>\n<\/div>\n<\/div>\n<\/div>\n<\/div>\n","protected":false},"excerpt":{"rendered":"<p>Batall\u00f3n de borrasques: fr\u00edu y agua para ratu n&#8217;Espa\u00f1a El camb\u00e9u a tiempu ivernizu ye y\u00e1 inminente: solo queden unes hores para l&#8217;esbarrumbe t\u00e9rmicu con aire d&#8217;orixe polar.<\/p>\n","protected":false},"author":117,"featured_media":0,"comment_status":"open","ping_status":"open","sticky":false,"template":"","format":"standard","meta":{"footnotes":""},"categories":[5],"tags":[],"class_list":["post-14960","post","type-post","status-publish","format-standard","hentry","category-tiempu"],"_links":{"self":[{"href":"https:\/\/edublog.educastur.es\/ixuxu\/wp-json\/wp\/v2\/posts\/14960","targetHints":{"allow":["GET"]}}],"collection":[{"href":"https:\/\/edublog.educastur.es\/ixuxu\/wp-json\/wp\/v2\/posts"}],"about":[{"href":"https:\/\/edublog.educastur.es\/ixuxu\/wp-json\/wp\/v2\/types\/post"}],"author":[{"embeddable":true,"href":"https:\/\/edublog.educastur.es\/ixuxu\/wp-json\/wp\/v2\/users\/117"}],"replies":[{"embeddable":true,"href":"https:\/\/edublog.educastur.es\/ixuxu\/wp-json\/wp\/v2\/comments?post=14960"}],"version-history":[{"count":5,"href":"https:\/\/edublog.educastur.es\/ixuxu\/wp-json\/wp\/v2\/posts\/14960\/revisions"}],"predecessor-version":[{"id":14966,"href":"https:\/\/edublog.educastur.es\/ixuxu\/wp-json\/wp\/v2\/posts\/14960\/revisions\/14966"}],"wp:attachment":[{"href":"https:\/\/edublog.educastur.es\/ixuxu\/wp-json\/wp\/v2\/media?parent=14960"}],"wp:term":[{"taxonomy":"category","embeddable":true,"href":"https:\/\/edublog.educastur.es\/ixuxu\/wp-json\/wp\/v2\/categories?post=14960"},{"taxonomy":"post_tag","embeddable":true,"href":"https:\/\/edublog.educastur.es\/ixuxu\/wp-json\/wp\/v2\/tags?post=14960"}],"curies":[{"name":"wp","href":"https:\/\/api.w.org\/{rel}","templated":true}]}}