{"id":14976,"date":"2022-11-18T11:28:39","date_gmt":"2022-11-18T09:28:39","guid":{"rendered":"https:\/\/edublog.educastur.es\/ixuxu\/?p=14976"},"modified":"2022-11-18T11:43:21","modified_gmt":"2022-11-18T09:43:21","slug":"nun-va-amanecer-en-66-dies","status":"publish","type":"post","link":"https:\/\/edublog.educastur.es\/ixuxu\/2022\/11\/nun-va-amanecer-en-66-dies\/","title":{"rendered":"\u00a1Nun va amanecer en 66 d\u00edes!"},"content":{"rendered":"<p>Na ciud\u00e1 d&#8217;Utquiagvik, Alaska, va cayer el sol a la 1:43 pm (hora local) de g\u00fcei, y nun volver\u00e1 salir hasta&#8217;l pr\u00f3ximu 23 de xineru del 2022. \u00a1Nun va amanecer en 66 d\u00edes!<br \/>\nAnque mientres estos d\u00edes el sol nesta ciud\u00e1 va caltenese sol horizonte, el puntu m\u00e1s brillosu va asemeyase a un tapecer al anochecer.<\/p>\n<p style=\"text-align: center\">\n<!-- iframe plugin v.6.0 wordpress.org\/plugins\/iframe\/ -->\n<iframe loading=\"lazy\" src=\"https:\/\/www.facebook.com\/plugins\/post.php?href=https%3A%2F%2Fwww.facebook.com%2FplanetatierraBG%2Fphotos%2Fa.674445452971511%2F1663625737386806%2F%3Ftype%3D3&#038;show_text=false&#038;width=500\" width=\"500\" height=\"375\" style=\"border:none;overflow:hidden\" scrolling=\"no\" frameborder=\"0\" allowfullscreen=\"true\" allow=\"autoplay; clipboard-write; encrypted-media; picture-in-picture; web-share\" 0=\"\/iframe\" class=\"iframe-class\"><\/iframe>\n<\/p>\n<p>Cada 18 de payares, n&#8217;Utqiagvik, una pequena ciud\u00e1 n&#8217;Alaska, meyor conocida como Barrow, v\u00edvese la nueche polar\u2019.<\/p>\n<p><!--more--><br \/>\nNa nueche polar\u2019 el sol sume per dos meses. La raz\u00f3n pola qu&#8217;asocede esti fen\u00f3menu natural ye porque les rexones del c\u00edrculu polar \u00e1rticu inclinase en direcci\u00f3n opuesta al sol na exa de la Tierra mientres l&#8217;iviernu.<\/p>\n<p>Barrow nun s&#8217;escurez na so totalid\u00e1, hai hores nes que los rayos del Sol son abondos como para ver alredor, pero enxam\u00e1s se pon el sol na so totalid\u00e1. Esta pequena resolana que cubre&#8217;l paisaxe d&#8217;Utqia\u0121vik ll\u00e1mase-y tapecer civil, qu&#8217;asocede cuando&#8217;l ta a 6 graos sol horizonte y crea una pequenu llume.<\/p>\n","protected":false},"excerpt":{"rendered":"<p>Na ciud\u00e1 d&#8217;Utquiagvik, Alaska, va cayer el sol a la 1:43 pm (hora local) de g\u00fcei, y nun volver\u00e1 salir hasta&#8217;l pr\u00f3ximu 23 de xineru del 2022. \u00a1Nun va amanecer en 66 d\u00edes! Anque mientres estos d\u00edes el sol nesta ciud\u00e1 va caltenese sol horizonte, el puntu m\u00e1s brillosu va asemeyase a un tapecer al [&hellip;]<\/p>\n","protected":false},"author":117,"featured_media":0,"comment_status":"open","ping_status":"open","sticky":false,"template":"","format":"standard","meta":{"footnotes":""},"categories":[1],"tags":[],"class_list":["post-14976","post","type-post","status-publish","format-standard","hentry","category-sin-categoria"],"_links":{"self":[{"href":"https:\/\/edublog.educastur.es\/ixuxu\/wp-json\/wp\/v2\/posts\/14976","targetHints":{"allow":["GET"]}}],"collection":[{"href":"https:\/\/edublog.educastur.es\/ixuxu\/wp-json\/wp\/v2\/posts"}],"about":[{"href":"https:\/\/edublog.educastur.es\/ixuxu\/wp-json\/wp\/v2\/types\/post"}],"author":[{"embeddable":true,"href":"https:\/\/edublog.educastur.es\/ixuxu\/wp-json\/wp\/v2\/users\/117"}],"replies":[{"embeddable":true,"href":"https:\/\/edublog.educastur.es\/ixuxu\/wp-json\/wp\/v2\/comments?post=14976"}],"version-history":[{"count":2,"href":"https:\/\/edublog.educastur.es\/ixuxu\/wp-json\/wp\/v2\/posts\/14976\/revisions"}],"predecessor-version":[{"id":14979,"href":"https:\/\/edublog.educastur.es\/ixuxu\/wp-json\/wp\/v2\/posts\/14976\/revisions\/14979"}],"wp:attachment":[{"href":"https:\/\/edublog.educastur.es\/ixuxu\/wp-json\/wp\/v2\/media?parent=14976"}],"wp:term":[{"taxonomy":"category","embeddable":true,"href":"https:\/\/edublog.educastur.es\/ixuxu\/wp-json\/wp\/v2\/categories?post=14976"},{"taxonomy":"post_tag","embeddable":true,"href":"https:\/\/edublog.educastur.es\/ixuxu\/wp-json\/wp\/v2\/tags?post=14976"}],"curies":[{"name":"wp","href":"https:\/\/api.w.org\/{rel}","templated":true}]}}