{"id":14980,"date":"2022-11-18T18:36:08","date_gmt":"2022-11-18T16:36:08","guid":{"rendered":"https:\/\/edublog.educastur.es\/ixuxu\/?p=14980"},"modified":"2022-11-18T18:36:08","modified_gmt":"2022-11-18T16:36:08","slug":"nueva-entrega-del-archivu-de-la-musica-contemporanea-asturiana-amca","status":"publish","type":"post","link":"https:\/\/edublog.educastur.es\/ixuxu\/2022\/11\/nueva-entrega-del-archivu-de-la-musica-contemporanea-asturiana-amca\/","title":{"rendered":"Nueva entrega del Archivu de la M\u00fasica Contempor\u00e1nea Asturiana (AMCA)"},"content":{"rendered":"<p>&nbsp;<\/p>\n<p style=\"text-align: center\">\n<!-- iframe plugin v.6.0 wordpress.org\/plugins\/iframe\/ -->\n<iframe loading=\"lazy\" width=\"100%\" height=\"395\" src=\"https:\/\/www.youtube.com\/embed\/7-HNIiAliSY\" 0=\"\/iframe\" scrolling=\"yes\" class=\"iframe-class\" frameborder=\"0\"><\/iframe>\n<\/p>\n<ul>\n<li>Min 4:50 Xentiquina (Una de mieu)<\/li>\n<\/ul>\n<p>Esti <a href=\"https:\/\/musicasturiana.us16.list-manage.com\/track\/click?u=791d2060f4a841312eb38b6d3&amp;id=f77bc5bde1&amp;e=26011b0ffe\" target=\"_blank\" rel=\"noopener\" data-saferedirecturl=\"https:\/\/www.google.com\/url?q=https:\/\/musicasturiana.us16.list-manage.com\/track\/click?u%3D791d2060f4a841312eb38b6d3%26id%3Df77bc5bde1%26e%3D26011b0ffe&amp;source=gmail&amp;ust=1668871348680000&amp;usg=AOvVaw1DjPnxsgoaU5LmU24CBAmj\">documentu audiovisua<\/a>l recueye\u2019l conciertu contra la retirada de la llicencia comercial a Radio Sele per parte del gobiernu d\u2019Areces. Nesti actu solidariu tocaron Xentiquina, Felpeyu, N\u2019Arba, Dixebra, Anabel Santiago, Adolfo Camilo D\u00edaz, H\u00e9ctor Braga, Delf\u00edn Vald\u00e9s, Nel Amaro o Fernando Caldones, ente otros.<\/p>\n","protected":false},"excerpt":{"rendered":"<p>&nbsp; Min 4:50 Xentiquina (Una de mieu) Esti documentu audiovisual recueye\u2019l conciertu contra la retirada de la llicencia comercial a Radio Sele per parte del gobiernu d\u2019Areces. Nesti actu solidariu tocaron Xentiquina, Felpeyu, N\u2019Arba, Dixebra, Anabel Santiago, Adolfo Camilo D\u00edaz, H\u00e9ctor Braga, Delf\u00edn Vald\u00e9s, Nel Amaro o Fernando Caldones, ente otros.<\/p>\n","protected":false},"author":117,"featured_media":0,"comment_status":"open","ping_status":"open","sticky":false,"template":"","format":"standard","meta":{"footnotes":""},"categories":[35],"tags":[],"class_list":["post-14980","post","type-post","status-publish","format-standard","hentry","category-musica"],"_links":{"self":[{"href":"https:\/\/edublog.educastur.es\/ixuxu\/wp-json\/wp\/v2\/posts\/14980","targetHints":{"allow":["GET"]}}],"collection":[{"href":"https:\/\/edublog.educastur.es\/ixuxu\/wp-json\/wp\/v2\/posts"}],"about":[{"href":"https:\/\/edublog.educastur.es\/ixuxu\/wp-json\/wp\/v2\/types\/post"}],"author":[{"embeddable":true,"href":"https:\/\/edublog.educastur.es\/ixuxu\/wp-json\/wp\/v2\/users\/117"}],"replies":[{"embeddable":true,"href":"https:\/\/edublog.educastur.es\/ixuxu\/wp-json\/wp\/v2\/comments?post=14980"}],"version-history":[{"count":1,"href":"https:\/\/edublog.educastur.es\/ixuxu\/wp-json\/wp\/v2\/posts\/14980\/revisions"}],"predecessor-version":[{"id":14981,"href":"https:\/\/edublog.educastur.es\/ixuxu\/wp-json\/wp\/v2\/posts\/14980\/revisions\/14981"}],"wp:attachment":[{"href":"https:\/\/edublog.educastur.es\/ixuxu\/wp-json\/wp\/v2\/media?parent=14980"}],"wp:term":[{"taxonomy":"category","embeddable":true,"href":"https:\/\/edublog.educastur.es\/ixuxu\/wp-json\/wp\/v2\/categories?post=14980"},{"taxonomy":"post_tag","embeddable":true,"href":"https:\/\/edublog.educastur.es\/ixuxu\/wp-json\/wp\/v2\/tags?post=14980"}],"curies":[{"name":"wp","href":"https:\/\/api.w.org\/{rel}","templated":true}]}}