{"id":14996,"date":"2022-11-19T17:29:26","date_gmt":"2022-11-19T15:29:26","guid":{"rendered":"https:\/\/edublog.educastur.es\/ixuxu\/?p=14996"},"modified":"2022-11-19T18:44:55","modified_gmt":"2022-11-19T16:44:55","slug":"14996","status":"publish","type":"post","link":"https:\/\/edublog.educastur.es\/ixuxu\/2022\/11\/14996\/","title":{"rendered":"Asturies, memoria industrial"},"content":{"rendered":"<p style=\"text-align: center\"><a href=\"https:\/\/native.elmundo.es\/2022\/10\/28\/assets\/img\/hero.gif\"><img loading=\"lazy\" decoding=\"async\" class=\"alignnone\" src=\"https:\/\/native.elmundo.es\/2022\/10\/28\/assets\/img\/hero.gif\" alt=\"\" width=\"2500\" height=\"1563\" \/><\/a><\/p>\n<ul>\n<li>Fonte:<a href=\"https:\/\/native.elmundo.es\/2022\/10\/28\/index.html?fbclid=IwAR2DcyWJ0WxSHmDv3WpsDoWLuVyImLvpGsgn0oZEgZQb4XKmVfXWkO_zoM8\"> El Mundo<\/a> \/<a href=\"https:\/\/educastur-my.sharepoint.com\/:b:\/g\/personal\/isabellh_educastur_org\/EUzd7bmQ_3ZIu0aHW58fYpoBnh7qtL5W699hc-QyAeI3bA?e=H90dNh\"><strong> ACTIVID\u00c1\u00a0 AULA<\/strong><\/a><\/li>\n<li>\n<div class=\"equipo content\">\n<h5><b><u>CREDITOS<\/u><\/b><\/h5>\n<ul>\n<li>Redacci\u00f3n: <b>Carmen Morales Puisegur<\/b><\/li>\n<li>Dise\u00f1o y maquetaci\u00f3n: <b>Vanesa Duque<\/b><\/li>\n<li>Ilustraciones: <b>Pedro Perles<\/b><\/li>\n<\/ul>\n<\/div>\n<\/li>\n<\/ul>\n<p>Si hubiera qu&#8217;escoyer tr\u00e9s colories para ti\u00f1ir la memoria sentimental d&#8217;Asturies, pue que el verde, l&#8217;azul y el negru partieren como claros favoritos. Praos, mar Cant\u00e1bricu y carb\u00f3n; lo visible pero tami\u00e9n lo invisible. Porque la estracci\u00f3n de la hulla de les coraes asturianes model\u00f3 los sos paisaxes y, la durez d&#8217;esti oficiu, el calter de les sos xentes. La tierra y el mar fueron los principales provisores de vida hasta la eclosi\u00f3n de la industria minero na segunda met\u00e1 del sieglu XIX.<\/p>\n<p><!--more--><\/p>\n<p>G\u00fcei d\u00eda, los castilletes que percuerren l&#8217;horizonte del Princip\u00e1u recuerden esa d\u00f3mina que cunt\u00f3 con un c\u00f3mpliz imprescindible: el tren de vapor. El primer ferrocarril que conect\u00f3 Llangr\u00e9u col puertu de Xix\u00f3n impuls\u00f3 una industria de d\u00e9cades de rellumanza. Bustiello, la cuenca del Nal\u00f3n, el Valle del Tur\u00f3n\u2026 visitar poblaos y paisaxes mineros, conocer los restos d&#8217;una industria sider\u00farxico anta\u00f1o floreciente, percorrer les v\u00edes del tren polos que rodaben vagones plenos de carb\u00f3n hasta los puertos\u2026 muertes que conformen el patrimoniu industrial d&#8217;Asturies. Una aventura para esfrutar en solitariu, con amigos o en familia y, asina, afondar nel calter d&#8217;una tierra tan bella como complexa.<\/p>\n<p style=\"text-align: center\"><a href=\"https:\/\/native.elmundo.es\/2022\/10\/28\/assets\/img\/img-01.gif\"><img loading=\"lazy\" decoding=\"async\" class=\"alignnone\" src=\"https:\/\/native.elmundo.es\/2022\/10\/28\/assets\/img\/img-01.gif\" alt=\"\" width=\"634\" height=\"634\" \/><\/a><\/p>\n<p style=\"text-align: center\"><span style=\"color: #008080\"><strong><span style=\"font-size: 20px\">1.- Mus\u00e9u de la Mina d&#8217;Arnao<br \/>\n(Castill\u00f3n)<\/span><\/strong><\/span><\/p>\n<p>\u00bfTe imaxines baxar tantu a les coraes de la tierra hasta transitar per debaxo del nivel del mar? Asina asocede na Mina d&#8217;Arnao, en Castrill\u00f3n. En 1833, una firma belga apost\u00f3 por un pozu vertical para estrayer el carb\u00f3n per debaxo del mar y asina surdi\u00f3 esta mina submarina, \u00fanica n&#8217;Europa, hasta que&#8217;l Cant\u00e1bricu anubriose en 1915. G\u00fcei d\u00eda, el so bellu castillete -la estructura vertical para tresportar el carb\u00f3n dende&#8217;l sosuelu hasta la superficie- avisa del llugar, consider\u00e1u Bien d&#8217;Inter\u00e9s Cultural. L&#8217;actual Mus\u00e9u de la Mina d&#8217;Arnao ye un percorr\u00edu pola hestoria d&#8217;Asturies y at\u00f3pase n&#8217;un \u00e1rea marina protex\u00eda, de gran valor xeol\u00f3xicu y faun\u00edsticu.<\/p>\n<p style=\"text-align: center\"><a href=\"https:\/\/native.elmundo.es\/2022\/10\/28\/assets\/img\/img-02.gif\"><img loading=\"lazy\" decoding=\"async\" class=\"alignnone\" src=\"https:\/\/native.elmundo.es\/2022\/10\/28\/assets\/img\/img-02.gif\" alt=\"\" width=\"737\" height=\"737\" \/><\/a><\/p>\n<p style=\"text-align: center\"><span style=\"font-size: 24px\"><strong><span style=\"color: #008080\">2.- Pobl\u00e1u Mineru de Bustiello<br \/>\n(Mieres)<\/span><\/strong><\/span><\/p>\n<p>Pue que \u00e9nte la perspectiva de triar per primer vegada un pobl\u00e1u mineru, el visitante piense en castilletes, vagones anegrazaos y buelgues de carb\u00f3n peruquier. Bustiello va desmontar, por completu, esta idea preconcebida. Percorr\u00edu pel r\u00edu Ayer, el pobl\u00e1u refulge como xuna xoya arquitect\u00f3nica urban\u00edstica y primorosu exemplu del paternalismu industrial de la d\u00f3mina. Asina ye como se denominaba a les iniciatives d&#8217;empresarios del carb\u00f3n que financiaben la construcci\u00f3n de n\u00facleos urbanos pa los sos emplegaos.<\/p>\n<p>La Socied\u00e1 Hullera Espa\u00f1ola, propied\u00e1 del marqu\u00e9s de Comillas, escurri\u00f3 Bustiello. Un casino, escueles pa ne\u00f1os y ne\u00f1es, l&#8217;hospital, la farmacia, la capiya, les viviendes, la ponte que crucia&#8217;l r\u00edu\u2026 xuna ciud\u00e1 pa los trabayadores de la mina financiada pol patr\u00f3n. El Centru d&#8217;Interpretaci\u00f3n traza un percorr\u00edu pa entender esta manera de vida que marc\u00f3 a xeneraciones y xeneraciones d&#8217;asturianos.<\/p>\n<p style=\"text-align: center\"><a href=\"https:\/\/native.elmundo.es\/2022\/10\/28\/assets\/img\/img-03.gif\"><img loading=\"lazy\" decoding=\"async\" class=\"alignnone\" src=\"https:\/\/native.elmundo.es\/2022\/10\/28\/assets\/img\/img-03.gif\" alt=\"\" width=\"547\" height=\"547\" \/><\/a><\/p>\n<p style=\"text-align: center\"><span style=\"font-size: 24px\"><strong><span style=\"color: #008080\">3.- Ecomus\u00e9u Mineru \u2018Valle de Samu\u00f1o\u2019<br \/>\n(Llangr\u00e9u)<\/span><\/strong><\/span><\/p>\n<p>Un tren, un valle, una mina, un pueblo\u2026 tou esto atopar\u00e1se equ\u00ed&#8217;l visitante. L&#8217;Ecomus\u00e9u Mineru Valle de Samu\u00f1o, abiertu en 2013, surde tres la recuperaci\u00f3n del patrimoniu industrial del pobl\u00e1u mineru de La Nueva en Llangr\u00e9u. En xubi\u00e9ndonos a unu de los vagones de ferrocarril vamos partir de la Estaci\u00f3n d&#8217;El Cadaviu y vamos percorrer el vieyu cam\u00edn del carb\u00f3n que traviesa&#8217;l Valle de Samu\u00f1o, que forma parte del Paisaxe Protex\u00edu de les Cuenques Mineres d&#8217;Asturies. \u00bfC\u00f3mo duldar de la guapura que nos espera?<\/p>\n<p>El trayectu trescurre en paralelu al r\u00edu Samu\u00f1o hasta que s&#8217;enfusa na escurid\u00e1 de la tierra mientres m\u00e1s d&#8217;un kil\u00f3metru pol Carcav\u00f3n Emilia, antigua mina de monte, para baxar 32 metros de fondura y acabar na primer planta del Pozu de San Luis. Una xaula va devolver al esterior a los pasaxeros. Emociones aseguraes.<\/p>\n<p style=\"text-align: center\"><a href=\"https:\/\/native.elmundo.es\/2022\/10\/28\/assets\/img\/img-04.gif\"><img loading=\"lazy\" decoding=\"async\" class=\"aligncenter\" src=\"https:\/\/native.elmundo.es\/2022\/10\/28\/assets\/img\/img-04.gif\" alt=\"\" width=\"680\" height=\"680\" \/><\/a><\/p>\n<p style=\"text-align: center\"><span style=\"font-size: 24px;color: #008080\"><strong>4.- Pozu Sot\u00f3n<br \/>\n(Samart\u00edn del Rei Aurelio)<\/strong><\/span><\/p>\n<p>En Samart\u00edn del Rei Aurelio, na cuenca minera del Nal\u00f3n, at\u00f3pase&#8217;l Pozu Sot\u00f3n y el Centru d&#8217;Esperiencies y Memoria de la Miner\u00eda. Preparose para una inmersi\u00f3n total nesti universu. Puede optar por dos percorr\u00edos soterra\u00f1os (unu d&#8217;ellos esixe cierta preparaci\u00f3n f\u00edsica) o visitar les instalaciones de la superficie, declaraes BIC (Bien d&#8217;Inter\u00e9s Cultural). Si opta por baxar -recuerde qu&#8217;una de les opciones nun ye apta para tolos p\u00fablicos- va poder realizar un itinerariu ente les plantes octavo y d\u00e9cimo (ente los 338 y 556 metros de fondura). Eso s\u00ed, va faer el mesmu percorr\u00edu que los mineros mientres d\u00e9cades.<\/p>\n<p style=\"text-align: center\"><a href=\"https:\/\/native.elmundo.es\/2022\/10\/28\/assets\/img\/img-05.png\"><img loading=\"lazy\" decoding=\"async\" class=\"aligncenter\" src=\"https:\/\/native.elmundo.es\/2022\/10\/28\/assets\/img\/img-05.png\" alt=\"\" width=\"663\" height=\"663\" \/><\/a><\/p>\n<p style=\"text-align: center\"><span style=\"font-size: 24px;color: #008080\"><strong>5.- Mus\u00e9u de la Miner\u00eda y l&#8217;Industria d&#8217;Asturies<br \/>\n(Samart\u00edn del Rei Aurelio)<\/strong><\/span><\/p>\n<p>Siguimos en Samart\u00edn del Rei Aurelio. Ell\u00ed, en 1994 abri\u00f3 les sos puertes el Mus\u00e9u de la Miner\u00eda y l&#8217;Industria d&#8217;Asturies na antigua escombrera de la mina San Vicente. La cortil pon en valor l&#8217;heriedu del carb\u00f3n, esplica los sistemes d&#8217;esplotaci\u00f3n y avera al funcionamientu de la m\u00e1quina de vapor qu&#8217;impuls\u00f3 la Revoluci\u00f3n Industrial. Ell\u00ed tami\u00e9n vamos atopar La Casa del Esplosivu que fai un percorr\u00edu pola hestoria d&#8217;esti productu. Un tren somorguia nel carcav\u00f3n de la mina.<\/p>\n<p style=\"text-align: center\"><a href=\"https:\/\/native.elmundo.es\/2022\/10\/28\/assets\/img\/img-06.gif\"><img loading=\"lazy\" decoding=\"async\" class=\"aligncenter\" src=\"https:\/\/native.elmundo.es\/2022\/10\/28\/assets\/img\/img-06.gif\" alt=\"\" width=\"704\" height=\"704\" \/><\/a><\/p>\n<p style=\"text-align: center\"><span style=\"font-size: 24px\"><strong><span style=\"color: #008080\">6.- MUS\u00c9U DEL FERROCARRIL D&#8217;ASTURIES<br \/>\n(Xix\u00f3n)<\/span><\/strong><\/span><\/p>\n<p>Los postreros dos sieglos d&#8217;Asturies nun s&#8217;entienden ensin el ferrocarril. Na segunda met\u00e1 del XIX, Xix\u00f3n convertiose en focu industrial y miles d&#8217;obreros van allegar ell\u00ed para apuntase nes puxantes f\u00e1briques. Al pie de l&#8217;actual sablera de Poniente, va construyise la Estaci\u00f3n del Norte, un puntu crucial nel tresporte del carb\u00f3n y exa central de pasaxeros. El llugar convertiose nel principal accesu ferroviariu d&#8217;Asturies: casi tou, por non dicir tou, pasaba pell\u00ed. Permaneci\u00f3 activa hasta 1990 y, ocho a\u00f1os m\u00e1s tarde, inaugur\u00f3se&#8217;l Mus\u00e9u del Ferrocarril d&#8217;Asturies. L&#8217;edificiu rehabilit\u00e1u tien dos llantes y una sablera de v\u00edes de m\u00e1s de 650 metros. El so percorr\u00edu ye un homenaxe a esti mediu de tresporte y la so contribuci\u00f3n al territoriu. Impresionen los sos 16 locomotores a vapor, dalgunes de les cualos inda funcionen. Una visita indispensable na Ruta Europea de Patrimoniu Industrial.<\/p>\n<p style=\"text-align: center\"><a href=\"https:\/\/native.elmundo.es\/2022\/10\/28\/assets\/img\/img-07.gif\"><img loading=\"lazy\" decoding=\"async\" class=\"alignnone\" src=\"https:\/\/native.elmundo.es\/2022\/10\/28\/assets\/img\/img-07.gif\" alt=\"\" width=\"764\" height=\"764\" \/><\/a><\/p>\n<p style=\"text-align: center\"><span style=\"color: #008080;font-size: 24px\"><strong>7.- MUSI O MUS\u00c9U DE LA SIDERURXA D&#8217;ASTURIES<\/strong><\/span><br \/>\n<span style=\"color: #008080;font-size: 24px\"><strong> (Llangr\u00e9u)<\/strong><\/span><\/p>\n<p>El MUSI nun dexa indiferente a naide. L&#8217;horizonte de Llangr\u00e9u #romper con esta torre de refrixeraci\u00f3n de 45 metros d&#8217;una antigua factor\u00eda de fierro y aceru qu&#8217;acueye&#8217;l Mus\u00e9u de la Siderurxa dende 2006. Decorada nel so parte cimeru con una franxa multicolor, los sos dos llantes percuerren la trayectoria de Pedro Duru, pioneru de la siderurxa n&#8217;Asturies, fundador d&#8217;esta instalaci\u00f3n y promotor del desenvolvimientu del territoriu circundante. Tami\u00e9n puede visitase una colecci\u00f3n sobro la producci\u00f3n d&#8217;acedu acetilsalic\u00edlico de la multinacional Bayer, les sos Aspirines que se fabriquen en Llangr\u00e9u pa tol planeta.<\/p>\n<p>El rastru del ferrocarril esti\u00e9ndese tami\u00e9n equ\u00ed. La ruta La m\u00e1quina y el tiempu esibe locomotores a vapor restauraes. Otra visita percuerre El Barriu Urquijo, un percorr\u00edu polos pabellones de viviendes qu&#8217;agospiaron a les families de los obreros.<\/p>\n<p style=\"text-align: center\"><a href=\"https:\/\/native.elmundo.es\/2022\/10\/28\/assets\/img\/img-08.gif\"><img loading=\"lazy\" decoding=\"async\" class=\"alignnone\" src=\"https:\/\/native.elmundo.es\/2022\/10\/28\/assets\/img\/img-08.gif\" alt=\"\" width=\"695\" height=\"695\" \/><\/a><\/p>\n<p style=\"text-align: center\"><span style=\"color: #008080;font-size: 24px\"><strong>8.- BODEGUES Y COLECCI\u00d3N PERMANENTE DE SIDRA <\/strong><\/span><br \/>\n<span style=\"color: #008080;font-size: 24px\"><strong>EL GAITERU (Villaviciosa) F\u00c1BRICA DE SIDRA<\/strong><\/span><\/p>\n<p>Quiciabes l&#8217;emblema asturianu m\u00e1s conoc\u00edu, El Gaiteru tien la so f\u00e1brica y bodega en La Espuncia. La carretera N-632 conduz a esti llugar, na ribera de la r\u00eda de Villaviciosa, Reserva Natural. La guapura de la paraxa ta m\u00e1s que garantizada. La visita a la f\u00e1brica dexa conocer c\u00f3mo se produz la sidra, bebida por excelencia asturiana. Dende la entrada de la mazana, el so pasu a la sala de prensa y posterior embotellao. Tami\u00e9n podr\u00e1n conocese los sos tr\u00e9s hist\u00f3riques bodegues, una d&#8217;elles con unos pimpanos doscientos toneles distribuy\u00edos en tr\u00e9s altores. Estes instalaciones funcionen g\u00fcei d\u00eda. La colecci\u00f3n permanente afaya la hestoria de la sidra champanizada y traza l&#8217;\u00e1rbol xeneal\u00f3xicu de la familia propietaria. Tami\u00e9n esplica&#8217;l peculiar estilu publicitariu de la firma, que tescendi\u00f3 fronteres y forma parte de la memoria popular del pa\u00eds.<\/p>\n<p style=\"text-align: center\"><a href=\"https:\/\/native.elmundo.es\/2022\/10\/28\/assets\/img\/img-09.gif\"><img loading=\"lazy\" decoding=\"async\" class=\"alignnone\" src=\"https:\/\/native.elmundo.es\/2022\/10\/28\/assets\/img\/img-09.gif\" alt=\"\" width=\"742\" height=\"742\" \/><\/a><\/p>\n<p style=\"text-align: center\"><span style=\"font-size: 24px\"><strong><span style=\"color: #008080\">9.- PAISAXE MINERO DEL VALLE DE TUR\u00d3N<br \/>\n(Mieres)<\/span><\/strong><\/span><\/p>\n<p>El Valle del Tur\u00f3n zarra munches visites n&#8217;una sola. Espaciu natural, pueblos, r\u00edu, v\u00edes del tren y la miner\u00eda de monte, que favoreci\u00f3 tolo anterior. Un percorr\u00edu empuestu va dexar entender la complexid\u00e1 d&#8217;esti paisaxe industrial qu&#8217;apigura finxos patrimoniales como la mina Fortuna, el pozu Espinos, el pozu Figareo o pueblos como Figareo, Reicastro o La Cuadriella. Lo cierto ye que&#8217;l valle del Tur\u00f3n foi llugar crucial mientres d\u00e9cades. Va Poder esperimentar de primera esquito la miner\u00eda de monte col emblem\u00e1ticu carcav\u00f3n de La Rebaldana, caminar pela v\u00eda verde que recupera la v\u00eda ferroviaria y acabar na torre d&#8217;estracci\u00f3n del pozu Espinos. Ell\u00ed at\u00f3pase&#8217;l polvor\u00edn de Fortuna, una galer\u00eda soterra\u00f1a de 200 metros de llargor con delles c\u00e1mares para almacenar esplosivos. El Valle forma parte del Paisaxe Protex\u00edu de la Cuenca Minera.<\/p>\n<p style=\"text-align: center\"><a href=\"https:\/\/native.elmundo.es\/2022\/10\/28\/assets\/img\/img-10.png\"><img loading=\"lazy\" decoding=\"async\" class=\"alignnone\" src=\"https:\/\/native.elmundo.es\/2022\/10\/28\/assets\/img\/img-10.png\" alt=\"\" width=\"654\" height=\"654\" \/><\/a><\/p>\n<p style=\"text-align: center\"><span style=\"color: #008080\"><strong><span style=\"font-size: 24px\">10.- MINES DE TEXEO Y POBL\u00c1U MINERU DE RUSECO <\/span><\/strong><\/span><br \/>\n<span style=\"color: #008080\"><strong><span style=\"font-size: 24px\">(Riosa)<\/span><\/strong><\/span><\/p>\n<p>Na aguada oriental de la Sierra del Aramo, at\u00f3pase esti xacimientu prehist\u00f3ricu de les Mines de Texeo, ricu en cobre y unu de los m\u00e1s antiguos d&#8217;Europa. Cr\u00e9ese que la so esplotaci\u00f3n data del a\u00f1u 2000 a. C. y diverses escavaciones recuperaron hasta 26 cadarmes humanes y utillaxes para faer rituales sagraos y ufriendes a la divinid\u00e1.<\/p>\n<p>A d\u00eda de g\u00fcei, bocamines y galer\u00edes milenaries conviven colos restos de les instalaciones de los sieglos XIX y XX, cuando se revitaliz\u00f3 la so esplotaci\u00f3n nesta magn\u00edfica paraxa nes faldes del Aramo, a unos 1.200 metros d&#8217;altit\u00fa. El reci\u00e9n Mirador de Texeo, desaf\u00eda al vaciu sobro les tolves de la planta de tratamientu de Ruseco y, solo les sos vistes, xustifiquen el desplazamientu. L&#8217;enclave t\u00f3pase al pie del m\u00edticu cume ciclista del Angliru, y apu\u00e9rtase por aciu una ruta se\u00f1alizada dende&#8217;l pueblu de Llamo\/L.llambo, onde tenemos de dexar el nuesu veh\u00edculu. Dende ell\u00ed vamos xubir hasta&#8217;l pobl\u00e1u mineru de Ruseco, otru bon exemplu de paternalismu industrial.<\/p>\n<p style=\"text-align: center\"><a href=\"https:\/\/native.elmundo.es\/2022\/10\/28\/assets\/img\/img-11.gif\"><img loading=\"lazy\" decoding=\"async\" class=\"alignnone\" src=\"https:\/\/native.elmundo.es\/2022\/10\/28\/assets\/img\/img-11.gif\" alt=\"\" width=\"670\" height=\"670\" \/><\/a><\/p>\n<p style=\"text-align: center\"><strong><span style=\"color: #008080;font-size: 24px\">11.- MINA Y ANC\u00d3N DE LLUMERES<br \/>\n(Goz\u00f3n)<\/span><\/strong><\/p>\n<p>La ruta costera Senda Norte conduz al xacimientu de fierro de Llumeres, el m\u00e1s importante d&#8217;Asturies y qu&#8217;algam\u00f3 mayor producci\u00f3n na d\u00f3mina. Nos sieglos XIX y XX suministr\u00f3 casi n&#8217;esclusiva la siderurxa de Duru*Felguera y cerr\u00f3 les sos puertes en 1967. A d\u00eda de g\u00fcei, les instalaciones t\u00e1n abandonaes anque ent\u00e1 s&#8217;aprecien sobro&#8217;l cantil la panader\u00eda, l&#8217;antiguu almac\u00e9n o la casa de m\u00e1quines del pozu Simancas. Un percorr\u00edu m\u00e1xicu que retrotraye a tiempos pasaos. Na vera, la bocamina y el cai del que sal\u00eden los barcos cargaos escontra&#8217;l puertu de Xix\u00f3n. La guapura del paisaxe apavoria.<\/p>\n<p style=\"text-align: center\"><a href=\"https:\/\/native.elmundo.es\/2022\/10\/28\/assets\/img\/img-12.gif\"><img loading=\"lazy\" decoding=\"async\" class=\"alignnone\" src=\"https:\/\/native.elmundo.es\/2022\/10\/28\/assets\/img\/img-12.gif\" alt=\"\" width=\"701\" height=\"701\" \/><\/a><\/p>\n<p style=\"text-align: center\"><span style=\"color: #008080\"><strong><span style=\"font-size: 24px\">12.- MUS\u00c9U DEL ORU D&#8217;ASTURIES<\/span><\/strong><\/span><br \/>\n<span style=\"color: #008080\"><strong><span style=\"font-size: 24px\"> (Tin\u00e9u)<\/span><\/strong><\/span><\/p>\n<p>Los romanos empe\u00f1aronse na conquista d&#8217;estes tierres, en gran parte, pol oru. Esti metal, qu&#8217;ent\u00e1 s&#8217;estrayi, marc\u00f3 la hestoria d&#8217;Asturies. El Mus\u00e9u del Oru en Navelgas (Tin\u00e9u), dende la coqueta Casona Capalleja, esplica esto y muncho m\u00e1s, y\u00e1 que dexa al visitante conocer la evoluci\u00f3n de la so estracci\u00f3n y los ritos acomu\u00f1aos a esti pervalible metal.<\/p>\n<p>Tami\u00e9n puede participase nun taller de bateo y conocer de primera esquito c\u00f3mo se buscaba esti metal. L&#8217;Aula Did\u00e1ctica del Oru, na capital del conceyu de Balmonte, tami\u00e9n ye otra bona oportunid\u00e1 para saber m\u00e1s sobro la estracci\u00f3n del oru.<\/p>\n<p style=\"text-align: center\"><a href=\"https:\/\/native.elmundo.es\/2022\/10\/28\/assets\/img\/img-13.png\"><img loading=\"lazy\" decoding=\"async\" class=\"alignnone\" src=\"https:\/\/native.elmundo.es\/2022\/10\/28\/assets\/img\/img-13.png\" alt=\"\" width=\"694\" height=\"694\" \/><\/a><\/p>\n<p style=\"text-align: center\"><strong><span style=\"color: #008080;font-size: 24px\">13.- SALTU Y CENTRAL HIDROEL\u00c9CTRICA DE GRANDAS DE SALIME<\/span><\/strong><\/p>\n<p>\u00bfQu\u00e9 s&#8217;atopa al llegar a esti llugar, arte o inxenier\u00eda? Nel occidente d&#8217;Asturies topa esta fusi\u00f3n de les dos disciplines, realizada ente 1945 y 1956, coles mires d&#8217;aprovechar la enerx\u00eda xenerada pel agua nel tramu cimeru del r\u00edu Navia. La so construcci\u00f3n ye un rumbu t\u00e9cnicu de los inxenieros d&#8217;Hidroel\u00e9ctrica del Cant\u00e1bricu, que tornaron les dificultaes del terr\u00e9n pa llograr llevantala. La parte art\u00edstica recay\u00f3 nel arquiteutu Joaqu\u00edn Vaqueru Palacios y el so f\u00edu Joaqu\u00edn Vaqueru Turcios, pintor, escultor y tard\u00edu arquiteutu. Xuntos supieron traducir al llinguaxe art\u00edsticu esti complexu industrial al travi\u00e9s de murales y relieves qu&#8217;amuesen el procesu constructivu de la central y los fundamentos de la producci\u00f3n el\u00e9ctrica. Vaqueru Turcios tami\u00e9n escurri\u00f3&#8217;l mirador colgante La Boca de la Ballena na marxe derecha del r\u00edu.<\/p>\n<p style=\"text-align: center\"><a href=\"https:\/\/native.elmundo.es\/2022\/10\/28\/assets\/img\/img-14.png\"><img loading=\"lazy\" decoding=\"async\" class=\"alignnone\" src=\"https:\/\/native.elmundo.es\/2022\/10\/28\/assets\/img\/img-14.png\" alt=\"\" width=\"769\" height=\"769\" \/><\/a><\/p>\n<p style=\"text-align: center\"><span style=\"font-size: 24px;color: #008080\"><strong>14.- MUS\u00c9U DE LA MADERA (Veneros, Casu)<\/strong><\/span><\/p>\n<p>Esti llugar dexa averase al mundu rural asturianu y les sos formes de vida. La madera xug\u00f3 un papel fundamental n&#8217;Asturies y la so bayura, sobremanera nesti conceyu, favoreci\u00f3 que los llabores con esti material van algamar equ\u00ed gran calid\u00e1. Los sos artesanos, cuantim\u00e1s los madre\u00f1eros, destacaron nel oficiu. El pas\u00e1u de Veneros, indisociable de la madera, xustifica la presencia d&#8217;esti mus\u00e9u qu&#8217;abri\u00f3 les sos puertes n&#8217;una casona del sieglu XVI n&#8217;avientu de 2001. L&#8217;amuesa aprofia la importancia de la madera n&#8217;Asturies. Especial atenci\u00f3n merez la madre\u00f1a, calz\u00e1u del llugar fabric\u00e1u con esta materia primo. Preseos de llabranza, elementos de tresporte como carros, cestes o preseos musicales pueden almirase equ\u00ed. Allug\u00e1u nel Parque Natural de Redes, el r\u00edu Nal\u00f3n traviesa los sos estensos y bellos montes de faya y carbayu.<\/p>\n<p>&nbsp;<\/p>\n<p style=\"text-align: center\"><a href=\"https:\/\/native.elmundo.es\/2022\/10\/28\/assets\/img\/img-15.gif\"><img loading=\"lazy\" decoding=\"async\" class=\"alignnone\" src=\"https:\/\/native.elmundo.es\/2022\/10\/28\/assets\/img\/img-15.gif\" alt=\"\" width=\"611\" height=\"611\" \/><\/a><\/p>\n<p style=\"text-align: center\"><span style=\"font-size: 24px\"><strong><span style=\"color: #008080\">15.- V\u00cdA VERDE DEL FERROCARRIL ESTRAT\u00c9XICU<br \/>\n(Carre\u00f1o)<\/span><\/strong><\/span><\/p>\n<p>Los aficionaos al senderismu tienen el so para\u00edsu nel Princip\u00e1u. Una numberosa rede de v\u00edes verdes, que rescaten para&#8217;l viandante y cliclistes antiguos pasos del tren, dexar\u00e1-yos conocer la naturaleza selvaxe y poderosa del llugar. Y\u00e1 s\u00eda en solitariu, con amigos, en pareya o con ne\u00f1os, les opciones son munches -Camocha (Xix\u00f3n); Fuso la Reina (Uvi\u00e9u); Sienda del Osu (Santo Adriano, Proaza, Teberga y Quir\u00f3s); Tranqueru (Carre\u00f1o); Valle de Lloreo (Mieres)\u2026- pero n\u00f3s proponemos la denominada V\u00eda Verde del Ferrocarril Estrat\u00e9xicu en Carre\u00f1o, que recupera una parte del traz\u00e1u ferroviariu al so pasu pol valle de Carre\u00f1o. La guapura, de nuevu, garantizada.<\/p>\n<p style=\"text-align: center\"><a href=\"https:\/\/native.elmundo.es\/2022\/10\/28\/assets\/img\/img-16.png\"><img loading=\"lazy\" decoding=\"async\" class=\"alignnone\" src=\"https:\/\/native.elmundo.es\/2022\/10\/28\/assets\/img\/img-16.png\" alt=\"\" width=\"705\" height=\"705\" \/><\/a><\/p>\n<p style=\"text-align: center\"><span style=\"font-size: 24px\"><strong><span style=\"color: #008080\">16.- MUS\u00c9U MAR\u00cdTIMU D&#8217;ASTURIES<\/span><\/strong><\/span><br \/>\n<span style=\"font-size: 24px\"><strong><span style=\"color: #008080\"> (Goz\u00f3n)<\/span><\/strong><\/span><\/p>\n<p>Si unu #empe\u00f1ar n&#8217;entender Asturies ensin el mar, va fracasar ensin remediu. Por eso, la villa marinera de LLuanco acueye&#8217;l Mus\u00e9u Mar\u00edtimu. Ell\u00ed, el visitante va poder esfrutar d&#8217;una colecci\u00f3n que percuerre la evoluci\u00f3n d&#8217;esta llarga relaci\u00f3n con pieces como La Ba\u00f1uguera o utillaxe d&#8217;una antigua carpinter\u00eda de ribera. Remat\u00e1u&#8217;l percorr\u00edu, tien d&#8217;esfrutase del puertu pesqueru de la villa: ell\u00ed tien llugar una esposici\u00f3n permanente al campu qu&#8217;afonda na relaci\u00f3n del territoriu y el mar. Tou esto, arrodi\u00e1u de cases t\u00edpiques y bellos edificios.<\/p>\n<p style=\"text-align: center\"><a href=\"https:\/\/native.elmundo.es\/2022\/10\/28\/assets\/img\/img-17.png\"><img loading=\"lazy\" decoding=\"async\" class=\"alignnone\" src=\"https:\/\/native.elmundo.es\/2022\/10\/28\/assets\/img\/img-17.png\" alt=\"\" width=\"677\" height=\"677\" \/><\/a><\/p>\n<p style=\"text-align: center\"><span style=\"font-size: 24px\"><strong><span style=\"color: #008080\">17.- ESPOSICI\u00d3N PERMANENTE DE LA INDUSTRIA CONSERVERO DE CAND\u00c1S<\/span><\/strong><\/span><br \/>\n<span style=\"font-size: 24px\"><strong><span style=\"color: #008080\"> (Carre\u00f1o)<\/span><\/strong><\/span><\/p>\n<p>Nesti llugar c\u00e1sique esc\u00fachase falar a les manos de los trabayadores an\u00f3nimes qu&#8217;apurrieron la so vida a l&#8217;activid\u00e1 conservera. C\u00f3mo tratar les pieces que&#8217;l mar, saber asitiales na so llata o tarru\u2026 Oficio sacrific\u00e1u y artesanal que puede conocese nesta esposici\u00f3n permanente nel antiguu barcal de la F\u00e1brica d&#8217;Alfageme en Cand\u00e1s (Carre\u00f1o). La colecci\u00f3n ye un homenaxe a estes muyeres y una oportunid\u00e1 de conocer esta activid\u00e1&#8230;<\/p>\n<p style=\"text-align: center\"><a href=\"https:\/\/native.elmundo.es\/2022\/10\/28\/assets\/img\/img-18.png\"><img loading=\"lazy\" decoding=\"async\" class=\"alignnone\" src=\"https:\/\/native.elmundo.es\/2022\/10\/28\/assets\/img\/img-18.png\" alt=\"\" width=\"585\" height=\"585\" \/><\/a><\/p>\n<p style=\"text-align: center\"><span style=\"font-size: 24px;color: #008080\"><strong>18.- MUS\u00c9U ETNOGR\u00c1FICU JUAN P\u00c9REZ VILLAMIL <\/strong><\/span><br \/>\n<span style=\"font-size: 24px;color: #008080\"><strong>(Navia)<\/strong><\/span><\/p>\n<p>Esti llugar recupera les instalaciones de l&#8217;antigua conservera L&#8217;Arenesca. Nel interior, maquinaria y muebles emplegaos nun oficiu que tan com\u00fan foi nes zones costeres d&#8217;Asturies al empar que puxante industria. Merez la pena percorrer el puertu de Navia; ell\u00ed va atopase colos antiguos estelleros y va poder conocer la rula del pexe. La visita empuesta ye una esperiencia inolvidable.<\/p>\n<p style=\"text-align: center\"><a href=\"https:\/\/native.elmundo.es\/2022\/10\/28\/assets\/img\/img-19.gif\"><img loading=\"lazy\" decoding=\"async\" class=\"alignnone\" src=\"https:\/\/native.elmundo.es\/2022\/10\/28\/assets\/img\/img-19.gif\" alt=\"\" width=\"598\" height=\"598\" \/><\/a><\/p>\n<p style=\"text-align: center\"><span style=\"font-size: 24px\"><strong><span style=\"color: #008080\">19.- MUS\u00c9U DEL VINU<br \/>\n(Cangas del Narcea)<\/span><\/strong><\/span><\/p>\n<p>Anque la sidra ye la b\u00e9bora m\u00e1s conocida d&#8217;Asturies, el cultivu de la vide tien una fuerte tradici\u00f3n nel territoriu. A quien-y interese saber m\u00e1s, puede averase al Mus\u00e9u del Vinu en Cangas. Ell\u00ed, nun pas\u00e9u poles sales y pasiellos del Llagar de Santiso, va poder reparar la prensa de les uves y munchos m\u00e1s instrumentos utilizaos na ellaboraci\u00f3n de los caldos y el cultivu de la vide que g\u00fcei dan cuerpu a la Denominaci\u00f3n d&#8217;Orixe Protexida Vinu de Cangas.<\/p>\n<p>&nbsp;<\/p>\n<p><span style=\"color: #008080\">Qu&#8217;Asturies namora al visitante ye una obviedad, pero qu&#8217;esta tierra unu puede encetala dende otres visiones, quiciabes nun lo s\u00eda tantu. Apostar por conocer el Patrimoniu Industrial d&#8217;un territoriu supon averase dende una perspectiva que va directa a la hestoria m\u00e1s aut\u00e9ntica, la de les sos xentes. Saber c\u00f3mo se ganaron el sustentu mientres sieglos; c\u00f3mo condicion\u00f3&#8217;l territoriu. O la durez del oficiu de mineru y esos obreros que formaron families en poblaos financiaos polos due\u00f1os de les mines. Les muyeres de manos y llombos rotos de sumar a\u00f1os para llevantar la industria conservero. Los artesanos del metal y de la madera. El ferrocarril que xuni\u00f3 a los sos pobladores para da-yos pan y trabayu\u2026 una heriedu qu&#8217;ent\u00e1 perdura na memoria de los asturianos. Estos percorr\u00edos, tami\u00e9n, van dexar conocer los sos praos y montes, el mar o la gastronom\u00eda. A \u00faltima hora, otra manera d&#8217;esfrutar d&#8217;esti para\u00edsu, por suerte, tan cercanu.<\/span><\/p>\n<hr \/>\n<p>&nbsp;<\/p>\n<header class=\"aos-init aos-animate\" data-aos=\"fade-down\" data-aos-duration=\"1500\">\n<div class=\"logo-cabecera\"><a class=\"logo-elmundo\" href=\"https:\/\/www.elmundo.es\/\"><img loading=\"lazy\" decoding=\"async\" class=\"\" src=\"https:\/\/native.elmundo.es\/2022\/10\/28\/assets\/img\/core\/logo-elmundo-black.svg\" alt=\"El Mundo\" width=\"257\" height=\"34\" \/> \u00a0 <\/a><\/div>\n<div class=\"logo-partner\"><a href=\"https:\/\/www.turismoasturias.es\/\" target=\"_blank\" rel=\"nofollow noopener\"> <img loading=\"lazy\" decoding=\"async\" class=\"\" src=\"https:\/\/native.elmundo.es\/2022\/10\/28\/assets\/img\/logo-asturias.png\" alt=\"Turismo de Asturias\" width=\"266\" height=\"72\" \/> <\/a><\/div>\n<\/header>\n<article class=\"article\">\n<section class=\"article__hero container-xl\">\n<hgroup class=\"aos-init aos-animate\" data-aos=\"fade-up\" data-aos-duration=\"1000\">\n<h1 style=\"text-align: center\"><strong><span style=\"color: #008080;font-size: 28px\">ASTURIASMEMORIA INDUSTRIAL<\/span><\/strong><\/h1>\n<\/hgroup>\n<p class=\"autor\" style=\"text-align: center\"><strong><span style=\"color: #008080;font-size: 28px\">Por Carmen Morales Puisegur<\/span><\/strong><\/p>\n<div class=\"arrow aos-init aos-animate\" data-aos=\"fade-down\" data-aos-duration=\"1500\"><a href=\"https:\/\/native.elmundo.es\/2022\/10\/28\/index.html?fbclid=IwAR2DcyWJ0WxSHmDv3WpsDoWLuVyImLvpGsgn0oZEgZQb4XKmVfXWkO_zoM8#first-scroll\">\u00a0 <\/a><\/div>\n<\/section>\n<div class=\"article__content\">\n<div id=\"first-scroll\" class=\"photo-ppal container-xl content aos-init aos-animate\" data-aos=\"fade-up\" data-aos-duration=\"2000\">\n<figure><img decoding=\"async\" src=\"https:\/\/native.elmundo.es\/2022\/10\/28\/assets\/img\/hero.gif\" \/><figcaption><small><i>Las localizaciones de este mapa no son exactas y solo remiten a las descripciones que se detallan a lo largo de este contenido<\/i><\/small><\/figcaption><\/figure>\n<\/div>\n<div class=\"container-sm content\">\n<h2 class=\"aos-init aos-animate\" data-aos=\"fade-up\" data-aos-duration=\"1500\"><span style=\"font-size: 20px\">Si hubiese que escoger tres colores para te\u00f1ir la memoria sentimental de <a href=\"https:\/\/urldefense.com\/v3\/__https:\/www.turismoasturias.es\/blog\/-\/blogs\/el-patrimonio-industrial-de-asturias-en-8-museos?utm_source=El_Mundo&amp;utm_medium=Reportaje&amp;utm_campaign=Continuidad&amp;utm_content=Patrimonio_Industrial__;!!MOA0!ch4OXwY7nBw7QF1ZDTPT78FHdIU35RFZC-z6utg4VkzKJ45SP7oo-M8JLuvNUeBmCZe_XOj1tX5yOqxa2WbTvjmhev6x6T51_siu$\" target=\"_blank\" rel=\"nofollow noopener\">Asturias<\/a>, puede que <b>el verde, el azul y el negro<\/b> partiesen como claros favoritos. <b>Prados, mar Cant\u00e1brico y carb\u00f3n<\/b>; lo visible pero tambi\u00e9n lo invisible. Porque la extracci\u00f3n de la hulla de las entra\u00f1as asturianas ha modelado sus paisajes y, la dureza de este oficio, el car\u00e1cter de sus gentes. La tierra y el mar fueron los principales proveedores de vida hasta <b>la eclosi\u00f3n de la industria minera en la segunda mitad del siglo XIX<\/b>.<\/span><\/h2>\n<p class=\"capital aos-init aos-animate\" data-aos=\"fade-up\" data-aos-duration=\"1500\">Hoy d\u00eda, los castilletes que recorren el horizonte del Principado recuerdan esa \u00e9poca que cont\u00f3 con un c\u00f3mplice imprescindible: <u>el tren de vapor<\/u>. El primer ferrocarril que conect\u00f3 Langreo con el puerto de Gij\u00f3n impuls\u00f3 una industria de d\u00e9cadas de esplendor. <b>Bustiello, la cuenca del Nal\u00f3n, el Valle del Tur\u00f3n\u2026<\/b> visitar poblados y paisajes mineros, conocer los restos de una industria sider\u00fargica anta\u00f1o floreciente, recorrer las v\u00edas del tren por los que rodaban vagones plenos de carb\u00f3n hasta los puertos\u2026 vestigios que conforman el patrimonio industrial de Asturias. Una <b>aventura para disfrutar en solitario, con amigos o en familia<\/b> y, as\u00ed, profundizar en el car\u00e1cter de una tierra tan bella como compleja.<\/p>\n<\/div>\n<div id=\"infografia\" class=\"infografia absolute\">\n<div class=\"infografia-bg aos-init aos-animate\" data-aos=\"fade-up\" data-aos-duration=\"1500\"><\/div>\n<div class=\"infografia-i\">\n<div class=\"infografia-i1\"><\/div>\n<\/div>\n<div class=\"infografia-d\">\n<div id=\"pregunta1\" class=\"infografia-1 aos-init aos-animate\" data-aos=\"fade-up\" data-aos-duration=\"1500\">\n<h4>1.- Museo de la Mina de Arnao (Castill\u00f3n)<\/h4>\n<p>\u00bfTe imaginas descender tanto a las entra\u00f1as de la tierra hasta transitar por debajo del nivel del mar? As\u00ed ocurre en la Mina de Arnao, en Castrill\u00f3n. En 1833, una firma belga apost\u00f3 por un pozo vertical para extraer el carb\u00f3n por debajo del mar y as\u00ed surgi\u00f3 esta <b>mina submarina<\/b>, \u00fanica en Europa, hasta que el Cant\u00e1brico la inund\u00f3 en 1915. Hoy d\u00eda, su bello castillete -la estructura vertical para transportar el carb\u00f3n desde el subsuelo hasta la superficie- avisa del lugar, considerado <b>Bien de Inter\u00e9s Cultural<\/b>. El actual Museo de la Mina de Arnao es un recorrido por la historia de Asturias y <b>se encuentra en un \u00e1rea marina protegida<\/b>, de gran valor geol\u00f3gico y faun\u00edstico.<\/p>\n<\/div>\n<div id=\"pregunta2\" class=\"infografia-2 aos-init aos-animate\" data-aos=\"fade-up\" data-aos-duration=\"1500\">\n<h4>2.- Poblado Minero de Bustiello (Mieres)<\/h4>\n<p>Puede que ante la perspectiva de pisar por primera vez un poblado minero, el visitante piense en castilletes, vagones ennegrecidos y huellas de carb\u00f3n por doquier. Bustiello desmontar\u00e1, por completo, esta idea preconcebida. Recorrido por el r\u00edo Aller, <b>el poblado refulge como una joya arquitect\u00f3nica urban\u00edstica y primoroso ejemplo del paternalismo industrial<\/b> de la \u00e9poca. As\u00ed es como se denominaba a las iniciativas de empresarios del carb\u00f3n que financiaban la construcci\u00f3n de n\u00facleos urbanos para sus empleados.<\/p>\n<p>La Sociedad Hullera Espa\u00f1ola, propiedad del marqu\u00e9s de Comillas, ide\u00f3 Bustiello. Un casino, escuelas para ni\u00f1os y ni\u00f1as, el hospital, la farmacia, la capilla, las viviendas, el puente que cruza el r\u00edo\u2026 una ciudad para los trabajadores de la mina financiada por el patr\u00f3n. El Centro de Interpretaci\u00f3n traza un recorrido para entender este modo de vida que marc\u00f3 a generaciones y generaciones de asturianos.<\/p>\n<\/div>\n<div id=\"pregunta3\" class=\"infografia-3 aos-init aos-animate\" data-aos=\"fade-up\" data-aos-duration=\"1500\">\n<h4>3.- Ecomuseo Minero \u2018Valle de Samu\u00f1o\u2019 (Langreo)<\/h4>\n<p>Un tren, un valle, una mina, un pueblo\u2026 todo esto se encontrar\u00e1 aqu\u00ed el visitante. El Ecomuseo Minero Valle de Samu\u00f1o, abierto en 2013, surge tras la recuperaci\u00f3n del patrimonio industrial del poblado minero de La Nueva en Langreo. Tras subirnos a uno de los vagones de ferrocarril partiremos de la Estaci\u00f3n de El Cadaviu y <b><\/b>recorreremos el viejo camino del carb\u00f3n que atraviesa el Valle de Samu\u00f1o, que forma parte del Paisaje Protegido de las Cuencas Mineras de Asturias. \u00bfC\u00f3mo dudar de la belleza que nos espera?<\/p>\n<p>El trayecto transcurre en paralelo al r\u00edo Samu\u00f1o hasta que se adentra en la oscuridad de la tierra durante m\u00e1s de un kil\u00f3metro por el Socav\u00f3n Emilia, antigua mina de monta\u00f1a, para descender 32 metros de profundidad y acabar en la primera planta del Pozo de San Luis. Una jaula devolver\u00e1 al exterior a los pasajeros. Emociones aseguradas.<\/p>\n<\/div>\n<div id=\"pregunta4\" class=\"infografia-4 aos-init aos-animate\" data-aos=\"fade-up\" data-aos-duration=\"1500\">\n<h4>4.- Pozo Sot\u00f3n (San Mart\u00edn del Rey Aurelio)<\/h4>\n<p>En San Mart\u00edn del Rey Aurelio, en la cuenca minera del Nal\u00f3n, se encuentra el Pozo Sot\u00f3n y el Centro de Experiencias y Memoria de la Miner\u00eda. <b>Prep\u00e1rese para una inmersi\u00f3n total en este universo<\/b>. Puede optar por dos recorridos subterr\u00e1neos (uno de ellos exige cierta preparaci\u00f3n f\u00edsica) o visitar las instalaciones de la superficie, declaradas BIC. Si opta por descender -recuerde que una de las opciones no es apta para todos los p\u00fablicos- podr\u00e1 realizar un itinerario entre las plantas octava y d\u00e9cima (entre los 338 y 556 metros de profundidad). Eso s\u00ed, har\u00e1 el mismo recorrido que los mineros durante d\u00e9cadas.<\/p>\n<\/div>\n<div id=\"pregunta5\" class=\"infografia-5 aos-init aos-animate\" data-aos=\"fade-up\" data-aos-duration=\"1500\">\n<h4>5.- Museo de la Miner\u00eda y la Industria de Asturias (San Mart\u00edn del Rey Aurelio)<\/h4>\n<p>Seguimos en San Mart\u00edn del Rey Aurelio. All\u00ed, en 1994 abri\u00f3 sus puertas el Museo de la Miner\u00eda y la Industria de Asturias en la antigua escombrera de la mina San Vicente. El <b>recinto pone en valor la herencia del carb\u00f3n<\/b>, explica los sistemas de explotaci\u00f3n y acerca al funcionamiento de la m\u00e1quina de vapor que impuls\u00f3 la Revoluci\u00f3n Industrial. All\u00ed tambi\u00e9n encontraremos La Casa del Explosivo que hace un recorrido por la historia de este producto. Un tren zambulle en el socav\u00f3n de la mina.<\/p>\n<\/div>\n<div id=\"pregunta6\" class=\"infografia-6 aos-init aos-animate\" data-aos=\"fade-up\" data-aos-duration=\"1500\">\n<h4>6.- MUSEO DEL FERROCARRIL DE ASTURIAS (Gij\u00f3n)<\/h4>\n<p>Los \u00faltimos dos siglos de Asturias no se entienden sin el ferrocarril. En la segunda mitad del XIX, Gij\u00f3n\/Xix\u00f3n se convierte en foco industrial y miles de obreros acudir\u00e1n all\u00ed para alistarse en las pujantes f\u00e1bricas. <b>Junto a la actual playa de Poniente, se construir\u00e1 la Estaci\u00f3n del Norte<\/b>, un punto crucial en el transporte del carb\u00f3n y eje central de pasajeros. El lugar se convirti\u00f3 en el principal acceso ferroviario de Asturias: casi todo, por no decir todo, pasaba por all\u00ed. Permaneci\u00f3 activa hasta 1990 y, ocho a\u00f1os m\u00e1s tarde, se inaugur\u00f3 el Museo del Ferrocarril de Asturias. El edificio rehabilitado tiene dos plantas y una playa de v\u00edas de m\u00e1s de 650 metros. Su recorrido es un homenaje a este medio de transporte y su contribuci\u00f3n al territorio. Impresionan sus 16 locomotoras a vapor, algunas de las cuales todav\u00eda funcionan. Una visita indispensable en la Ruta Europea de Patrimonio Industrial.<\/p>\n<\/div>\n<div id=\"pregunta7\" class=\"infografia-7 aos-init aos-animate\" data-aos=\"fade-up\" data-aos-duration=\"1500\">\n<h4>7.- MUSI O MUSEO DE LA SIDERURGIA DE ASTURIAS (Langreo)<\/h4>\n<p>El MUSI no deja indiferente a nadie. El horizonte de Langreo se rompe con esta torre de refrigeraci\u00f3n de 45 metros de una antigua factor\u00eda de hierro y acero que acoge el Museo de la Siderurgia desde 2006. <b>Decorada en su parte superior con una franja multicolor, sus dos plantas recorren la trayectoria de Pedro Duro, pionero de la siderurgia en Asturias<\/b>, fundador de esta instalaci\u00f3n y promotor del desarrollo del territorio circundante. Tambi\u00e9n puede visitarse una colecci\u00f3n sobre la producci\u00f3n de \u00e1cido acetilsalic\u00edlico de la multinacional Bayer, sus Aspirinas que se fabrican en Langreo para todo el planeta.<\/p>\n<p>El rastro del ferrocarril se extiende tambi\u00e9n aqu\u00ed. La ruta <i>La m\u00e1quina y el tiempo<\/i> exhibe locomotoras a vapor restauradas. Otra visita recorre <i>El Barrio Urquijo<\/i>, un recorrido por los pabellones de viviendas que alojaron a las familias de los obreros.<\/p>\n<\/div>\n<div id=\"pregunta8\" class=\"infografia-8 aos-init aos-animate\" data-aos=\"fade-up\" data-aos-duration=\"1500\">\n<h4>8.- BODEGAS Y COLECCI\u00d3N PERMANENTE DE SIDRA EL GAITERO (Villaviciosa) F\u00c1BRICA DE SIDRA<\/h4>\n<p>Quiz\u00e1s el emblema asturiano m\u00e1s conocido, <b>El Gaitero tiene su f\u00e1brica y bodega en La Espuncia<\/b>. La carretera N-632 conduce a este lugar, en la ribera de la r\u00eda de Villaviciosa, Reserva Natural. <b>La belleza del paraje est\u00e1 m\u00e1s que garantizada<\/b>. La visita a la f\u00e1brica permite conocer c\u00f3mo se produce la sidra, bebida por excelencia asturiana. Desde la entrada de la manzana, su paso a la sala de prensa y posterior embotellado. Tambi\u00e9n se podr\u00e1n conocer sus tres hist\u00f3ricas bodegas, una de ellas con unos imponentes doscientos toneles distribuidos en tres alturas. Estas instalaciones funcionan hoy d\u00eda. La colecci\u00f3n permanente descubre la historia de la sidra champanizada y traza el \u00e1rbol geneal\u00f3gico de la familia propietaria. Tambi\u00e9n explica el peculiar estilo publicitario de la firma, que ha trascendido fronteras y forma parte de la memoria popular del pa\u00eds.<\/p>\n<\/div>\n<div id=\"pregunta9\" class=\"infografia-9 aos-init aos-animate\" data-aos=\"fade-up\" data-aos-duration=\"1500\">\n<h4>9.- PAISAJE MINERO DEL VALLE DE TUR\u00d3N (Mieres)<\/h4>\n<p>El Valle del Tur\u00f3n <b>encierra muchas visitas en una sola<\/b>. Espacio natural, pueblos, r\u00edo, v\u00edas del tren y la miner\u00eda de monta\u00f1a, que propici\u00f3 todo lo anterior. Un recorrido guiado permitir\u00e1 comprender la complejidad de este paisaje industrial que aglutina <b>hitos patrimoniales<\/b> como <b>la mina Fortuna, el pozo Espinos, el pozo Figaredo<\/b> o pueblos como <b>Figaredo, Reicastro o La Cuadriella<\/b>. Lo cierto es que el valle del Tur\u00f3n fue lugar crucial durante d\u00e9cadas. Podr\u00e1 experimentar de primera mano la miner\u00eda de monta\u00f1a con el emblem\u00e1tico socav\u00f3n de La Rebaldana, caminar por la v\u00eda verde que recupera la v\u00eda ferroviaria y acabar en la torre de extracci\u00f3n del pozo Espinos. All\u00ed se encuentra el polvor\u00edn de Fortuna, una galer\u00eda subterr\u00e1nea de 200 metros de longitud con varias c\u00e1maras para almacenar explosivos. <b>El Valle forma parte del Paisaje Protegido de la Cuenca Minera<\/b>.<\/p>\n<\/div>\n<div id=\"pregunta10\" class=\"infografia-10 aos-init aos-animate\" data-aos=\"fade-up\" data-aos-duration=\"1500\">\n<h4>10.- MINAS DE TEXEO Y POBLADO MINERO DE RIOSECO (Riosa)<\/h4>\n<p>En la vertiente oriental de la Sierra del Aramo, se encuentra este yacimiento prehist\u00f3rico de las Minas de Texeo, rico en cobre y <b>uno de los m\u00e1s antiguos de Europa<\/b>. Se cree que su explotaci\u00f3n data del a\u00f1o 2000 a. C. y diversas excavaciones han recuperado hasta 26 esqueletos humanos y utillajes para hacer rituales sagrados y ofrendas a la divinidad.<\/p>\n<p>A d\u00eda de hoy, <b>bocaminas y galer\u00edas milenarias conviven con los restos de las instalaciones de los siglos XIX y XX<\/b>, cuando se revitaliz\u00f3 su explotaci\u00f3n en este magn\u00edfico paraje en las faldas del Aramo, a unos 1.200 metros de altitud. El reciente Mirador de Texeo, desaf\u00eda al vac\u00edo sobre las tolvas de la planta de tratamiento de Rioseco y, solo sus vistas, justifican el desplazamiento. El enclave se halla al pie de la m\u00edtica cumbre ciclista del Angliru, y se accede mediante una ruta se\u00f1alizada desde el pueblo de Llamo\/L.lamo, donde debemos dejar nuestro veh\u00edculo. Desde all\u00ed ascenderemos hasta <b>el poblado minero de Rioseco<\/b>, otro buen ejemplo de paternalismo industrial.<\/p>\n<\/div>\n<div id=\"pregunta11\" class=\"infografia-11 aos-init aos-animate\" data-aos=\"fade-up\" data-aos-duration=\"1500\">\n<h4>11.- MINA Y ENSENADA DE LLUMERES (Goz\u00f3n)<\/h4>\n<p>La ruta costera Senda Norte conduce al <b>yacimiento de hierro de Llumeres, el m\u00e1s importante de Asturias<\/b> y que alcanz\u00f3 mayor producci\u00f3n en la \u00e9poca. En los siglos XIX y XX suministr\u00f3 casi en exclusiva la siderurgia de Duro-Felguera y cerr\u00f3 sus puertas en 1967. A d\u00eda de hoy, las instalaciones est\u00e1n abandonadas aunque a\u00fan se aprecian sobre el acantilado la panader\u00eda, el antiguo almac\u00e9n o la casa de m\u00e1quinas del pozo Simancas. Un recorrido m\u00e1gico que retrotrae a tiempos pasados. <b>En la orilla, la bocamina y el embarcadero del que sal\u00edan los barcos cargados hacia el puerto de Gij\u00f3n<\/b>. La belleza del paisaje sobrecoge.<\/p>\n<\/div>\n<div id=\"pregunta12\" class=\"infografia-12 aos-init aos-animate\" data-aos=\"fade-up\" data-aos-duration=\"1500\">\n<h4>12.- MUSEO DEL ORO DE ASTURIAS (Tineo)<\/h4>\n<p>Los romanos se empe\u00f1aron en la conquista de estas tierras, en gran parte, por el oro. <b>Este metal, que a\u00fan se extrae, ha marcado la historia de Asturias<\/b>. El Museo del Oro en Navelgas (Tineo), desde <b>la coqueta Casona Capalleja<\/b>, explica esto y mucho m\u00e1s, ya que permite al visitante conocer la evoluci\u00f3n de su extracci\u00f3n y los ritos asociados a este valioso metal.<\/p>\n<p>Tambi\u00e9n se puede <b>participar en un taller de bateo<\/b> y conocer de primera mano c\u00f3mo se buscaba este metal. El Aula Did\u00e1ctica del Oro, en la capital del concejo de Belmonte de Miranda, tambi\u00e9n es otra buena oportunidad para saber m\u00e1s sobre la extracci\u00f3n del oro.<\/p>\n<\/div>\n<div id=\"pregunta13\" class=\"infografia-13 aos-init aos-animate\" data-aos=\"fade-up\" data-aos-duration=\"1500\">\n<h4>13.- SALTO Y CENTRAL HIDROEL\u00c9CTRICA DE GRANDAS DE SALIME<\/h4>\n<p>\u00bfQu\u00e9 se encuentra al llegar a este lugar, <b>arte o ingenier\u00eda<\/b>? En el occidente de Asturias se halla esta fusi\u00f3n de las dos disciplinas, realizada entre 1945 y 1956, con el objetivo de aprovechar la energ\u00eda generada por el agua en el tramo superior del r\u00edo Navia. Su construcci\u00f3n es un alarde t\u00e9cnico de los ingenieros de Hidroel\u00e9ctrica del Cant\u00e1brico, que esquivaron las dificultades del terreno para lograr levantarla. La parte art\u00edstica recay\u00f3 en el arquitecto Joaqu\u00edn Vaquero Palacios y su hijo Joaqu\u00edn Vaquero Turcios, pintor, escultor y tard\u00edo arquitecto. <b>Juntos supieron traducir al lenguaje art\u00edstico este complejo industrial<\/b> a trav\u00e9s de murales y relieves que muestran el proceso constructivo de la central y los fundamentos de la producci\u00f3n el\u00e9ctrica. Vaquero Turcios tambi\u00e9n ide\u00f3 el mirador colgante La Boca de la Ballena en la margen derecha del r\u00edo.<\/p>\n<\/div>\n<div id=\"pregunta14\" class=\"infografia-14 aos-init aos-animate\" data-aos=\"fade-up\" data-aos-duration=\"1500\">\n<h4>14.- MUSEO DE LA MADERA (Veneros)<\/h4>\n<p>Este lugar permite acercarse al mundo rural asturiano y sus formas de vida. La madera jug\u00f3 un papel fundamental en Asturias y su abundancia, sobre todo en este concejo, favoreci\u00f3 que las labores con este material alcanzar\u00e1n aqu\u00ed gran calidad. Sus artesanos, en especial <b>los madre\u00f1eros, destacaron en el oficio<\/b>. El pasado de Veneros, indisociable de la madera, justifica la presencia de este museo que abri\u00f3 sus puertas en una casona del siglo XVI en diciembre de 2001. La muestra recalca la importancia de la madera en Asturias. Especial atenci\u00f3n merece <b>la madre\u00f1a, calzado del lugar fabricado con esta materia prima<\/b>. Aperos de labranza, elementos de transporte como carros, cestas o instrumentos musicales pueden admirarse aqu\u00ed. Ubicado en el Parque Natural de Redes, el r\u00edo Nal\u00f3n atraviesa sus extensos y bellos bosques de haya y roble.<\/p>\n<\/div>\n<div id=\"pregunta15\" class=\"infografia-15 aos-init aos-animate\" data-aos=\"fade-up\" data-aos-duration=\"1500\">\n<h4>15.- V\u00cdA VERDE DEL FERROCARRIL ESTRAT\u00c9GICO (Carre\u00f1o)<\/h4>\n<p><b>Los aficionados al senderismo tienen su para\u00edso en el Principado<\/b>. Una numerosa red de v\u00edas verdes, que rescatan para el viandante y cliclistas antiguos pasos del tren, les permitir\u00e1 conocer la naturaleza salvaje y poderosa del lugar. Ya sea en solitario, con amigos, en pareja o con ni\u00f1os, las opciones son muchas &#8211;<b>Camocha (Gij\u00f3n); Fuso la Reina (Oviedo); Senda del Oso (Santo Adriano, Proaza, Teverga y Quir\u00f3s); Tranqueru (Carre\u00f1o); Valle de Loredo (Mieres)\u2026<\/b>&#8211; pero nosotros proponemos la denominada V\u00eda Verde del Ferrocarril Estrat\u00e9gico en Carre\u00f1o, que recupera una parte del trazado ferroviario a su paso por el valle de Carre\u00f1o. La belleza, de nuevo, garantizada.<\/p>\n<\/div>\n<div id=\"pregunta16\" class=\"infografia-16 aos-init aos-animate\" data-aos=\"fade-up\" data-aos-duration=\"1500\">\n<h4>16.- MUSEO MAR\u00cdTIMO DE ASTURIAS (Goz\u00f3n)<\/h4>\n<p><b>Si uno se empe\u00f1a en entender Asturias sin el mar, fracasar\u00e1 sin remedio<\/b>. Por eso, la villa marinera de Luanco\/LLuanco acoge el Museo Mar\u00edtimo. All\u00ed, el visitante podr\u00e1 disfrutar de una colecci\u00f3n que recorre la evoluci\u00f3n de esta larga relaci\u00f3n con piezas como <i>La Ba\u00f1uguera<\/i> o utillaje de una antigua carpinter\u00eda de ribera. Finalizado el recorrido, se debe disfrutar del <b>puerto pesquero de la villa<\/b>: all\u00ed tiene lugar una exposici\u00f3n permanente al aire libre que profundiza en la relaci\u00f3n del territorio y el mar. Todo esto, rodeado de casas t\u00edpicas y bellos edificios.<\/p>\n<\/div>\n<div id=\"pregunta17\" class=\"infografia-17 aos-init aos-animate\" data-aos=\"fade-up\" data-aos-duration=\"1500\">\n<h4>17.- EXPOSICI\u00d3N PERMANENTE DE LA INDUSTRIA CONSERVERA DE CAND\u00c1S (Carre\u00f1o)<\/h4>\n<p>En este lugar casi que se escucha hablar a las manos de las trabajadoras an\u00f3nimas que entregaron su vida a la actividad conservera. C\u00f3mo tratar las piezas que el mar, saber colocarlas en su lata o tarro\u2026 Oficio sacrificado y artesanal que puede conocerse en esta exposici\u00f3n permanente en el antiguo aljibe de la F\u00e1brica de Alfageme en Cand\u00e1s (Carre\u00f1o). <b>La colecci\u00f3n es un homenaje a estas mujeres y una oportunidad de conocer esta actividad.<\/b>.<\/p>\n<\/div>\n<div id=\"pregunta18\" class=\"infografia-18 aos-init aos-animate\" data-aos=\"fade-up\" data-aos-duration=\"1500\">\n<h4>18.- MUSEO ETNOGR\u00c1FICO JUAN P\u00c9REZ VILLAMIL (Navia)<\/h4>\n<p>Este lugar <b>recupera las instalaciones de la antigua conservera La Arenesca<\/b>. En el interior, maquinaria y muebles empleados en un oficio que tan com\u00fan fue en las zonas costeras de Asturias a la vez que pujante industria. Merece la pena recorrer el puerto de Navia; all\u00ed se encontrar\u00e1 con los antiguos astilleros y podr\u00e1 conocer la rula del pescado. La visita guiada es una experiencia inolvidable.<\/p>\n<\/div>\n<div id=\"pregunta19\" class=\"infografia-19 aos-init aos-animate\" data-aos=\"fade-up\" data-aos-duration=\"1500\">\n<h4>19.- MUSEO DEL VINO (Cangas del Narcea)<\/h4>\n<p>Aunque la sidra es la bebida m\u00e1s conocida de Asturias, el cultivo de la vid tiene una fuerte tradici\u00f3n en el territorio. A quien le interese saber m\u00e1s, puede acercarse al Museo del Vino en Cangas del Narcea. All\u00ed, en un paseo por las salas y pasillos del Lagar de Santiso, podr\u00e1 observar la prensa de las uvas y muchos m\u00e1s utensilios utilizados en la elaboraci\u00f3n de los caldos y el cultivo de la vid que hoy dan cuerpo a la Denominaci\u00f3n de Origen Protegida Vino de Cangas.<\/p>\n<\/div>\n<\/div>\n<div class=\"infografia-progress\">\n<div class=\"infografia-bar\">\n<div class=\"infografia-progress-metro\"><\/div>\n<\/div>\n<\/div>\n<\/div>\n<div class=\"container-sm content aos-init aos-animate\" data-aos=\"fade-up\" data-aos-duration=\"1500\">\n<p>Que Asturias enamora al visitante es una obviedad, pero que esta tierra uno puede abordarla desde otras visiones, quiz\u00e1s no lo sea tanto. <b>Apostar por conocer el Patrimonio Industrial de un territorio supone acercarse desde una perspectiva que va directa a la historia m\u00e1s aut\u00e9ntica, la de sus gentes<\/b>. Saber c\u00f3mo se ganaron el sustento durante siglos; c\u00f3mo condicion\u00f3 el territorio. O la dureza del oficio de minero y esos obreros que formaron familias en poblados financiados por los due\u00f1os de las minas. Las mujeres de manos y espaldas rotas de sumar a\u00f1os para levantar la industria conservera. Los artesanos del metal y de la madera. El ferrocarril que uni\u00f3 a sus pobladores para darles pan y trabajo\u2026 una herencia que a\u00fan perdura en la memoria de los asturianos. Estos recorridos, tambi\u00e9n, permitir\u00e1n conocer sus prados y monta\u00f1as, el mar o la gastronom\u00eda. En definitiva, otra manera de disfrutar de este para\u00edso, por suerte, tan cercano.<\/p>\n<\/div>\n<div class=\"social social-down\"><\/div>\n<div class=\"equipo content\">\n<h5><b><u>CREDITOS<\/u><\/b><\/h5>\n<ul>\n<li>Redacci\u00f3n: <b>Carmen Morales Puisegur<\/b><\/li>\n<li>Dise\u00f1o y maquetaci\u00f3n: <b>Vanesa Duque<\/b><\/li>\n<li>Ilustraciones: <b>Pedro Perles<\/b><\/li>\n<\/ul>\n<\/div>\n<div class=\"content\">\n<div class=\"creditos\">Este contenido ha sido desarrollado por <a href=\"http:\/\/uestudio.es\/\" target=\"_blank\" rel=\"noopener\">UE Studio<\/a>, firma creativa de branded content y marketing de contenidos de Unidad Editorial para <a href=\"https:\/\/www.turismoasturias.es\/\" target=\"_blank\" rel=\"nofollow noopener\">Turismo de Asturias<\/a><\/div>\n<\/div>\n<\/div>\n<\/article>\n","protected":false},"excerpt":{"rendered":"<p>Fonte: El Mundo \/ ACTIVID\u00c1\u00a0 AULA CREDITOS Redacci\u00f3n: Carmen Morales Puisegur Dise\u00f1o y maquetaci\u00f3n: Vanesa Duque Ilustraciones: Pedro Perles Si hubiera qu&#8217;escoyer tr\u00e9s colories para ti\u00f1ir la memoria sentimental d&#8217;Asturies, pue que el verde, l&#8217;azul y el negru partieren como claros favoritos. Praos, mar Cant\u00e1bricu y carb\u00f3n; lo visible pero tami\u00e9n lo invisible. Porque la [&hellip;]<\/p>\n","protected":false},"author":117,"featured_media":0,"comment_status":"open","ping_status":"open","sticky":false,"template":"","format":"standard","meta":{"footnotes":""},"categories":[19,15],"tags":[257],"class_list":["post-14996","post","type-post","status-publish","format-standard","hentry","category-asturies","category-museos","tag-mina"],"_links":{"self":[{"href":"https:\/\/edublog.educastur.es\/ixuxu\/wp-json\/wp\/v2\/posts\/14996","targetHints":{"allow":["GET"]}}],"collection":[{"href":"https:\/\/edublog.educastur.es\/ixuxu\/wp-json\/wp\/v2\/posts"}],"about":[{"href":"https:\/\/edublog.educastur.es\/ixuxu\/wp-json\/wp\/v2\/types\/post"}],"author":[{"embeddable":true,"href":"https:\/\/edublog.educastur.es\/ixuxu\/wp-json\/wp\/v2\/users\/117"}],"replies":[{"embeddable":true,"href":"https:\/\/edublog.educastur.es\/ixuxu\/wp-json\/wp\/v2\/comments?post=14996"}],"version-history":[{"count":5,"href":"https:\/\/edublog.educastur.es\/ixuxu\/wp-json\/wp\/v2\/posts\/14996\/revisions"}],"predecessor-version":[{"id":15001,"href":"https:\/\/edublog.educastur.es\/ixuxu\/wp-json\/wp\/v2\/posts\/14996\/revisions\/15001"}],"wp:attachment":[{"href":"https:\/\/edublog.educastur.es\/ixuxu\/wp-json\/wp\/v2\/media?parent=14996"}],"wp:term":[{"taxonomy":"category","embeddable":true,"href":"https:\/\/edublog.educastur.es\/ixuxu\/wp-json\/wp\/v2\/categories?post=14996"},{"taxonomy":"post_tag","embeddable":true,"href":"https:\/\/edublog.educastur.es\/ixuxu\/wp-json\/wp\/v2\/tags?post=14996"}],"curies":[{"name":"wp","href":"https:\/\/api.w.org\/{rel}","templated":true}]}}