{"id":15008,"date":"2022-11-19T20:04:11","date_gmt":"2022-11-19T18:04:11","guid":{"rendered":"https:\/\/edublog.educastur.es\/ixuxu\/?p=15008"},"modified":"2022-11-19T20:41:34","modified_gmt":"2022-11-19T18:41:34","slug":"la-guia-coles-115-siendes-verdes-dasturies","status":"publish","type":"post","link":"https:\/\/edublog.educastur.es\/ixuxu\/2022\/11\/la-guia-coles-115-siendes-verdes-dasturies\/","title":{"rendered":"La gu\u00eda coles 115 siendes verdes d&#8217;Asturies 2012"},"content":{"rendered":"<p>Una gu\u00eda coles v\u00edes verdes del Princip\u00e1u y los sos 1.200 kil\u00f3metros.<\/p>\n<ul>\n<li><a href=\"https:\/\/issuu.com\/rutasnavarra\/docs\/catalogo_sendas_verdes_asturias\">ISSUU<\/a> \/ \u00a0<a title=\"Gu\u00eda de las sendas verdes de Asturias en PDF\" href=\"http:\/\/elbalcondemuniellos.files.wordpress.com\/2011\/07\/catalogo-sendas-verdes-asturias.pdf\" target=\"_blank\" rel=\"noopener\">PDF \u2013 34,1 MB<\/a> (Fonte: <a title=\"El Balc\u00f3n de Muniellos\" href=\"http:\/\/elbalcondemuniellos.wordpress.com\/\" target=\"_blank\" rel=\"noopener\">El Balc\u00f3n de Muniellos<\/a>).\/<a href=\"https:\/\/viasverdes.com\/itinerarios\/principal.asp\"> MAPAS<\/a><\/li>\n<\/ul>\n<p>La Conseyer\u00eda de Mediu Ambiente, Ordenaci\u00f3n del Territoriu ya Infraestructures edit\u00f3 un cat\u00e1logu con toles siendes verdes qu&#8217;esisten n&#8217;Asturies. Esti llibru incl\u00fai los percorr\u00edos piatonales y cicloturistes qu&#8217;esisten n&#8217;Asturies y que suman 1.262 kil\u00f3metros. La gu\u00eda incl\u00fai toles siendes verdes qu&#8217;esisten n&#8217;Asturies. <a href=\"http:\/\/www.biendealtura.com\/la-guia-con-las-115-sendas-verdes-de-asturias-gratis\/\">Fonte.<\/a><\/p>\n<p><img loading=\"lazy\" decoding=\"async\" class=\" aligncenter\" src=\"http:\/\/www.biendealtura.com\/wp-content\/uploads\/2011\/08\/guia-sendas-verdes-asturias-gratis.jpg\" width=\"319\" height=\"319\" \/><\/p>\n<p><!--more--><\/p>\n<p>En total recu\u00e9yense 115 percorr\u00edos incluy\u00edos en 83 siendes, cuidao que dos d&#8217;elles suman 34 etapes (GR 109 y el conoc\u00edu como An\u00edu ciclista del Monte Central d&#8217;Asturies). Tolos percorr\u00edos apigur\u00e1ronse en 10 bloques tem\u00e1ticos, seg\u00fan la zona pola qu&#8217;escurren o poles caracter\u00edstiques de traz\u00e1u: dos tales en parques naturales, costeres, de los Oscos-Eo, Valles mineros, dos tales fluviales, periurbanas, accesibles\u2026<\/p>\n<p>Ca\u00fana de les siendes cunta con una ficha descriptiva de les sos caracter\u00edstiques, llugares d&#8217;inter\u00e9s y afitaos rese\u00f1ables del so itinerariu. Incl\u00fayese&#8217;l llargor del percorr\u00edu, el nivel de dificult\u00e1, el tiempu envalor\u00e1u, el desnivel del terr\u00e9n o l&#8217;altor m\u00e1ximu. Tami\u00e9n s&#8217;espliquen les coordenaes, les caracter\u00edstiques de la sienda (piatonal o cicloturista) y posibles puntos de parada. El llibru ta ilustr\u00e1u con ortofotos, vistes panor\u00e1miques y otres fotograf\u00edes ilustratives.<\/p>\n<p><strong>Sendas en parques naturales:<\/strong><\/p>\n<ul>\n<li>Por donde camina el oso: Rebollar \u2013 Dega\u00f1a<\/li>\n<li>Ruta de Moal<\/li>\n<li>Ruta Valle del Lago<\/li>\n<li>Ruta del Valle del Pigue\u00f1a \u2013 La Pornacal \u2013 Bra\u00f1a Los Cuartos<\/li>\n<li>Soto de Agues \u2013 Puente Retortoriu (Ruta del Alba)<\/li>\n<li>Agues \u2013 Puente Precia<\/li>\n<li>Villamorey \u2013 El Torre\u00f3n<\/li>\n<li>La Valderosa<\/li>\n<\/ul>\n<p><strong>Sendas costeras:<\/strong><\/p>\n<ul>\n<li>Bustio \u2013 Pendueles<\/li>\n<li>Pendueles \u2013 Llanes<\/li>\n<li>Llanes \u2013 Las C\u00e1maras<\/li>\n<li>Las C\u00e1maras \u2013 San Antol\u00edn<\/li>\n<li>Arenal de Mor\u00eds \u2013 La Espasa<\/li>\n<li>Cervig\u00f3n: La \u00d1ora \u2013 San Lorenzo<\/li>\n<li>Senda Costera de Gij\u00f3n<\/li>\n<li>Senda Norte: Xivares<\/li>\n<li>Senda Norte: \u00abEl Tranqueru\u00bb Xivares \u2013 Perlora<\/li>\n<li>Senda Norte: San Antonio \u2013 Pi\u00f1eres<\/li>\n<li>Luanco \u2013 Cabo Pe\u00f1as<\/li>\n<li>Cabo Pe\u00f1as \u2013 Faro San Juan de Nieva<\/li>\n<li>San Juan de Nieva \u2013 El Ara\u00f1\u00f3n<\/li>\n<li>Senda Norte: San Juan de Nieva \u2013 Arnao<\/li>\n<li>Senda Norte: Arnao \u2013 Bayas<\/li>\n<li>Bayas \u2013 San Juan de La Arena \u2013 El Castillo<\/li>\n<li>Senda Norte: San Esteban de Pravia \u2013 Playa de El Aguilar<\/li>\n<li>Ortiguera \u2013 Viav\u00e9lez<\/li>\n<li>Viav\u00e9lez \u2013 Tapia de Casariego<\/li>\n<li>Tapia de Casariego \u2013 Vegadeo<\/li>\n<\/ul>\n<p><strong>Sendas de Oscos-Eo:<\/strong><\/p>\n<ul>\n<li>Ruta del Agua<\/li>\n<li>Las Carballeiras<\/li>\n<li>De La Ag\u00fcera<\/li>\n<li>San Mart\u00edn de Oscos<\/li>\n<li>Ruta del Ferrocarril<\/li>\n<li>Senda Verde de Las Minas (Vegadeo)<\/li>\n<\/ul>\n<p><strong>Sendas de los Valles Mineros:<\/strong><\/p>\n<ul>\n<li>Figaredo \u2013 Puente Villandio \u2013 La Molinera \u2013 La Colladiella<\/li>\n<li>Figaredo \u2013 La Veguina<\/li>\n<li>Orill\u00e9s \u2013 Campa Espinera<\/li>\n<li>El Tendey\u00f3n \u2013 La Colladiella<\/li>\n<li>La Bobia \u2013 La Colladiella<\/li>\n<li>La Vara \u2013 El Sutu<\/li>\n<li>Campa Cimera \u2013 La Bobia<\/li>\n<li>La Nueva \u2013 El Tendey\u00f3n<\/li>\n<li>El Trole<\/li>\n<li>Puente de Arco \u2013 Tolivia<\/li>\n<li>La Aldea Perdida<\/li>\n<li>Puente de Arco \u2013 L\u2019Acebal<\/li>\n<li>Senda Verde de La Pe\u00f1a<\/li>\n<li>Abla\u00f1a \u2013 Ujo<\/li>\n<li>Bustiello \u2013 Sovilla<\/li>\n<li>La Pereda \u2013 Pe\u00f1amiel<\/li>\n<li>V\u00eda Verde del R\u00edo Negro<\/li>\n<\/ul>\n<p><strong>Senda del Oso:<\/strong><\/p>\n<ul>\n<li>Oviedo \u2013 Fuso de La Reina<\/li>\n<li>Fuso de La Reina \u2013 Tu\u00f1\u00f3n<\/li>\n<li>Tu\u00f1\u00f3n \u2013 Entrago<\/li>\n<li>Caranga \u2013 Santa Marina<\/li>\n<\/ul>\n<p><strong>Sendas fluviales:<\/strong><\/p>\n<ul>\n<li>La Felguera \u2013 Puente de Arco<\/li>\n<li>Vegalencia \u2013 Fuso<\/li>\n<li>Pola de Siero \u2013 Lieres<\/li>\n<li>Lugones \u2013 Parque Principado<\/li>\n<li>Puente de Colloto \u2013 Palacio de Granda<\/li>\n<li>Colloto \u2013 Puente de RENFE<\/li>\n<li>B\u00e1rcena \u2013 Olloniego<\/li>\n<li>Felechosa \u2013 Mol\u00edn Pe\u00f3n<\/li>\n<li>Pria\u00f1es<\/li>\n<li>Senda del Pe\u00f1a Francia<\/li>\n<\/ul>\n<p><strong>Sendas periurbanas:<\/strong><\/p>\n<ul>\n<li>Sendas Verdes del Naranco: Puente Viejo \u2013 Picu Paisano<\/li>\n<li>Sendas Verdes del Naranco: Naranco \u2013 Puente Gallegos<\/li>\n<li>Sendas Verdes del Naranco: El Pedreru \u2013 San Pedro del Nora<\/li>\n<li>La Gu\u00eda \u2013 La Camocha<\/li>\n<li>V\u00eda Verde de La Camocha<\/li>\n<li>La Acebera<\/li>\n<li>Tineo \u2013 El Crucero<\/li>\n<li>Grandas a Santa Mar\u00eda<\/li>\n<\/ul>\n<p><strong>Sendas con vistas panor\u00e1micas:<\/strong><\/p>\n<ul>\n<li>La Focea \u2013 Aula Vital \u2013 Yernes<\/li>\n<li>Taborneda \u2013 Pico Gorfol\u00ed<\/li>\n<li>El Brezo<\/li>\n<\/ul>\n<p><strong>Sendas accesibles:<\/strong><\/p>\n<ul>\n<li>Muniellos: Bosque de Ribera<\/li>\n<li>Sisterna: Minas de Oro de El Corral\u00edn<\/li>\n<li>Montegrande: Hayedo de Montegrande<\/li>\n<li>Campiellos: Mirando al Cuyargayos<\/li>\n<li>Bedules: Por Encima de los Parques<\/li>\n<\/ul>\n<p><strong>Otras sendas singulares:<\/strong><\/p>\n<ul>\n<li>Anillo Ciclista de la Monta\u00f1a Central de Asturias<\/li>\n<li>GR 109: Asturias Interior<\/li>\n<\/ul>\n<h2>M\u00e1s informaci\u00f3n<\/h2>\n<p><strong>Fuente de la informaci\u00f3n<\/strong>: <a title=\"Asturgalicia.net\" href=\"http:\/\/asturgalicia.net\/2011\/07\/20\/el-principado-edita-un-catalogo-con-las-115-sendas-verdes-que-recorren-el-territorio-asturiano-y-que-suman-mas-de-1-200-kilometros\/\" target=\"_blank\" rel=\"noopener\">Asturgalicia.net<\/a>.<\/p>\n<p><strong>Web del Principado de Asturias<\/strong>: <a title=\"Asturias.es\" href=\"http:\/\/www.asturias.es\/\" target=\"_blank\" rel=\"noopener\">Asturias.es<\/a>.<\/p>\n<p>&nbsp;<\/p>\n<p>&nbsp;<\/p>\n","protected":false},"excerpt":{"rendered":"<p>Una gu\u00eda coles v\u00edes verdes del Princip\u00e1u y los sos 1.200 kil\u00f3metros. ISSUU \/ \u00a0PDF \u2013 34,1 MB (Fonte: El Balc\u00f3n de Muniellos).\/ MAPAS La Conseyer\u00eda de Mediu Ambiente, Ordenaci\u00f3n del Territoriu ya Infraestructures edit\u00f3 un cat\u00e1logu con toles siendes verdes qu&#8217;esisten n&#8217;Asturies. Esti llibru incl\u00fai los percorr\u00edos piatonales y cicloturistes qu&#8217;esisten n&#8217;Asturies y que [&hellip;]<\/p>\n","protected":false},"author":117,"featured_media":0,"comment_status":"open","ping_status":"open","sticky":false,"template":"","format":"standard","meta":{"footnotes":""},"categories":[26,4],"tags":[],"class_list":["post-15008","post","type-post","status-publish","format-standard","hentry","category-guies","category-natura"],"_links":{"self":[{"href":"https:\/\/edublog.educastur.es\/ixuxu\/wp-json\/wp\/v2\/posts\/15008","targetHints":{"allow":["GET"]}}],"collection":[{"href":"https:\/\/edublog.educastur.es\/ixuxu\/wp-json\/wp\/v2\/posts"}],"about":[{"href":"https:\/\/edublog.educastur.es\/ixuxu\/wp-json\/wp\/v2\/types\/post"}],"author":[{"embeddable":true,"href":"https:\/\/edublog.educastur.es\/ixuxu\/wp-json\/wp\/v2\/users\/117"}],"replies":[{"embeddable":true,"href":"https:\/\/edublog.educastur.es\/ixuxu\/wp-json\/wp\/v2\/comments?post=15008"}],"version-history":[{"count":5,"href":"https:\/\/edublog.educastur.es\/ixuxu\/wp-json\/wp\/v2\/posts\/15008\/revisions"}],"predecessor-version":[{"id":15013,"href":"https:\/\/edublog.educastur.es\/ixuxu\/wp-json\/wp\/v2\/posts\/15008\/revisions\/15013"}],"wp:attachment":[{"href":"https:\/\/edublog.educastur.es\/ixuxu\/wp-json\/wp\/v2\/media?parent=15008"}],"wp:term":[{"taxonomy":"category","embeddable":true,"href":"https:\/\/edublog.educastur.es\/ixuxu\/wp-json\/wp\/v2\/categories?post=15008"},{"taxonomy":"post_tag","embeddable":true,"href":"https:\/\/edublog.educastur.es\/ixuxu\/wp-json\/wp\/v2\/tags?post=15008"}],"curies":[{"name":"wp","href":"https:\/\/api.w.org\/{rel}","templated":true}]}}