{"id":15042,"date":"2022-11-18T11:01:51","date_gmt":"2022-11-18T09:01:51","guid":{"rendered":"https:\/\/edublog.educastur.es\/ixuxu\/?p=15042"},"modified":"2022-11-19T21:37:46","modified_gmt":"2022-11-19T19:37:46","slug":"15042","status":"publish","type":"post","link":"https:\/\/edublog.educastur.es\/ixuxu\/2022\/11\/15042\/","title":{"rendered":"Feria\u00a0de\u00a0la Innovaci\u00f3n en Xix\u00f3n"},"content":{"rendered":"<p style=\"text-align: center\"><a href=\"https:\/\/estaticos-cdn.prensaiberica.es\/clip\/7c418858-f302-4214-ad6c-7fc1c41b04bc_source-aspect-ratio_default_0.jpg\"><img loading=\"lazy\" decoding=\"async\" class=\"alignnone\" src=\"https:\/\/estaticos-cdn.prensaiberica.es\/clip\/7c418858-f302-4214-ad6c-7fc1c41b04bc_source-aspect-ratio_default_0.jpg\" alt=\"\" width=\"2000\" height=\"1333\" \/><\/a><\/p>\n<p>Cerca de 1.600 escolares asisten al alcuentru nel que m\u00e1s d&#8217;un centenar d&#8217;axentes del sector y 240 estudiantes esponen los sos proyectos.<\/p>\n<ul>\n<li><a href=\"https:\/\/www.lavozdeasturias.es\/noticia\/asturias\/2022\/11\/18\/feria-ciencia-despertar-vocaciones-stem-jovenes\/00031668762278633879956.htm?utm_source=facebook&amp;utm_medium=referral&amp;utm_campaign=fbgen_a\">Fonte: La Voz de Asturias<\/a><\/li>\n<li><a href=\"https:\/\/www.lne.es\/gijon\/2022\/11\/17\/imagenes-gijon-acoge-i-feria-78721472.html?fbclid=IwAR0CF9--gZuA4LVcnWW4HgyEfam5ZNoXHjrfX59cdfQxpds-vxPHhekbzTA\">LNE<\/a> \/ <a href=\"https:\/\/cdn.jwplayer.com\/previews\/mwhEAPv2?exp=1668897120&amp;sig=e436b244d8d75869be5ee08790959e55\">ENLLAZ VIDEU<\/a><\/li>\n<\/ul>\n<p>La Feria de la Innovaci\u00f3n, que se celebr\u00f3 esti xueves en Xix\u00f3n cola asistencia de 1.600 escolares, busca poner en contactu a tolos axentes del ecosistema de la innovaci\u00f3n y espertar y retener vocaciones <span style=\"color: #008080\"><strong>STEM (ciencia, tecnolox\u00eda, inxenier\u00eda y matem\u00e1tiques)<\/strong> <\/span>ente l&#8217;alumn\u00e1u asturiano.<\/p>\n<p><a href=\"https:\/\/upload.wikimedia.org\/wikipedia\/commons\/0\/0e\/Educaci%C3%B3n_STEM.jpg\"><img loading=\"lazy\" decoding=\"async\" class=\"aligncenter\" src=\"https:\/\/upload.wikimedia.org\/wikipedia\/commons\/0\/0e\/Educaci%C3%B3n_STEM.jpg\" alt=\"\" width=\"483\" height=\"362\" \/><\/a><\/p>\n<p><!--more--><\/p>\n<p style=\"text-align: center\"><a href=\"https:\/\/estaticos-cdn.prensaiberica.es\/clip\/b8f4efb0-e6ce-414b-8e3c-52d717039577_source-aspect-ratio_default_0.jpg\"><img loading=\"lazy\" decoding=\"async\" class=\"alignnone\" src=\"https:\/\/estaticos-cdn.prensaiberica.es\/clip\/b8f4efb0-e6ce-414b-8e3c-52d717039577_source-aspect-ratio_default_0.jpg\" alt=\"\" width=\"2000\" height=\"1333\" \/><\/a><\/p>\n<p>&nbsp;<\/p>\n<p>&nbsp;<\/p>\n","protected":false},"excerpt":{"rendered":"<p>Cerca de 1.600 escolares asisten al alcuentru nel que m\u00e1s d&#8217;un centenar d&#8217;axentes del sector y 240 estudiantes esponen los sos proyectos. Fonte: La Voz de Asturias LNE \/ ENLLAZ VIDEU La Feria de la Innovaci\u00f3n, que se celebr\u00f3 esti xueves en Xix\u00f3n cola asistencia de 1.600 escolares, busca poner en contactu a tolos axentes [&hellip;]<\/p>\n","protected":false},"author":117,"featured_media":0,"comment_status":"open","ping_status":"open","sticky":false,"template":"","format":"standard","meta":{"footnotes":""},"categories":[45],"tags":[],"class_list":["post-15042","post","type-post","status-publish","format-standard","hentry","category-ciencia"],"_links":{"self":[{"href":"https:\/\/edublog.educastur.es\/ixuxu\/wp-json\/wp\/v2\/posts\/15042","targetHints":{"allow":["GET"]}}],"collection":[{"href":"https:\/\/edublog.educastur.es\/ixuxu\/wp-json\/wp\/v2\/posts"}],"about":[{"href":"https:\/\/edublog.educastur.es\/ixuxu\/wp-json\/wp\/v2\/types\/post"}],"author":[{"embeddable":true,"href":"https:\/\/edublog.educastur.es\/ixuxu\/wp-json\/wp\/v2\/users\/117"}],"replies":[{"embeddable":true,"href":"https:\/\/edublog.educastur.es\/ixuxu\/wp-json\/wp\/v2\/comments?post=15042"}],"version-history":[{"count":3,"href":"https:\/\/edublog.educastur.es\/ixuxu\/wp-json\/wp\/v2\/posts\/15042\/revisions"}],"predecessor-version":[{"id":15045,"href":"https:\/\/edublog.educastur.es\/ixuxu\/wp-json\/wp\/v2\/posts\/15042\/revisions\/15045"}],"wp:attachment":[{"href":"https:\/\/edublog.educastur.es\/ixuxu\/wp-json\/wp\/v2\/media?parent=15042"}],"wp:term":[{"taxonomy":"category","embeddable":true,"href":"https:\/\/edublog.educastur.es\/ixuxu\/wp-json\/wp\/v2\/categories?post=15042"},{"taxonomy":"post_tag","embeddable":true,"href":"https:\/\/edublog.educastur.es\/ixuxu\/wp-json\/wp\/v2\/tags?post=15042"}],"curies":[{"name":"wp","href":"https:\/\/api.w.org\/{rel}","templated":true}]}}