{"id":15073,"date":"2022-11-22T11:42:54","date_gmt":"2022-11-22T09:42:54","guid":{"rendered":"https:\/\/edublog.educastur.es\/ixuxu\/?p=15073"},"modified":"2022-11-22T12:18:05","modified_gmt":"2022-11-22T10:18:05","slug":"nuevu-llibru-dalicia-alvarez-asturianes","status":"publish","type":"post","link":"https:\/\/edublog.educastur.es\/ixuxu\/2022\/11\/nuevu-llibru-dalicia-alvarez-asturianes\/","title":{"rendered":"Nuevu llibru d&#8217;Alicia \u00c1lvarez: \u2018Asturianes\u2019"},"content":{"rendered":"<div class=\"field field-name-body field-type-text-with-summary field-label-hidden\">\n<div class=\"field-items\">\n<div class=\"field-item even\">\n<p style=\"text-align: center\"><img loading=\"lazy\" decoding=\"async\" class=\"alignnone size-full\" src=\"https:\/\/asturies.com\/sites\/default\/files\/styles\/large\/public\/cubierta_asturianes_dalicia_alvarez.png?itok=878xKYec\" width=\"458\" height=\"340\" \/><\/p>\n<p>\u201cNun ye necesario dir mui llo\u00f1e pa buscar referentes femeninos\u201d n\u2019Asturies, apunten dende La Fabriquina, qu\u2019asoleya con \u2018Asturianes\u2019 el primer t\u00edtulu del so cat\u00e1logu pa un p\u00fablicu adultu y mozu. Alicia \u00c1lvarez, apoyada nes ilustraciones de Mar\u00eda Ortiz, allega al llector les vides y conquistes de venti muyeres o coleutivos del pa\u00eds \u201cque contribuyeron colos sos llogros a rozar el cam\u00edn de la iguald\u00e1\u201d. <a href=\"https:\/\/asturies.com\/noticies\/alicia-alvarez-dedical-llibru-asturianes-a-muyeres-que-participaron-na-construccion-de-la?fbclid=IwAR2vAWs3q-KgpZ6mlyABWx-ZhDRb0xr-qyHoZ-wV9P8Dz_Yn-y79JIon5sI\">Fonte Noticia<\/a><\/p>\n<p><!--more--><\/p>\n<p>Aida Lafuente, Margarita Salas, Cor\u00edn Tellado, les cigarreres, Xosefa Xovellanos, la Busdonga o Rosa Fern\u00e1ndez son dalgunes de les asturianes que protagonicen esti proyeutu nuevu de la periodista, escritora y m\u00fasica. Persones que \u201censin el so inconformismu y la so valent\u00eda nun sedr\u00eda posible recuperar el papel activu que per sieglos se-yos neg\u00f3 a les muyeres na socied\u00e1\u201d, espliquen.<\/p>\n<p>En total son venti histories de \u201cmuyeres y colectivos inspiradores\u201d que nos traen \u201cde forma \u00fanica a les vides, profesiones, conquistes y momentos determinantes d\u2019estes asturianes que participaron de manera fundamental na construcci\u00f3n de la nuestra historia\u201d. Una escoyeta de personaxes femeninos que, \u201cdende distintes \u00e1rees y en diferentes momentos hist\u00f3ricos, contribuyeron colos sos llogros a rozar el cam\u00edn de la iguald\u00e1\u201d.<\/p>\n<p><strong>N\u2019avientu a la venta<\/strong><\/p>\n<p>Destinada a un p\u00fablicu adultu o mozu, esti \u00e1lbum ilustrau de tapa duro va asoleyase n\u2019avientu n\u2019asturianu y castellanu. David Guardado enc\u00e1rgase de la torna al nuesu idioma de \u2018Asturianes\u2019, que na so versi\u00f3n en llingua asturiana edita Araz.net, empresa editora tami\u00e9n d\u2019<strong>Asturies.com<\/strong>.<\/p>\n<\/div>\n<\/div>\n<\/div>\n<p>&nbsp;<\/p>\n","protected":false},"excerpt":{"rendered":"<p>\u201cNun ye necesario dir mui llo\u00f1e pa buscar referentes femeninos\u201d n\u2019Asturies, apunten dende La Fabriquina, qu\u2019asoleya con \u2018Asturianes\u2019 el primer t\u00edtulu del so cat\u00e1logu pa un p\u00fablicu adultu y mozu. Alicia \u00c1lvarez, apoyada nes ilustraciones de Mar\u00eda Ortiz, allega al llector les vides y conquistes de venti muyeres o coleutivos del pa\u00eds \u201cque contribuyeron colos [&hellip;]<\/p>\n","protected":false},"author":117,"featured_media":0,"comment_status":"open","ping_status":"open","sticky":false,"template":"","format":"standard","meta":{"footnotes":""},"categories":[9,10],"tags":[],"class_list":["post-15073","post","type-post","status-publish","format-standard","hentry","category-libros-adultos","category-llibros-reciella"],"_links":{"self":[{"href":"https:\/\/edublog.educastur.es\/ixuxu\/wp-json\/wp\/v2\/posts\/15073","targetHints":{"allow":["GET"]}}],"collection":[{"href":"https:\/\/edublog.educastur.es\/ixuxu\/wp-json\/wp\/v2\/posts"}],"about":[{"href":"https:\/\/edublog.educastur.es\/ixuxu\/wp-json\/wp\/v2\/types\/post"}],"author":[{"embeddable":true,"href":"https:\/\/edublog.educastur.es\/ixuxu\/wp-json\/wp\/v2\/users\/117"}],"replies":[{"embeddable":true,"href":"https:\/\/edublog.educastur.es\/ixuxu\/wp-json\/wp\/v2\/comments?post=15073"}],"version-history":[{"count":1,"href":"https:\/\/edublog.educastur.es\/ixuxu\/wp-json\/wp\/v2\/posts\/15073\/revisions"}],"predecessor-version":[{"id":15075,"href":"https:\/\/edublog.educastur.es\/ixuxu\/wp-json\/wp\/v2\/posts\/15073\/revisions\/15075"}],"wp:attachment":[{"href":"https:\/\/edublog.educastur.es\/ixuxu\/wp-json\/wp\/v2\/media?parent=15073"}],"wp:term":[{"taxonomy":"category","embeddable":true,"href":"https:\/\/edublog.educastur.es\/ixuxu\/wp-json\/wp\/v2\/categories?post=15073"},{"taxonomy":"post_tag","embeddable":true,"href":"https:\/\/edublog.educastur.es\/ixuxu\/wp-json\/wp\/v2\/tags?post=15073"}],"curies":[{"name":"wp","href":"https:\/\/api.w.org\/{rel}","templated":true}]}}