{"id":1508,"date":"2020-12-02T00:01:43","date_gmt":"2020-12-01T22:01:43","guid":{"rendered":"https:\/\/edublog.educastur.es\/ixuxu\/?p=1508"},"modified":"2020-12-02T00:06:12","modified_gmt":"2020-12-01T22:06:12","slug":"calendariu-coeducativu-tiempu-de-muyeres-muyeres-nel-tiempu-2021","status":"publish","type":"post","link":"https:\/\/edublog.educastur.es\/ixuxu\/2020\/12\/calendariu-coeducativu-tiempu-de-muyeres-muyeres-nel-tiempu-2021\/","title":{"rendered":"Calendariu Coeducativu: Tiempu de Muyeres, Muyeres nel Tiempu 2021"},"content":{"rendered":"\n<!-- iframe plugin v.6.0 wordpress.org\/plugins\/iframe\/ -->\n<iframe loading=\"lazy\" src=\"https:\/\/drive.google.com\/file\/d\/1KJic3ZGQF8YKPQHpFRhEa_vet_7jKi8I\/preview\" width=\"705\" height=\"480\" 0=\"\/iframe\" scrolling=\"yes\" class=\"iframe-class\" frameborder=\"0\"><\/iframe>\n\n<p>Nesta edici\u00f3n, el trabayu d&#8217;ilustraci\u00f3n corri\u00f3 al cargu de la moza ilustradora Patricia Fidalgo, natural de La Ba\u00f1eza (Lli\u00f3n) y afincada en Valladolid, que realiz\u00f3 les magn\u00edfiques 24 ilustraciones de muyeres presentes n\u00e9l, a ll\u00e1piz de color.<\/p>\n<ul>\n<li><a href=\"https:\/\/www.organizaciondemujeres.org\/calendarios\/calendario-2021\/Calendario_TiempodeMujeres_2021_Asturiano.pdf\"><span style=\"color: #008080\"><strong>Descargar n\u00b4asturianu<\/strong><\/span><\/a><\/li>\n<li><strong><a href=\"https:\/\/issuu.com\/confederacion_intersindical\/docs\/calendario_tiempodemujeres_2021_asturiano\">Ver en ISSUU<\/a><\/strong><\/li>\n<li><strong><a href=\"http:\/\/organizaciondemujeres.org\/calendarios\/calendario-2021\/Propuestas_Didacticas_Completas_2021.pdf\">Descargar Actividaes completes (pdf)<\/a><\/strong><\/li>\n<li><a href=\"http:\/\/organizaciondemujeres.org\/calendarios\/calendario-2021\/Dosier_Mujeres_Escritoras_2021.pdf\"><strong>Descargar Dossier<\/strong><\/a><\/li>\n<\/ul>\n<p>Tiempu de Muyeres, Muyeres nel Tiempu publ\u00edcase en cinco lling\u00fces: castell\u00e1n, catal\u00e1n para Illes Balears, valenci\u00e0, galego y<strong> asturianu<\/strong>, y en total faise una primer edici\u00f3n de 45.000 exemplares, que de normal s&#8217;ampl\u00eda con una segunda edici\u00f3n m\u00e1s palantre, dada la enorme demanda, sobremanera ente personal docente y centros educativos, que tien esti material. Hai que recordar que&#8217;l calendariu ye d&#8217;espardimientu gratuitu, ta realiz\u00e1u en papel d&#8217;alta calid\u00e1 y gramaxe pa realzar el trabayu art\u00edsticu y facilitar el so manexu diariu, y dispon de llicencia Creative Common, polo que puede espublizase y reproducir respetando los t\u00e9rminos de felicid\u00e1 llicencia.<\/p>\n<p><!--more--><\/p>\n<p>El Calendariu anque primeramente distribuy\u00edase casi puramente ente personal docente y centros educativos, dende va unos a\u00f1os tien xuna distribuci\u00f3n muncho m\u00e1s amplia. Dende casi los sos entamos, el calendariu incl\u00fai les seis \u00faltimes p\u00e1xines con<a href=\"https:\/\/issuu.com\/confederacion_intersindical\/docs\/propuestas_didacticas_completas_2021\"><strong> Propuestes Did\u00e1ctiques<\/strong><\/a>,\u00a0 de les actividaes completes (que publicamos solo dixitalmente como anexu nes nueses webs), que xiren en redol al campu art\u00edstico, intelectual, cient\u00edficu, activista, etc. de les muyeres escoy\u00edes cada a\u00f1u, y con actividaes con base de les mesmes muyeres escoy\u00edes.<\/p>\n<ul>\n<li><a href=\"https:\/\/www.stes.es\/calendario-coeducativo-y-feminista-tiempo-de-mujeres-mujeres-en-el-tiempo-2021\/\">Fonte: Web<\/a><\/li>\n<li><a href=\"http:\/\/@http:\/\/organizaciondemujeres.org\/calendariu-tiempu-de-muyeres-2021\/\">@http:\/\/organizaciondemujeres.org\/calendariu-tiempu-de-muyeres-2021\/<\/a><\/li>\n<li><a href=\"https:\/\/issuu.com\/confederacion_intersindical\/stacks\/e09d6fb86947495784cdea65251a650e\">Calendarios d\u00b4a\u00f1os anteriores<\/a><\/li>\n<\/ul>\n","protected":false},"excerpt":{"rendered":"<p>Nesta edici\u00f3n, el trabayu d&#8217;ilustraci\u00f3n corri\u00f3 al cargu de la moza ilustradora Patricia Fidalgo, natural de La Ba\u00f1eza (Lli\u00f3n) y afincada en Valladolid, que realiz\u00f3 les magn\u00edfiques 24 ilustraciones de muyeres presentes n\u00e9l, a ll\u00e1piz de color. Descargar n\u00b4asturianu Ver en ISSUU Descargar Actividaes completes (pdf) Descargar Dossier Tiempu de Muyeres, Muyeres nel Tiempu publ\u00edcase [&hellip;]<\/p>\n","protected":false},"author":117,"featured_media":0,"comment_status":"closed","ping_status":"open","sticky":false,"template":"","format":"standard","meta":{"footnotes":""},"categories":[44,73],"tags":[],"class_list":["post-1508","post","type-post","status-publish","format-standard","hentry","category-asturianu","category-calendariu"],"_links":{"self":[{"href":"https:\/\/edublog.educastur.es\/ixuxu\/wp-json\/wp\/v2\/posts\/1508","targetHints":{"allow":["GET"]}}],"collection":[{"href":"https:\/\/edublog.educastur.es\/ixuxu\/wp-json\/wp\/v2\/posts"}],"about":[{"href":"https:\/\/edublog.educastur.es\/ixuxu\/wp-json\/wp\/v2\/types\/post"}],"author":[{"embeddable":true,"href":"https:\/\/edublog.educastur.es\/ixuxu\/wp-json\/wp\/v2\/users\/117"}],"replies":[{"embeddable":true,"href":"https:\/\/edublog.educastur.es\/ixuxu\/wp-json\/wp\/v2\/comments?post=1508"}],"version-history":[{"count":4,"href":"https:\/\/edublog.educastur.es\/ixuxu\/wp-json\/wp\/v2\/posts\/1508\/revisions"}],"predecessor-version":[{"id":1513,"href":"https:\/\/edublog.educastur.es\/ixuxu\/wp-json\/wp\/v2\/posts\/1508\/revisions\/1513"}],"wp:attachment":[{"href":"https:\/\/edublog.educastur.es\/ixuxu\/wp-json\/wp\/v2\/media?parent=1508"}],"wp:term":[{"taxonomy":"category","embeddable":true,"href":"https:\/\/edublog.educastur.es\/ixuxu\/wp-json\/wp\/v2\/categories?post=1508"},{"taxonomy":"post_tag","embeddable":true,"href":"https:\/\/edublog.educastur.es\/ixuxu\/wp-json\/wp\/v2\/tags?post=1508"}],"curies":[{"name":"wp","href":"https:\/\/api.w.org\/{rel}","templated":true}]}}