{"id":15125,"date":"2022-12-06T18:11:06","date_gmt":"2022-12-06T16:11:06","guid":{"rendered":"https:\/\/edublog.educastur.es\/ixuxu\/?p=15125"},"modified":"2022-12-07T14:09:42","modified_gmt":"2022-12-07T12:09:42","slug":"dia-de-la-constitucion-espanola-2","status":"publish","type":"post","link":"https:\/\/edublog.educastur.es\/ixuxu\/2022\/12\/dia-de-la-constitucion-espanola-2\/","title":{"rendered":"D\u00eda de la Constituci\u00f3n Espa\u00f1ola"},"content":{"rendered":"<p><span class=\"x193iq5w xeuugli x13faqbe x1vvkbs x1xmvt09 x1lliihq x1s928wv xhkezso x1gmr53x x1cpjm7i x1fgarty x1943h6x xudqn12 x3x7a5m x1f6kntn xvq8zen xo1l8bm xzsf02u x1yc453h\" dir=\"auto\">La cooficialid\u00e1 de la llingua asturiana ye un derechu que vien reconoc\u00edu, pero non cumpl\u00edu tov\u00eda n&#8217;Asturies.<a href=\"https:\/\/www.facebook.com\/photo\/?fbid=10160276575018544&amp;set=a.10151177364543544\">Cartelu<\/a><\/span><\/p>\n<ul>\n<li><a href=\"https:\/\/es.wikipedia.org\/wiki\/Constituci%C3%B3n_espa%C3%B1ola_de_1978\">Constituci\u00f3n<\/a>\/<a href=\"https:\/\/www.youtube.com\/watch?v=TFJqoSbThJg\">RAP<\/a> \/<a href=\"https:\/\/www.youtube.com\/embed\/b1Vhwq5SsGc\"> Esplicaci\u00f3n<\/a> \/<\/li>\n<\/ul>\n<p style=\"text-align: center\">\n<!-- iframe plugin v.6.0 wordpress.org\/plugins\/iframe\/ -->\n<iframe loading=\"lazy\" width=\"100%\" height=\"395\" src=\"https:\/\/www.youtube.com\/embed\/BOJfQNKR658\" 0=\"\/iframe\" scrolling=\"yes\" class=\"iframe-class\" frameborder=\"0\"><\/iframe>\n<\/p>\n<p><!--more--><\/p>\n<p style=\"text-align: center\">\n<!-- iframe plugin v.6.0 wordpress.org\/plugins\/iframe\/ -->\n<iframe loading=\"lazy\" width=\"100%\" height=\"395\" src=\"https:\/\/www.youtube.com\/embed\/AX_V3xXLl8c\" title=\"D\u00cdA DE LA CONSTITUCI\u00d3N.\" frameborder=\"0\" allow=\"accelerometer; autoplay; clipboard-write; encrypted-media; gyroscope; picture-in-picture\" 0=\"allowfullscreen\" 1=\"\/iframe\" scrolling=\"yes\" class=\"iframe-class\"><\/iframe>\n<\/p>\n<p style=\"text-align: center\"><a href=\"https:\/\/upload.wikimedia.org\/wikipedia\/commons\/thumb\/b\/b4\/Comunidades_aut%C3%B3nomas_de_Espa%C3%B1a.svg\/1280px-Comunidades_aut%C3%B3nomas_de_Espa%C3%B1a.svg.png\"><img loading=\"lazy\" decoding=\"async\" class=\"aligncenter\" src=\"https:\/\/upload.wikimedia.org\/wikipedia\/commons\/thumb\/b\/b4\/Comunidades_aut%C3%B3nomas_de_Espa%C3%B1a.svg\/1280px-Comunidades_aut%C3%B3nomas_de_Espa%C3%B1a.svg.png\" alt=\"\" width=\"1280\" height=\"913\" \/><\/a><\/p>\n<p style=\"text-align: center\">\n<!-- iframe plugin v.6.0 wordpress.org\/plugins\/iframe\/ -->\n<iframe loading=\"lazy\" src=\"https:\/\/www.facebook.com\/plugins\/post.php?href=https%3A%2F%2Fwww.facebook.com%2Fasociaciondidactica%2Fposts%2Fpfbid02rvskKJVtSjKse5UcYfMZeFMLcz87RdtuXFNQMvxHiN4agP9fRRGBEqrvg8ZwqcXhl&#038;show_text=false&#038;width=500\" width=\"500\" height=\"498\" style=\"border:none;overflow:hidden\" scrolling=\"no\" frameborder=\"0\" allowfullscreen=\"true\" allow=\"autoplay; clipboard-write; encrypted-media; picture-in-picture; web-share\" 0=\"\/iframe\" class=\"iframe-class\"><\/iframe>\n<\/p>\n","protected":false},"excerpt":{"rendered":"<p>La cooficialid\u00e1 de la llingua asturiana ye un derechu que vien reconoc\u00edu, pero non cumpl\u00edu tov\u00eda n&#8217;Asturies.Cartelu Constituci\u00f3n\/RAP \/ Esplicaci\u00f3n \/<\/p>\n","protected":false},"author":117,"featured_media":0,"comment_status":"open","ping_status":"open","sticky":false,"template":"","format":"standard","meta":{"footnotes":""},"categories":[6],"tags":[],"class_list":["post-15125","post","type-post","status-publish","format-standard","hentry","category-dia-de"],"_links":{"self":[{"href":"https:\/\/edublog.educastur.es\/ixuxu\/wp-json\/wp\/v2\/posts\/15125","targetHints":{"allow":["GET"]}}],"collection":[{"href":"https:\/\/edublog.educastur.es\/ixuxu\/wp-json\/wp\/v2\/posts"}],"about":[{"href":"https:\/\/edublog.educastur.es\/ixuxu\/wp-json\/wp\/v2\/types\/post"}],"author":[{"embeddable":true,"href":"https:\/\/edublog.educastur.es\/ixuxu\/wp-json\/wp\/v2\/users\/117"}],"replies":[{"embeddable":true,"href":"https:\/\/edublog.educastur.es\/ixuxu\/wp-json\/wp\/v2\/comments?post=15125"}],"version-history":[{"count":6,"href":"https:\/\/edublog.educastur.es\/ixuxu\/wp-json\/wp\/v2\/posts\/15125\/revisions"}],"predecessor-version":[{"id":15140,"href":"https:\/\/edublog.educastur.es\/ixuxu\/wp-json\/wp\/v2\/posts\/15125\/revisions\/15140"}],"wp:attachment":[{"href":"https:\/\/edublog.educastur.es\/ixuxu\/wp-json\/wp\/v2\/media?parent=15125"}],"wp:term":[{"taxonomy":"category","embeddable":true,"href":"https:\/\/edublog.educastur.es\/ixuxu\/wp-json\/wp\/v2\/categories?post=15125"},{"taxonomy":"post_tag","embeddable":true,"href":"https:\/\/edublog.educastur.es\/ixuxu\/wp-json\/wp\/v2\/tags?post=15125"}],"curies":[{"name":"wp","href":"https:\/\/api.w.org\/{rel}","templated":true}]}}