{"id":15166,"date":"2022-12-10T17:13:08","date_gmt":"2022-12-10T15:13:08","guid":{"rendered":"https:\/\/edublog.educastur.es\/ixuxu\/?p=15166"},"modified":"2022-12-10T17:19:16","modified_gmt":"2022-12-10T15:19:16","slug":"dia-de-los-drechos-humanos","status":"publish","type":"post","link":"https:\/\/edublog.educastur.es\/ixuxu\/2022\/12\/dia-de-los-drechos-humanos\/","title":{"rendered":"D\u00eda de los Derechos Humanos"},"content":{"rendered":"<p style=\"text-align: center\">\n<!-- iframe plugin v.6.0 wordpress.org\/plugins\/iframe\/ -->\n<iframe loading=\"lazy\" src=\"https:\/\/www.facebook.com\/plugins\/post.php?href=https%3A%2F%2Fwww.facebook.com%2Fofillin%2Fposts%2Fpfbid05cX6SL2hqo45HoWdJLh5kPfHvyzTzFYQ95RniWXcSdrpLXZ6bFF8rprnsToH96MQl&#038;show_text=false&#038;width=500\" width=\"500\" height=\"498\" style=\"border:none;overflow:hidden\" scrolling=\"no\" frameborder=\"0\" allowfullscreen=\"true\" allow=\"autoplay; clipboard-write; encrypted-media; picture-in-picture; web-share\" 0=\"\/iframe\" class=\"iframe-class\"><\/iframe>\n<\/p>\n<p>El D\u00eda de los Derechos Humanos cel\u00e9brase cada 10 d&#8217;avientu, d\u00eda en que, en 1948, l&#8217;Asamblea Xeneral de les Naciones Xun\u00edes adopt\u00f3 la Declaraci\u00f3n Universal de Derechos Humanos (DUDH). La Declaraci\u00f3n Universal de Derechos Humanos ye un documentu hist\u00f3ricu que proclama los derechos inalienables que correspuenden a toa persona como ser humanu, independientemente de la so raza, color, relix\u00f3n, sexu, idioma, opini\u00f3n pol\u00edtica o d&#8217;otra \u00edndole, orixe nacional o social, posici\u00f3n econ\u00f3mica, nacencia o cualesquier otra condici\u00f3n. Ta disponible en m\u00e1s de 500 lling\u00fces y ye el documentu que m\u00e1s se traduci\u00f3 en tol mundu.<\/p>\n<ul>\n<li>Fonte:<a href=\"https:\/\/www.facebook.com\/ofillin\">Oficina Lling\u00fc\u00edstica de Xix\u00f3n<\/a><\/li>\n<li><a href=\"https:\/\/www.un.org\/es\/observances\/human-rights-day\">D\u00eda de&#8230;<\/a> \/<\/li>\n<li id=\"firstHeading\" class=\"firstHeading mw-first-heading\"><a href=\"https:\/\/es.wikipedia.org\/wiki\/Declaraci%C3%B3n_Universal_de_Derechos_Ling%C3%BC%C3%ADsticos\"><span class=\"mw-page-title-main\" style=\"font-size: 16px\">Declaraci\u00f3n Universal de Derechos Ling\u00fc\u00edsticos<\/span><\/a><\/li>\n<\/ul>\n<p><!--more--><\/p>\n<p style=\"text-align: center\">\n<!-- iframe plugin v.6.0 wordpress.org\/plugins\/iframe\/ -->\n<iframe loading=\"lazy\" width=\"100%\" height=\"466\" src=\"https:\/\/www.youtube.com\/embed\/mOcJ1H2GCSg\" 0=\"\/iframe\" scrolling=\"yes\" class=\"iframe-class\" frameborder=\"0\"><\/iframe>\n<\/p>\n","protected":false},"excerpt":{"rendered":"<p>El D\u00eda de los Derechos Humanos cel\u00e9brase cada 10 d&#8217;avientu, d\u00eda en que, en 1948, l&#8217;Asamblea Xeneral de les Naciones Xun\u00edes adopt\u00f3 la Declaraci\u00f3n Universal de Derechos Humanos (DUDH). La Declaraci\u00f3n Universal de Derechos Humanos ye un documentu hist\u00f3ricu que proclama los derechos inalienables que correspuenden a toa persona como ser humanu, independientemente de la [&hellip;]<\/p>\n","protected":false},"author":117,"featured_media":0,"comment_status":"open","ping_status":"open","sticky":false,"template":"","format":"standard","meta":{"footnotes":""},"categories":[6],"tags":[],"class_list":["post-15166","post","type-post","status-publish","format-standard","hentry","category-dia-de"],"_links":{"self":[{"href":"https:\/\/edublog.educastur.es\/ixuxu\/wp-json\/wp\/v2\/posts\/15166","targetHints":{"allow":["GET"]}}],"collection":[{"href":"https:\/\/edublog.educastur.es\/ixuxu\/wp-json\/wp\/v2\/posts"}],"about":[{"href":"https:\/\/edublog.educastur.es\/ixuxu\/wp-json\/wp\/v2\/types\/post"}],"author":[{"embeddable":true,"href":"https:\/\/edublog.educastur.es\/ixuxu\/wp-json\/wp\/v2\/users\/117"}],"replies":[{"embeddable":true,"href":"https:\/\/edublog.educastur.es\/ixuxu\/wp-json\/wp\/v2\/comments?post=15166"}],"version-history":[{"count":4,"href":"https:\/\/edublog.educastur.es\/ixuxu\/wp-json\/wp\/v2\/posts\/15166\/revisions"}],"predecessor-version":[{"id":15170,"href":"https:\/\/edublog.educastur.es\/ixuxu\/wp-json\/wp\/v2\/posts\/15166\/revisions\/15170"}],"wp:attachment":[{"href":"https:\/\/edublog.educastur.es\/ixuxu\/wp-json\/wp\/v2\/media?parent=15166"}],"wp:term":[{"taxonomy":"category","embeddable":true,"href":"https:\/\/edublog.educastur.es\/ixuxu\/wp-json\/wp\/v2\/categories?post=15166"},{"taxonomy":"post_tag","embeddable":true,"href":"https:\/\/edublog.educastur.es\/ixuxu\/wp-json\/wp\/v2\/tags?post=15166"}],"curies":[{"name":"wp","href":"https:\/\/api.w.org\/{rel}","templated":true}]}}