{"id":15180,"date":"2022-12-07T11:00:05","date_gmt":"2022-12-07T09:00:05","guid":{"rendered":"https:\/\/edublog.educastur.es\/ixuxu\/?p=15180"},"modified":"2022-12-10T17:32:20","modified_gmt":"2022-12-10T15:32:20","slug":"dos-cuentacuentos-nasturianu-nel-programa-navidiegu-del-botanicu","status":"publish","type":"post","link":"https:\/\/edublog.educastur.es\/ixuxu\/2022\/12\/dos-cuentacuentos-nasturianu-nel-programa-navidiegu-del-botanicu\/","title":{"rendered":"Dos cuentacuentos n\u2019asturianu nel programa navidiegu del Bot\u00e1nicu"},"content":{"rendered":"<p style=\"text-align: center\"><img loading=\"lazy\" decoding=\"async\" class=\"alignnone size-full\" src=\"https:\/\/yexixon.com\/sites\/default\/files\/styles\/large\/public\/arfueyu.jpg?itok=kWX_i16y\" width=\"458\" height=\"327\" \/><\/p>\n<p>Dos \u00faniques actividaes n\u2019asturianu \u2013que tami\u00e9n se ponen en castellanu\u2013 incl\u00fainse nel programa Navid\u00e1 nel Bot\u00e1nicu 2022\/23. Ye\u2019l cuentacuentos \u2018Histories del Arfueyu\u2019, de Factor\u00eda Norte, y \u2018La maxa del Bot\u00e1nicu\u2019, d\u2019El Circo Bajo el Tejado, mentes qu&#8217;un eventu familiar y les cinco visites guiaes restantes son nam\u00e1i en llingua castellana.<\/p>\n<ul>\n<li><a href=\"https:\/\/yexixon.com\/noticies\/dos-cuentacuentos-actividaes-uniques-nasturianu-nel-programa-navidiegu-del-botanicu?fbclid=IwAR1u1QiedEevlO8omuLpkh5FeUMn2ZcXNv3uhupfAQkqLEHTTZhS_4sYLBQ\">Fonte: Ye Xixon<\/a><\/li>\n<\/ul>\n<p><!--more--><\/p>\n<div id=\"contenedor_noticies\">\n<div id=\"main-content\" class=\"clearfix\">\n<div id=\"main-content-inner\" class=\"main-equal\">\n<div class=\"region region-content\">\n<div id=\"block-system-main\" class=\"block block-system\">\n<div class=\"block-inner\">\n<div class=\"content\">\n<div id=\"node-43808\" class=\"node node-noticies node-promoted clearfix\">\n<div class=\"node-inner\">\n<div class=\"full-node\">\n<div class=\"content clearfix\">\n<div class=\"field field-name-body field-type-text-with-summary field-label-hidden\">\n<div class=\"field-items\">\n<div class=\"field-item even\">\n<p>La Navid\u00e1 tami\u00e9n se celebra nel <a href=\"https:\/\/www.gijon.es\/es\/directorio\/jardin-botanico-atlantico-de-gijon\">Xard\u00edn Bot\u00e1nicu Atl\u00e1nticu<\/a>, que prepara una programa especial pa estes feches tan especiales. Van arrancar el d\u00eda 16 cola apertura de les visites al Belen Municipal Monumental cre\u00e1u por Miguel \u00c1lvarez \u2018El Ponticu\u2019 con 32 figures a tama\u00f1u natural qu\u2019instala l\u2019Asociaci\u00f3n Belenista de Gij\u00f3n, y va poder visitase hasta\u2019l 8 de xineru de 10 a 18 hores \u2013accesu \u00faltimu a les 17.15 hores\u2013.<\/p>\n<p>El domingu 18 va ponese a les 16.30, 17 y 17.30 hores el cuentu n&#8217;asturianu \u2018Histories del Arfueyu\u2019 sobre esti personaxe, mentes que pela ma\u00f1ana va ser en castellanu (12.30, 13 y 13.30 hores). Con mesmos horarios va contar \u2018La maxa del Bot\u00e1nicu\u2019, que ta program\u00e1u pa los d\u00edes 24, 26, 27, 29 y 31 d\u2019avientu, y 2 de xineru.<\/p>\n<p>Les visites guiaes van tener llugar en diferentes xornaes y, am\u00e1s d\u2019una xeneral a la instalaci\u00f3n los llunes 26 y 2 de xineru, son \u2018El entorno cant\u00e1brico\u2019, \u2018La factor\u00eda vegetal\u2019, \u2018El Jard\u00edn de la Isla\u2019 y \u2018El itinerario atl\u00e1ntico\u2019. Completa esta iniciativa del Bot\u00e1nicu l\u2019activid\u00e1 familiar \u2018En busca de las plantas de la Navidad\u2019.<\/p>\n<p>L\u2019accesu estos d\u00edes va ser de baldre \u2013el llunes 19 ye la \u00fanica xornada na que va tar pesll\u00e1u\u2013 pa visitar el bel\u00e9n y participar nes diferentes eventos programaos. L\u2019aforu en toos ellos ta llend\u00e1u, polo que ye necesario inscripci\u00f3n previa nel n\u00famberu de tel\u00e9fonu 985.185.130.<\/p>\n<\/div>\n<\/div>\n<\/div>\n<div class=\"field field-name-upload field-type-file field-label-hidden\">\n<div class=\"field-items\">\n<div class=\"field-item even\">\n<table class=\"sticky-header\">\n<thead>\n<tr>\n<th><\/th>\n<th><\/th>\n<\/tr>\n<\/thead>\n<\/table>\n<table class=\"sticky-enabled tableheader-processed sticky-table\">\n<thead>\n<tr>\n<th>Adxuntu<\/th>\n<th>Tama\u00f1u<\/th>\n<\/tr>\n<\/thead>\n<tbody>\n<tr class=\"odd\">\n<td><span class=\"file\"><img decoding=\"async\" class=\"file-icon\" title=\"application\/pdf\" src=\"https:\/\/yexixon.com\/modules\/file\/icons\/application-pdf.png\" alt=\"PDF icon\" \/> <a title=\"programa_navida_nel_botanicu_2022-23.pdf\" href=\"https:\/\/yexixon.com\/sites\/default\/files\/programa_navida_nel_botanicu_2022-23.pdf\">Programa Navid\u00e1 nel Bot\u00e1nicu 2022-23 (castellanu)<\/a><\/span><\/td>\n<td>250.92 KB<\/td>\n<\/tr>\n<\/tbody>\n<\/table>\n<\/div>\n<\/div>\n<\/div>\n<\/div>\n<div class=\"taxonomy\"><\/div>\n<\/div>\n<\/div>\n<\/div>\n<\/div>\n<\/div>\n<\/div>\n<\/div>\n<\/div>\n<\/div>\n<\/div>\n<div class=\"sidebar-second clearfix main-equal\">\n<div class=\"sidebar-first-inner\">\n<div class=\"region region-sidebar-second\">\n<div id=\"block-views-eventos-block_2\" class=\"block block-views\">\n<div class=\"block-inner\">\n<h3 class=\"title block-title\"><\/h3>\n<\/div>\n<\/div>\n<\/div>\n<\/div>\n<\/div>\n","protected":false},"excerpt":{"rendered":"<p>Dos \u00faniques actividaes n\u2019asturianu \u2013que tami\u00e9n se ponen en castellanu\u2013 incl\u00fainse nel programa Navid\u00e1 nel Bot\u00e1nicu 2022\/23. Ye\u2019l cuentacuentos \u2018Histories del Arfueyu\u2019, de Factor\u00eda Norte, y \u2018La maxa del Bot\u00e1nicu\u2019, d\u2019El Circo Bajo el Tejado, mentes qu&#8217;un eventu familiar y les cinco visites guiaes restantes son nam\u00e1i en llingua castellana. Fonte: Ye Xixon<\/p>\n","protected":false},"author":117,"featured_media":0,"comment_status":"open","ping_status":"open","sticky":false,"template":"","format":"standard","meta":{"footnotes":""},"categories":[81],"tags":[],"class_list":["post-15180","post","type-post","status-publish","format-standard","hentry","category-nadal"],"_links":{"self":[{"href":"https:\/\/edublog.educastur.es\/ixuxu\/wp-json\/wp\/v2\/posts\/15180","targetHints":{"allow":["GET"]}}],"collection":[{"href":"https:\/\/edublog.educastur.es\/ixuxu\/wp-json\/wp\/v2\/posts"}],"about":[{"href":"https:\/\/edublog.educastur.es\/ixuxu\/wp-json\/wp\/v2\/types\/post"}],"author":[{"embeddable":true,"href":"https:\/\/edublog.educastur.es\/ixuxu\/wp-json\/wp\/v2\/users\/117"}],"replies":[{"embeddable":true,"href":"https:\/\/edublog.educastur.es\/ixuxu\/wp-json\/wp\/v2\/comments?post=15180"}],"version-history":[{"count":1,"href":"https:\/\/edublog.educastur.es\/ixuxu\/wp-json\/wp\/v2\/posts\/15180\/revisions"}],"predecessor-version":[{"id":15181,"href":"https:\/\/edublog.educastur.es\/ixuxu\/wp-json\/wp\/v2\/posts\/15180\/revisions\/15181"}],"wp:attachment":[{"href":"https:\/\/edublog.educastur.es\/ixuxu\/wp-json\/wp\/v2\/media?parent=15180"}],"wp:term":[{"taxonomy":"category","embeddable":true,"href":"https:\/\/edublog.educastur.es\/ixuxu\/wp-json\/wp\/v2\/categories?post=15180"},{"taxonomy":"post_tag","embeddable":true,"href":"https:\/\/edublog.educastur.es\/ixuxu\/wp-json\/wp\/v2\/tags?post=15180"}],"curies":[{"name":"wp","href":"https:\/\/api.w.org\/{rel}","templated":true}]}}