{"id":15182,"date":"2022-12-10T17:33:42","date_gmt":"2022-12-10T15:33:42","guid":{"rendered":"https:\/\/edublog.educastur.es\/ixuxu\/?p=15182"},"modified":"2022-12-10T17:37:19","modified_gmt":"2022-12-10T15:37:19","slug":"les-tradiciones-del-nadal-asturianu","status":"publish","type":"post","link":"https:\/\/edublog.educastur.es\/ixuxu\/2022\/12\/les-tradiciones-del-nadal-asturianu\/","title":{"rendered":"Les tradiciones del Nadal asturianu"},"content":{"rendered":"<p style=\"text-align: center\">\n<!-- iframe plugin v.6.0 wordpress.org\/plugins\/iframe\/ -->\n<iframe loading=\"lazy\" src=\"https:\/\/www.facebook.com\/plugins\/post.php?href=https%3A%2F%2Fwww.facebook.com%2FPlayPresta%2Fposts%2Fpfbid0mphco4kmLMUWScaFpkjBZgiver4C8HdVbZzn2K1LY7zSvzDnyQ4tVKiCccgrCDzQl&#038;show_text=false&#038;width=500\" width=\"500\" height=\"498\" style=\"border:none;overflow:hidden\" scrolling=\"no\" frameborder=\"0\" allowfullscreen=\"true\" allow=\"autoplay; clipboard-write; encrypted-media; picture-in-picture; web-share\" 0=\"\/iframe\" class=\"iframe-class\"><\/iframe>\n<\/p>\n<p><!--more--><\/p>\n<div class=\"\" dir=\"auto\">\n<div class=\"\" dir=\"auto\">\n<div class=\"x1iorvi4 x1pi30zi x1l90r2v x1swvt13\" data-ad-comet-preview=\"message\" data-ad-preview=\"message\">\n<div class=\"x78zum5 xdt5ytf xz62fqu x16ldp7u\">\n<div class=\"xu06os2 x1ok221b\">\n<div class=\"x11i5rnm xat24cr x1mh8g0r x1vvkbs xdj266r x126k92a\">\n<blockquote>\n<div dir=\"auto\" style=\"text-align: center\"><span style=\"font-size: 24px\"><span style=\"color: #008080\"><span class=\"x3nfvp2 x1j61x8r x1fcty0u xdj266r xhhsvwb xat24cr xgzva0m xxymvpz xlup9mm x1kky2od\"><img loading=\"lazy\" decoding=\"async\" src=\"https:\/\/static.xx.fbcdn.net\/images\/emoji.php\/v9\/t86\/1.5\/16\/1f4cd.png\" alt=\"?\" width=\"16\" height=\"16\" \/><\/span><strong>EL RAMU NADAL<\/strong> <span class=\"x3nfvp2 x1j61x8r x1fcty0u xdj266r xhhsvwb xat24cr xgzva0m xxymvpz xlup9mm x1kky2od\"><img loading=\"lazy\" decoding=\"async\" src=\"https:\/\/static.xx.fbcdn.net\/images\/emoji.php\/v9\/t77\/1.5\/16\/1f33f.png\" alt=\"?\" width=\"16\" height=\"16\" \/><\/span><span class=\"x3nfvp2 x1j61x8r x1fcty0u xdj266r xhhsvwb xat24cr xgzva0m xxymvpz xlup9mm x1kky2od\"><img loading=\"lazy\" decoding=\"async\" src=\"https:\/\/static.xx.fbcdn.net\/images\/emoji.php\/v9\/t77\/1.5\/16\/1f33f.png\" alt=\"?\" width=\"16\" height=\"16\" \/><\/span><span class=\"x3nfvp2 x1j61x8r x1fcty0u xdj266r xhhsvwb xat24cr xgzva0m xxymvpz xlup9mm x1kky2od\"><img loading=\"lazy\" decoding=\"async\" src=\"https:\/\/static.xx.fbcdn.net\/images\/emoji.php\/v9\/t77\/1.5\/16\/1f33f.png\" alt=\"?\" width=\"16\" height=\"16\" \/><\/span><span class=\"x3nfvp2 x1j61x8r x1fcty0u xdj266r xhhsvwb xat24cr xgzva0m xxymvpz xlup9mm x1kky2od\"><img loading=\"lazy\" decoding=\"async\" src=\"https:\/\/static.xx.fbcdn.net\/images\/emoji.php\/v9\/t43\/1.5\/16\/1f332.png\" alt=\"?\" width=\"16\" height=\"16\" \/><\/span><span class=\"x3nfvp2 x1j61x8r x1fcty0u xdj266r xhhsvwb xat24cr xgzva0m xxymvpz xlup9mm x1kky2od\"><img loading=\"lazy\" decoding=\"async\" src=\"https:\/\/static.xx.fbcdn.net\/images\/emoji.php\/v9\/t43\/1.5\/16\/1f332.png\" alt=\"?\" width=\"16\" height=\"16\" \/><\/span><span class=\"x3nfvp2 x1j61x8r x1fcty0u xdj266r xhhsvwb xat24cr xgzva0m xxymvpz xlup9mm x1kky2od\"><img loading=\"lazy\" decoding=\"async\" src=\"https:\/\/static.xx.fbcdn.net\/images\/emoji.php\/v9\/t43\/1.5\/16\/1f332.png\" alt=\"?\" width=\"16\" height=\"16\" \/><\/span><\/span><span class=\"x3nfvp2 x1j61x8r x1fcty0u xdj266r xhhsvwb xat24cr xgzva0m xxymvpz xlup9mm x1kky2od\"><span style=\"color: #008080\"><img loading=\"lazy\" decoding=\"async\" src=\"https:\/\/static.xx.fbcdn.net\/images\/emoji.php\/v9\/t43\/1.5\/16\/1f332.png\" alt=\"?\" width=\"16\" height=\"16\" \/> Javier Rodr\u00edguez Fern\u00e1ndez<\/span><br \/>\n<\/span><\/span><\/div>\n<\/blockquote>\n<div dir=\"auto\"><\/div>\n<\/div>\n<div class=\"x11i5rnm xat24cr x1mh8g0r x1vvkbs xtlvy1s x126k92a\">&#8211; El Ramu Nadal o Ramu de Navid\u00e1 ye un ornamientu d&#8217;orixe paganu recuper\u00e1u nos \u00faltimos a\u00f1os para la Navid\u00e1. N&#8217;Asturies la esistencia constatada m\u00e1s antigua ta en Coa\u00f1a. Pe\u00f1amellera Baxa, Cangas y Ibias.<\/div>\n<div class=\"x11i5rnm xat24cr x1mh8g0r x1vvkbs xtlvy1s x126k92a\">N&#8217;Asturies \u00abel Ramu Nadal\u00bb consiste n&#8217;una estructura de madera con forma triangular, fechu con fueyes de*texu, abetu o carrascu (xard\u00f3n) nel que se ponen 12 veles simbolizando los meses del a\u00f1u. Del mesmu cuelguen ufriendes, como gatafos, rosqu\u00edes y frutes, seg\u00fan elementos ornamentales como filos de llana, puntilles, bordaos.<\/div>\n<div class=\"x11i5rnm xat24cr x1mh8g0r x1vvkbs xtlvy1s x126k92a\">L&#8217;armaz\u00f3n principal atopase n&#8217;una vara de madera puesto verticalmente con una peana que fai de soporte. Tami\u00e9n al pie del \u00abramu\u00bb suelse poner un cestu con \u00abcasta\u00f1es\u00bb o \u00abnueces\u00bb. N&#8217;otres zones puede ser semicircular o cuadr\u00e1u.<\/div>\n<div class=\"x11i5rnm xat24cr x1mh8g0r x1vvkbs xtlvy1s x126k92a\">Los or\u00edxenes del \u00abRamu Nadal\u00bb paecen remontase a d\u00f3mines precristianes, nes qu&#8217;el \u00abramu\u00bb (entend\u00edu como una ca\u00f1a d&#8217;un \u00e1rbol en s\u00ed), ten\u00eda un calter de cultu a la fertilid\u00e1 o como ufrienda a esp\u00edritos protectores y que se celebra nel solsticiu d&#8217;iviernu como preludiu de la primavera. Ye un s\u00edmbolu paganu asum\u00edu pola Ilesia y que d&#8217;antiguo ten\u00eden sitiu ente les celebraciones navidiegues d&#8217;Asturies, Lli\u00f3n, Zamora y Salamanca.<\/div>\n<div class=\"x11i5rnm xat24cr x1mh8g0r x1vvkbs xtlvy1s x126k92a\">La tradici\u00f3n evolucion\u00f3 del \u00abramu natural\u00bb fechu con una vara d&#8217;\u00e1rbol a la estructura de madera de l&#8217;actualid\u00e1, posiblemente pola influencia de los templos parroquiales onde primeramente se pon\u00eden, pa m\u00e1s tarde ponese dientro de les cases de forma asemeyada a los \u00e1rboles de Navid\u00e1 .<\/div>\n<\/div>\n<\/div>\n<\/div>\n<\/div>\n<\/div>\n<p style=\"text-align: center\">\n<!-- iframe plugin v.6.0 wordpress.org\/plugins\/iframe\/ -->\n<iframe loading=\"lazy\" src=\"https:\/\/www.facebook.com\/plugins\/post.php?href=https%3A%2F%2Fwww.facebook.com%2Fphoto.php%3Ffbid%3D1822635054757126%26set%3Da.118532701834045%26type%3D3&#038;show_text=false&#038;width=500\" width=\"500\" height=\"498\" style=\"border:none;overflow:hidden\" scrolling=\"no\" frameborder=\"0\" allowfullscreen=\"true\" allow=\"autoplay; clipboard-write; encrypted-media; picture-in-picture; web-share\" 0=\"\/iframe\" class=\"iframe-class\"><\/iframe>\n<\/p>\n","protected":false},"excerpt":{"rendered":"","protected":false},"author":117,"featured_media":0,"comment_status":"open","ping_status":"open","sticky":false,"template":"","format":"standard","meta":{"footnotes":""},"categories":[81,113],"tags":[],"class_list":["post-15182","post","type-post","status-publish","format-standard","hentry","category-nadal","category-tradiciones"],"_links":{"self":[{"href":"https:\/\/edublog.educastur.es\/ixuxu\/wp-json\/wp\/v2\/posts\/15182","targetHints":{"allow":["GET"]}}],"collection":[{"href":"https:\/\/edublog.educastur.es\/ixuxu\/wp-json\/wp\/v2\/posts"}],"about":[{"href":"https:\/\/edublog.educastur.es\/ixuxu\/wp-json\/wp\/v2\/types\/post"}],"author":[{"embeddable":true,"href":"https:\/\/edublog.educastur.es\/ixuxu\/wp-json\/wp\/v2\/users\/117"}],"replies":[{"embeddable":true,"href":"https:\/\/edublog.educastur.es\/ixuxu\/wp-json\/wp\/v2\/comments?post=15182"}],"version-history":[{"count":4,"href":"https:\/\/edublog.educastur.es\/ixuxu\/wp-json\/wp\/v2\/posts\/15182\/revisions"}],"predecessor-version":[{"id":15186,"href":"https:\/\/edublog.educastur.es\/ixuxu\/wp-json\/wp\/v2\/posts\/15182\/revisions\/15186"}],"wp:attachment":[{"href":"https:\/\/edublog.educastur.es\/ixuxu\/wp-json\/wp\/v2\/media?parent=15182"}],"wp:term":[{"taxonomy":"category","embeddable":true,"href":"https:\/\/edublog.educastur.es\/ixuxu\/wp-json\/wp\/v2\/categories?post=15182"},{"taxonomy":"post_tag","embeddable":true,"href":"https:\/\/edublog.educastur.es\/ixuxu\/wp-json\/wp\/v2\/tags?post=15182"}],"curies":[{"name":"wp","href":"https:\/\/api.w.org\/{rel}","templated":true}]}}