{"id":15193,"date":"2022-12-10T18:03:00","date_gmt":"2022-12-10T16:03:00","guid":{"rendered":"https:\/\/edublog.educastur.es\/ixuxu\/?p=15193"},"modified":"2022-12-10T18:06:03","modified_gmt":"2022-12-10T16:06:03","slug":"cuadonga-2022-camin-de-los-santuarios","status":"publish","type":"post","link":"https:\/\/edublog.educastur.es\/ixuxu\/2022\/12\/cuadonga-2022-camin-de-los-santuarios\/","title":{"rendered":"Cuadonga 2022: Cam\u00edn de los Santuarios"},"content":{"rendered":"<p style=\"text-align: center\"><a href=\"https:\/\/image.ondacero.es\/clipping\/cmsimages02\/2022\/07\/27\/63731D8D-3D4C-4A44-BB21-E2195ADDE233\/panel-indicador-santuario-cueva_98.jpg?crop=1258,708,x111,y0&amp;width=1900&amp;height=1069&amp;optimize=high&amp;format=webply\"><img loading=\"lazy\" decoding=\"async\" class=\"aligncenter\" src=\"https:\/\/image.ondacero.es\/clipping\/cmsimages02\/2022\/07\/27\/63731D8D-3D4C-4A44-BB21-E2195ADDE233\/panel-indicador-santuario-cueva_98.jpg?crop=1258,708,x111,y0&amp;width=1900&amp;height=1069&amp;optimize=high&amp;format=webply\" alt=\"\" width=\"1900\" height=\"1069\" \/><\/a><\/p>\n<ul>\n<li>\u2728Recursos Tur\u00edsticos y Gastron\u00f3micos<a href=\"https:\/\/www.turismoasturias.es\/web\/infoasturiasempresas\/actualidad\/noticia-detalle\/-\/publicador\/cultura-inaugurara-el-camin-de-los-santuarios-con-motivo-de-los-1-300-anos-de-la-batalla-de-cuadonga-covadonga\/v50XEn9ZyCVM\"><strong><span style=\"color: #008080\"> \u201cCam\u00edn de los Santaurios\u201d<\/span><\/strong><\/a>\u2728<\/li>\n<li><a href=\"https:\/\/www.camindelossantuarios.com\/wp-content\/uploads\/2022\/07\/mapa_recortado.png\">Mapa<\/a> \/ <a href=\"https:\/\/www.google.com\/search?q=camin+de+los+santuarios&amp;client=firefox-b-d&amp;sxsrf=ALiCzsY0sHpKRnUtP3b4qU5HsaLqxcxbNw:1670687929274&amp;source=lnms&amp;tbm=isch&amp;sa=X&amp;ved=2ahUKEwjz7LfEte_7AhUecKQEHVeQDg4Q_AUoAnoECAIQBA&amp;biw=1320&amp;bih=739&amp;dpr=1.25\">im\u00e1xenes<\/a> \/<a href=\"https:\/\/www.camindelossantuarios.com\/wp-content\/uploads\/2022\/07\/logo-camin-OK.png\"> logo<\/a><\/li>\n<\/ul>\n<p style=\"text-align: center\">\n<p><!--more--><\/p>\n<p>La conseyer\u00eda de Cultura, Pol\u00edtica Lling\u00fc\u00edstica y Turismu tien entam\u00e1u&#8217;l procesu pa configurar un <strong>\u00abCam\u00edn de los Santuarios\u201d, qu&#8217;enllacie grandes focos de pelegrinaci\u00f3n d&#8217;Asturies, como&#8217;l de Cuadonga, en Cangues d&#8217;On\u00eds, o&#8217;l de la Virxe de la Cueva, en Pilo\u00f1a, con otros del centru de la comunid\u00e1 como la catedral d&#8217;El Salvador, n&#8217;Uvi\u00e9u<\/strong>.<\/p>\n<p>La invitaci\u00f3n a participar nel desenvolvimientu d&#8217;esti proyectu non solo afecta a los conceyos del Oriente d&#8217;Asturies, sin\u00f3n a dellos de los que traviesa l&#8217;itinerariu nel centru de la comunid\u00e1. En concretu, <strong>van trabayar nel dise\u00f1u d&#8217;esta ruta los Conceyos de Pe\u00f1amellera Baxa, Pe\u00f1amellera Alta, Cangues d&#8217;On\u00eds, On\u00eds, Cabrales, Parres, Pilo\u00f1a, Nava, Siero, Nore\u00f1a y Uvi\u00e9u<\/strong>, seg\u00fan la enumeraci\u00f3n realizada pol mesmu Executivu asturianu a la de referise a la iniciativa.<\/p>\n<p style=\"text-align: center\"><a href=\"https:\/\/estaticos-cdn.prensaiberica.es\/clip\/190a48b8-6250-4972-8334-6134c00e177b_source-aspect-ratio_default_0.jpg\"><img loading=\"lazy\" decoding=\"async\" class=\"alignnone\" src=\"https:\/\/estaticos-cdn.prensaiberica.es\/clip\/190a48b8-6250-4972-8334-6134c00e177b_source-aspect-ratio_default_0.jpg\" alt=\"\" width=\"757\" height=\"378\" \/><\/a><\/p>\n<p style=\"text-align: center\"><a href=\"https:\/\/coperibadesella.com\/wp-content\/uploads\/2022\/08\/CAMIN-DE-SANTUARIOS-Inauguracion-5-1350x963.png\"><img loading=\"lazy\" decoding=\"async\" class=\"alignnone\" src=\"https:\/\/coperibadesella.com\/wp-content\/uploads\/2022\/08\/CAMIN-DE-SANTUARIOS-Inauguracion-5-1350x963.png\" alt=\"\" width=\"1350\" height=\"963\" \/><\/a><\/p>\n<p>?Compartimos una serie de p\u00edldores divulgatives sobro&#8217;l \u201cCam\u00edn de los Santuarios\u201d, onde vas poder afayar tou sobro l&#8217;itinerariu patrimonial ente Asturies y Cantabria. ? \u2714\ufe0fApuerta a tola informaci\u00f3n en <a href=\"https:\/\/www.camindelossantuarios.com\/?fbclid=IwAR2SGZ-dssqJDLbqPrLSHGlWAFACi0NHGhMUPIwmHzbjuG91ztzZpbHAruQ\">camindelossantuarios.com <\/a><\/p>\n<p style=\"text-align: center\"><a href=\"https:\/\/i.ytimg.com\/vi\/ETFxvg1obrY\/maxresdefault.jpg\"><img loading=\"lazy\" decoding=\"async\" class=\"alignnone\" src=\"https:\/\/i.ytimg.com\/vi\/ETFxvg1obrY\/maxresdefault.jpg\" alt=\"\" width=\"1280\" height=\"720\" \/><\/a><\/p>\n<p>&nbsp;<\/p>\n<p>Con motivu del 1.300 aniversariu de la batalla de Cuadonga, fechu de gran simbolismu n&#8217;Asturies, dende la Conseyer\u00eda de Cultura, Pol\u00edtica Lling\u00fc\u00edstica y Turismu del Princip\u00e1u d&#8217;Asturies se promueve el Cam\u00edn de los Santuarios, un verdaderu itinerariu patrimonial qu&#8217;enllaza la catedral d&#8217;Uvi\u00e9u, Cuadonga y Santu Toribio de Ll\u00e9bana, en Cantabria, tr\u00e9s afitaos fundamentales na hestoria de la Monarqu\u00eda Asturiana.<\/p>\n<p style=\"text-align: center\"><a href=\"https:\/\/www.picosdeeuropa.com\/wp-content\/uploads\/2022\/07\/Covadonga-el-camin-de-los-santuarios.jpg\"><img loading=\"lazy\" decoding=\"async\" class=\"alignnone\" src=\"https:\/\/www.picosdeeuropa.com\/wp-content\/uploads\/2022\/07\/Covadonga-el-camin-de-los-santuarios.jpg\" alt=\"\" width=\"1101\" height=\"773\" \/><\/a><\/p>\n","protected":false},"excerpt":{"rendered":"<p>\u2728Recursos Tur\u00edsticos y Gastron\u00f3micos \u201cCam\u00edn de los Santaurios\u201d\u2728 Mapa \/ im\u00e1xenes \/ logo<\/p>\n","protected":false},"author":117,"featured_media":0,"comment_status":"open","ping_status":"open","sticky":false,"template":"","format":"standard","meta":{"footnotes":""},"categories":[187],"tags":[],"class_list":["post-15193","post","type-post","status-publish","format-standard","hentry","category-camin-de-santiagu"],"_links":{"self":[{"href":"https:\/\/edublog.educastur.es\/ixuxu\/wp-json\/wp\/v2\/posts\/15193","targetHints":{"allow":["GET"]}}],"collection":[{"href":"https:\/\/edublog.educastur.es\/ixuxu\/wp-json\/wp\/v2\/posts"}],"about":[{"href":"https:\/\/edublog.educastur.es\/ixuxu\/wp-json\/wp\/v2\/types\/post"}],"author":[{"embeddable":true,"href":"https:\/\/edublog.educastur.es\/ixuxu\/wp-json\/wp\/v2\/users\/117"}],"replies":[{"embeddable":true,"href":"https:\/\/edublog.educastur.es\/ixuxu\/wp-json\/wp\/v2\/comments?post=15193"}],"version-history":[{"count":4,"href":"https:\/\/edublog.educastur.es\/ixuxu\/wp-json\/wp\/v2\/posts\/15193\/revisions"}],"predecessor-version":[{"id":15197,"href":"https:\/\/edublog.educastur.es\/ixuxu\/wp-json\/wp\/v2\/posts\/15193\/revisions\/15197"}],"wp:attachment":[{"href":"https:\/\/edublog.educastur.es\/ixuxu\/wp-json\/wp\/v2\/media?parent=15193"}],"wp:term":[{"taxonomy":"category","embeddable":true,"href":"https:\/\/edublog.educastur.es\/ixuxu\/wp-json\/wp\/v2\/categories?post=15193"},{"taxonomy":"post_tag","embeddable":true,"href":"https:\/\/edublog.educastur.es\/ixuxu\/wp-json\/wp\/v2\/tags?post=15193"}],"curies":[{"name":"wp","href":"https:\/\/api.w.org\/{rel}","templated":true}]}}