{"id":15205,"date":"2022-12-07T11:00:15","date_gmt":"2022-12-07T09:00:15","guid":{"rendered":"https:\/\/edublog.educastur.es\/ixuxu\/?p=15205"},"modified":"2022-12-10T18:27:18","modified_gmt":"2022-12-10T16:27:18","slug":"esta-nueche-va-algamar-el-so-maximu-la-lluna-llena-davientu-conocida-como-lluna-fria-pol-so-escurrimientu-antes-del-solsticiu-diviernu","status":"publish","type":"post","link":"https:\/\/edublog.educastur.es\/ixuxu\/2022\/12\/esta-nueche-va-algamar-el-so-maximu-la-lluna-llena-davientu-conocida-como-lluna-fria-pol-so-escurrimientu-antes-del-solsticiu-diviernu\/","title":{"rendered":"Esta nueche va algamar el so m\u00e1ximu la lluna llena d&#8217;avientu, conocida como Lluna Fr\u00eda pol so escurrimientu antes del solsticiu d&#8217;iviernu."},"content":{"rendered":"<p style=\"text-align: center\"><a href=\"https:\/\/album.mediaset.es\/eimg\/2022\/12\/07\/como-ver-la-luna-fria_47f4.jpg\"><img loading=\"lazy\" decoding=\"async\" class=\"alignnone\" src=\"https:\/\/album.mediaset.es\/eimg\/2022\/12\/07\/como-ver-la-luna-fria_47f4.jpg\" alt=\"\" width=\"1959\" height=\"1102\" \/><\/a><\/p>\n<ul>\n<li><a href=\"https:\/\/www.telecinco.es\/eltiempohoy\/el-cielo\/20221207\/luna-fria-2022-como-ver-luna-llena-diciembre_18_08176750.html?fbclid=IwAR3YQXKMOuwGB4VxqPXLdciI--pgwWMbtFrvuZfjW1Cr8u6Jv6DfU0N49SI\">Telecinco<\/a>\u00a0 \/<a href=\"https:\/\/www.pangeanatura.com\/2022\/12\/el-cielo-se-iluminara-con-una-luna-de.html?fbclid=IwAR3g5AKg7BRygxQvS8cp4r8daILoEE7unfSmXNmYt_sIMCgtgPoiOUDpwlc\"> Pangea Natura<\/a> \/<\/li>\n<\/ul>\n<p>La lluna llena d&#8217;avientu, que se conoz como Lluna Fr\u00eda porque asocede a les puertes del solsticiu d&#8217;iviernu, ta a puntu d&#8217;algamar la so m\u00e1xima rellumanza. va #facer la nueche del mi\u00e9rcoles al xueves, d\u00edes 7 y 8, cuando va rellumar al pie de Marte.<\/p>\n<p>la \u00faltima lluna llena del a\u00f1u, denominada \u2018lluna de xelu\u2019, \u2018lluna fr\u00eda\u2019 o \u2018lluna de nueches llargues\u2019, que anuncia la llegada del iviernu nel hemisferiu norte y la cercan\u00eda del solsticiu ivernizu, que trai consigo&#8217;l d\u00eda m\u00e1s curtiu y la nueche m\u00e1s llarga del a\u00f1u.<\/p>\n<p><!--more--><\/p>\n<p>Avientu trai les nueches m\u00e1s llargues del a\u00f1u, con una oportunid\u00e1 \u00fanica pa esfrutar de dalgunos de los eventos astron\u00f3micos m\u00e1s especiales, como son la bella Lluna Fr\u00eda o l&#8217;agua d&#8217;estrelles Gem\u00ednidas.<\/p>\n<p>La lluna llena d&#8217;avientu tami\u00e9n ye conocida como la lluna de la nueche llarga\u00bb o la lluna antes de Navid\u00e1\u00bb. En delles partes d&#8217;Europa tami\u00e9n recibe&#8217;l nome de \u201clluna antes de Yule\u201d, que ye un antiguu festival d&#8217;iviernu que se celebraba nos pa\u00edses del norte del continente nes navidaes.<\/p>\n<p>La lluna va tar esta nueche sobro l&#8217;horizonte m\u00e1s tiempu que n&#8217;otres d\u00f3mines del a\u00f1u, seg\u00fan la NASA, nuna nueche que va durar casi 15 hores en delles zones d&#8217;Espa\u00f1a. Va Algamar el so m\u00e1ximu a les 5:08 hora peninsular espa\u00f1ola.<\/p>\n<p>X\u00fapiter, Saturno y Marte tami\u00e9n van ser visibles nel cielu la nueche del mi\u00e9rcoles, coincidiendo con un fen\u00f3menu conoc\u00edu como tapecimientu llunar de Marte, que va asoceder alredor del picu de plenit\u00fa de la lluna llena, seg\u00fan EarthSky. La lluna va pasar frente al planeta color\u00e1u, vista dende gran parte d&#8217;Am\u00e9rica del Norte y Europa, produciendo daqu\u00e9 paec\u00edu a un ecl\u00eds, que vamos poder ver si miramos con un telescopiu.<\/p>\n","protected":false},"excerpt":{"rendered":"<p>Telecinco\u00a0 \/ Pangea Natura \/ La lluna llena d&#8217;avientu, que se conoz como Lluna Fr\u00eda porque asocede a les puertes del solsticiu d&#8217;iviernu, ta a puntu d&#8217;algamar la so m\u00e1xima rellumanza. va #facer la nueche del mi\u00e9rcoles al xueves, d\u00edes 7 y 8, cuando va rellumar al pie de Marte. la \u00faltima lluna llena del [&hellip;]<\/p>\n","protected":false},"author":117,"featured_media":0,"comment_status":"open","ping_status":"open","sticky":false,"template":"","format":"standard","meta":{"footnotes":""},"categories":[1],"tags":[],"class_list":["post-15205","post","type-post","status-publish","format-standard","hentry","category-sin-categoria"],"_links":{"self":[{"href":"https:\/\/edublog.educastur.es\/ixuxu\/wp-json\/wp\/v2\/posts\/15205","targetHints":{"allow":["GET"]}}],"collection":[{"href":"https:\/\/edublog.educastur.es\/ixuxu\/wp-json\/wp\/v2\/posts"}],"about":[{"href":"https:\/\/edublog.educastur.es\/ixuxu\/wp-json\/wp\/v2\/types\/post"}],"author":[{"embeddable":true,"href":"https:\/\/edublog.educastur.es\/ixuxu\/wp-json\/wp\/v2\/users\/117"}],"replies":[{"embeddable":true,"href":"https:\/\/edublog.educastur.es\/ixuxu\/wp-json\/wp\/v2\/comments?post=15205"}],"version-history":[{"count":2,"href":"https:\/\/edublog.educastur.es\/ixuxu\/wp-json\/wp\/v2\/posts\/15205\/revisions"}],"predecessor-version":[{"id":15207,"href":"https:\/\/edublog.educastur.es\/ixuxu\/wp-json\/wp\/v2\/posts\/15205\/revisions\/15207"}],"wp:attachment":[{"href":"https:\/\/edublog.educastur.es\/ixuxu\/wp-json\/wp\/v2\/media?parent=15205"}],"wp:term":[{"taxonomy":"category","embeddable":true,"href":"https:\/\/edublog.educastur.es\/ixuxu\/wp-json\/wp\/v2\/categories?post=15205"},{"taxonomy":"post_tag","embeddable":true,"href":"https:\/\/edublog.educastur.es\/ixuxu\/wp-json\/wp\/v2\/tags?post=15205"}],"curies":[{"name":"wp","href":"https:\/\/api.w.org\/{rel}","templated":true}]}}