{"id":15229,"date":"2022-12-10T19:37:03","date_gmt":"2022-12-10T17:37:03","guid":{"rendered":"https:\/\/edublog.educastur.es\/ixuxu\/?p=15229"},"modified":"2022-12-10T19:43:49","modified_gmt":"2022-12-10T17:43:49","slug":"el-belen-marineru-de-tazones-un-gran-reclamu-turisticu","status":"publish","type":"post","link":"https:\/\/edublog.educastur.es\/ixuxu\/2022\/12\/el-belen-marineru-de-tazones-un-gran-reclamu-turisticu\/","title":{"rendered":"El &#8216;bel\u00e9n marineru&#8217; de Tazones, un gran reclamu tur\u00edsticu"},"content":{"rendered":"<ul>\n<li id=\"noticiacompleta\" class=\"contenido-padding-resp parragraph-padding font-c-conent\"><a href=\"https:\/\/rtpa.es\/noticias-asturias-ast:El-'belen-marineru'-de-Tazones,-un-gran-reclamo-turistico_111670348033.html?fbclid=IwAR35EX3dASlUeboacQ-pWe1oUYqu8nSoQ5F2-FpKo3BQDxlha04whRd8VMA\">RTPA: <span class=\"text-hide\">El &#8216;bel\u00e9n marineru&#8217; de Tazones, un gran reclamu tur\u00edsticu<\/span><\/a><\/li>\n<\/ul>\n<p style=\"text-align: center\"><a href=\"https:\/\/villaviciosahermosa.com\/images\/noticias\/LNE_5_Detalles_de_casas_de_colores,_mar,_muelle_o_faro.jpg\"><img loading=\"lazy\" decoding=\"async\" class=\"alignnone\" src=\"https:\/\/villaviciosahermosa.com\/images\/noticias\/LNE_5_Detalles_de_casas_de_colores,_mar,_muelle_o_faro.jpg\" alt=\"\" width=\"1570\" height=\"1000\" \/><\/a><\/p>\n<h4 class=\"font-size-l padding-b-20\">M\u00e1s de 800 visitantes en nam\u00e1s cuatro d\u00edes<\/h4>\n<p>El &#8216;bel\u00e9n marineru&#8217; de la villa maliaya de Tazones ta siendo&#8217;l so gran reclamu tur\u00edsticu esta ponte. En nam\u00e1s cuatro d\u00edes y\u00e1 superen los 800 visitantes de distintos puntos d&#8217;Espa\u00f1a pero tami\u00e9n de vecinos.<\/p>\n<p><!--more--><\/p>\n<p>Una maqueta con tolos detalles a la que&#8217;l so creador, Rafael Fern\u00e1ndez, dedic\u00f3-y unes 1.000 hores de trabayu y que pue esfrutase nel local de la Cofrad\u00eda de Pescadores del pueblu. <span style=\"color: #008080\">L&#8217;horariu de visita al gran Bel\u00e9n va ser dende del 2 d&#8217;avientu hasta&#8217;l 7 de xineru; de 12,00 a 14,00 hores y los vienres y s\u00e1badu tami\u00e9n de 17,00 a 19,00 hores con entrada gratuita<\/span><\/p>\n<p><a href=\"https:\/\/villaviciosahermosa.com\/images\/noticias\/LNE_4_Detalles_del_puerto,_la_mar_y_figuras_de_pescadores.jpg\"><img loading=\"lazy\" decoding=\"async\" class=\"alignnone\" src=\"https:\/\/villaviciosahermosa.com\/images\/noticias\/LNE_4_Detalles_del_puerto,_la_mar_y_figuras_de_pescadores.jpg\" alt=\"\" width=\"1421\" height=\"1000\" \/><\/a><\/p>\n<p>Lo que diba ser una maqueta de la villa acab\u00f3 como un peculiar bel\u00e9n de tem\u00e1tica marinera. Con munches de -yos sos cais y llugares ic\u00f3nicos, Tazones protagoniza un nacimientu fechu dafechu en foresp\u00e1n.<\/p>\n<p style=\"text-align: center\"><a href=\"https:\/\/villaviciosahermosa.com\/images\/noticias\/LNE_6_Detalle_de_todad_la_maqueta,_.jpg\"><img loading=\"lazy\" decoding=\"async\" class=\"alignnone\" src=\"https:\/\/villaviciosahermosa.com\/images\/noticias\/LNE_6_Detalle_de_todad_la_maqueta,_.jpg\" alt=\"\" width=\"1402\" height=\"573\" \/><\/a><\/p>\n<p style=\"text-align: center\"><a href=\"https:\/\/villaviciosahermosa.com\/images\/noticias\/LNE_7_Maqueta_al_anochecer_con_luces_encendidas.jpg\"><img loading=\"lazy\" decoding=\"async\" class=\"alignnone\" src=\"https:\/\/villaviciosahermosa.com\/images\/noticias\/LNE_7_Maqueta_al_anochecer_con_luces_encendidas.jpg\" alt=\"\" width=\"1395\" height=\"547\" \/><\/a><\/p>\n<p>L&#8217;Asociaci\u00f3n de Vecinos \u00abSan Miguel\u00bb de Tazones (Villaviciosa) inaugur\u00f3 ayeri na biblioteca de la rula del puertu un novedosu \u00abbel\u00e9n marineru\u00bb de m\u00e1s de venti metros cuadraos. Tr\u00e1tase d&#8217;una fidedigna recreaci\u00f3n de la localid\u00e1 realizada tres m\u00e1s de mil hores de trabayu por Rafael Fern\u00e1ndez, vencey\u00e1u a Tazones, onde, tres la so xubilaci\u00f3n, esfruta de llargues estancies, informa Vicente Alonso. Na imaxe, Rafael Fern\u00e1ndez; Luis Batalla, de l&#8217;asociaci\u00f3n vecinal, y Julio S\u00e1nchez, collaborador.<\/p>\n<p style=\"text-align: center\">\n<!-- iframe plugin v.6.0 wordpress.org\/plugins\/iframe\/ -->\n<iframe loading=\"lazy\" width=\"100%\" height=\"395\" src=\"https:\/\/www.youtube.com\/embed\/xf8oODlnG90\" 0=\"\/iframe\" scrolling=\"yes\" class=\"iframe-class\" frameborder=\"0\"><\/iframe>\n<\/p>\n","protected":false},"excerpt":{"rendered":"<p>RTPA: El &#8216;bel\u00e9n marineru&#8217; de Tazones, un gran reclamu tur\u00edsticu M\u00e1s de 800 visitantes en nam\u00e1s cuatro d\u00edes El &#8216;bel\u00e9n marineru&#8217; de la villa maliaya de Tazones ta siendo&#8217;l so gran reclamu tur\u00edsticu esta ponte. En nam\u00e1s cuatro d\u00edes y\u00e1 superen los 800 visitantes de distintos puntos d&#8217;Espa\u00f1a pero tami\u00e9n de vecinos.<\/p>\n","protected":false},"author":117,"featured_media":0,"comment_status":"open","ping_status":"open","sticky":false,"template":"","format":"standard","meta":{"footnotes":""},"categories":[81],"tags":[],"class_list":["post-15229","post","type-post","status-publish","format-standard","hentry","category-nadal"],"_links":{"self":[{"href":"https:\/\/edublog.educastur.es\/ixuxu\/wp-json\/wp\/v2\/posts\/15229","targetHints":{"allow":["GET"]}}],"collection":[{"href":"https:\/\/edublog.educastur.es\/ixuxu\/wp-json\/wp\/v2\/posts"}],"about":[{"href":"https:\/\/edublog.educastur.es\/ixuxu\/wp-json\/wp\/v2\/types\/post"}],"author":[{"embeddable":true,"href":"https:\/\/edublog.educastur.es\/ixuxu\/wp-json\/wp\/v2\/users\/117"}],"replies":[{"embeddable":true,"href":"https:\/\/edublog.educastur.es\/ixuxu\/wp-json\/wp\/v2\/comments?post=15229"}],"version-history":[{"count":4,"href":"https:\/\/edublog.educastur.es\/ixuxu\/wp-json\/wp\/v2\/posts\/15229\/revisions"}],"predecessor-version":[{"id":15233,"href":"https:\/\/edublog.educastur.es\/ixuxu\/wp-json\/wp\/v2\/posts\/15229\/revisions\/15233"}],"wp:attachment":[{"href":"https:\/\/edublog.educastur.es\/ixuxu\/wp-json\/wp\/v2\/media?parent=15229"}],"wp:term":[{"taxonomy":"category","embeddable":true,"href":"https:\/\/edublog.educastur.es\/ixuxu\/wp-json\/wp\/v2\/categories?post=15229"},{"taxonomy":"post_tag","embeddable":true,"href":"https:\/\/edublog.educastur.es\/ixuxu\/wp-json\/wp\/v2\/tags?post=15229"}],"curies":[{"name":"wp","href":"https:\/\/api.w.org\/{rel}","templated":true}]}}