{"id":15238,"date":"2022-12-05T10:00:12","date_gmt":"2022-12-05T08:00:12","guid":{"rendered":"https:\/\/edublog.educastur.es\/ixuxu\/?p=15238"},"modified":"2022-12-10T20:43:08","modified_gmt":"2022-12-10T18:43:08","slug":"15238","status":"publish","type":"post","link":"https:\/\/edublog.educastur.es\/ixuxu\/2022\/12\/15238\/","title":{"rendered":"D\u00eda Mundial del suelu (WSD)."},"content":{"rendered":"<p style=\"text-align: center\">\n<!-- iframe plugin v.6.0 wordpress.org\/plugins\/iframe\/ -->\n<iframe loading=\"lazy\" src=\"https:\/\/www.facebook.com\/plugins\/post.php?href=https%3A%2F%2Fwww.facebook.com%2Ffundacionbiodiversidad%2Fposts%2Fpfbid0YezeqotoFEihatgpTKyQGBywBKxWqdRPPzbCKFyrgwGhJwuwqfMDxuwXEJ6HLBgkl&#038;show_text=true&#038;width=500\" width=\"500\" height=\"654\" style=\"border:none;overflow:hidden\" scrolling=\"no\" frameborder=\"0\" allowfullscreen=\"true\" allow=\"autoplay; clipboard-write; encrypted-media; picture-in-picture; web-share\" 0=\"\/iframe\" class=\"iframe-class\"><\/iframe>\n<\/p>\n<blockquote><p><span style=\"color: #008080\"><em>Los suelos son una de les principales reserves mundiales de biodiversid\u00e1 <\/em><\/span><br \/>\n<span style=\"color: #008080\"><em>y alluguen m\u00e1s del 25% de la diversid\u00e1 biol\u00f3xica del planeta.<\/em><\/span><\/p>\n<p><span style=\"color: #008080\"><em>Am\u00e1s tienen un papel clave na fixaci\u00f3n de carbonu y<br \/>\nl&#8217;amenorgamientu de les emisiones de gases d&#8217;efectu invernaderu.<\/em><\/span><\/p><\/blockquote>\n<p>Como cada a\u00f1u, el d\u00eda 5 d&#8217;avientu, la Organizaci\u00f3n de la Naciones Xun\u00edes (ONU) impulsa la celebraci\u00f3n del<strong><span style=\"color: #008080\"> D\u00eda Mundial del Suelu<\/span><\/strong> (WSD). Tr\u00e1tase d&#8217;un eventu internacional col que pretende potenciase la xesti\u00f3n sostenible d&#8217;un recursu non anovable, que ye soporte fundamental de la vida.<\/p>\n<ul>\n<li><a href=\"https:\/\/www.un.org\/es\/observances\/world-soil-day\">D\u00eda de&#8230;<\/a> \/ Suelu \/ semeyes<\/li>\n<li><a href=\"https:\/\/www.fao.org\/world-soil-day\/es\">https:\/\/www.fao.org\/world-soil-day\/es<\/a>\/<\/li>\n<\/ul>\n<p><a href=\"https:\/\/www.fao.org\/uploads\/pics\/GSP_WSD22_Highlight_ES_920x426_02.jpg\"><img loading=\"lazy\" decoding=\"async\" class=\"aligncenter\" src=\"https:\/\/www.fao.org\/uploads\/pics\/GSP_WSD22_Highlight_ES_920x426_02.jpg\" alt=\"\" width=\"728\" height=\"337\" \/><\/a><\/p>\n<p><!--more--><\/p>\n<p>La perda de nutrientes del suelu ye unu de los principales procesos de degradaci\u00f3n qu&#8217;amenacia la nutrici\u00f3n y reconozse como xuno de los problemes m\u00e1s importantes a nivel mundial para la segurid\u00e1 alimentaria y la sostenibilid\u00e1 en tol mundu. El D\u00eda Mundial del Suelu 2022 (#WorldSoilDay) y la so campa\u00f1a <strong><span style=\"color: #008080\">\u00abLos suelos: orixe de los alimentos\u00bb<\/span><\/strong> pretende concenciar sobro la importancia de caltener unos ecosistemes sanos y el bienestar humano, encetando los crecientes desaf\u00edos na xesti\u00f3n del suelu, aumentando la concienciaci\u00f3n sobro&#8217;l mesmu y animando a les sociedaes a ameyorar la so sal\u00fa.<\/p>\n<p style=\"text-align: center\" data-wp-editing=\"1\"><a href=\"https:\/\/www.fao.org\/fileadmin\/user_upload\/GSP\/WSD2018\/headers\/translations\/GSP_Soil_Nutrition_ES_001b.pdf\"><img loading=\"lazy\" decoding=\"async\" class=\"alignnone\" src=\"https:\/\/www.fao.org\/uploads\/RTEmagicC_ab48e93e1c.jpg.jpg\" alt=\"\" width=\"200\" height=\"120\" \/><\/a><a href=\"https:\/\/www.fao.org\/fileadmin\/user_upload\/GSP\/WSD2018\/headers\/translations\/GSP_Soil_Nutrition_ES_001b.pdf\">descarga.pdf<\/a><\/p>\n<p style=\"text-align: center\">\n<!-- iframe plugin v.6.0 wordpress.org\/plugins\/iframe\/ -->\n<iframe width=\"100%\" height=\"395\" 0=\"src=&quot;https:\/\/www.youtube.com\/embed\/7-YMheTIPJo&quot;\/iframe\" scrolling=\"yes\" class=\"iframe-class\" frameborder=\"0\"><\/iframe>\n<\/p>\n<p style=\"text-align: center\">\n<!-- iframe plugin v.6.0 wordpress.org\/plugins\/iframe\/ -->\n<iframe width=\"100%\" height=\"395\" 0=\"src=&quot;https:\/\/www.youtube.com\/embed\/Dor4XvjA8Wo&quot;\/iframe\" scrolling=\"yes\" class=\"iframe-class\" frameborder=\"0\"><\/iframe>\n<\/p>\n","protected":false},"excerpt":{"rendered":"<p>Los suelos son una de les principales reserves mundiales de biodiversid\u00e1 y alluguen m\u00e1s del 25% de la diversid\u00e1 biol\u00f3xica del planeta. Am\u00e1s tienen un papel clave na fixaci\u00f3n de carbonu y l&#8217;amenorgamientu de les emisiones de gases d&#8217;efectu invernaderu. Como cada a\u00f1u, el d\u00eda 5 d&#8217;avientu, la Organizaci\u00f3n de la Naciones Xun\u00edes (ONU) impulsa [&hellip;]<\/p>\n","protected":false},"author":117,"featured_media":0,"comment_status":"open","ping_status":"open","sticky":false,"template":"","format":"standard","meta":{"footnotes":""},"categories":[6],"tags":[],"class_list":["post-15238","post","type-post","status-publish","format-standard","hentry","category-dia-de"],"_links":{"self":[{"href":"https:\/\/edublog.educastur.es\/ixuxu\/wp-json\/wp\/v2\/posts\/15238","targetHints":{"allow":["GET"]}}],"collection":[{"href":"https:\/\/edublog.educastur.es\/ixuxu\/wp-json\/wp\/v2\/posts"}],"about":[{"href":"https:\/\/edublog.educastur.es\/ixuxu\/wp-json\/wp\/v2\/types\/post"}],"author":[{"embeddable":true,"href":"https:\/\/edublog.educastur.es\/ixuxu\/wp-json\/wp\/v2\/users\/117"}],"replies":[{"embeddable":true,"href":"https:\/\/edublog.educastur.es\/ixuxu\/wp-json\/wp\/v2\/comments?post=15238"}],"version-history":[{"count":6,"href":"https:\/\/edublog.educastur.es\/ixuxu\/wp-json\/wp\/v2\/posts\/15238\/revisions"}],"predecessor-version":[{"id":15245,"href":"https:\/\/edublog.educastur.es\/ixuxu\/wp-json\/wp\/v2\/posts\/15238\/revisions\/15245"}],"wp:attachment":[{"href":"https:\/\/edublog.educastur.es\/ixuxu\/wp-json\/wp\/v2\/media?parent=15238"}],"wp:term":[{"taxonomy":"category","embeddable":true,"href":"https:\/\/edublog.educastur.es\/ixuxu\/wp-json\/wp\/v2\/categories?post=15238"},{"taxonomy":"post_tag","embeddable":true,"href":"https:\/\/edublog.educastur.es\/ixuxu\/wp-json\/wp\/v2\/tags?post=15238"}],"curies":[{"name":"wp","href":"https:\/\/api.w.org\/{rel}","templated":true}]}}