{"id":15248,"date":"2022-12-03T11:00:45","date_gmt":"2022-12-03T09:00:45","guid":{"rendered":"https:\/\/edublog.educastur.es\/ixuxu\/?p=15248"},"modified":"2022-12-10T20:47:34","modified_gmt":"2022-12-10T18:47:34","slug":"espectaculu-audiovisual-uvieu-relluma-en-navida","status":"publish","type":"post","link":"https:\/\/edublog.educastur.es\/ixuxu\/2022\/12\/espectaculu-audiovisual-uvieu-relluma-en-navida\/","title":{"rendered":"Espect\u00e1culu audiovisual \u00abUvi\u00e9u relluma en Navid\u00e1\u00bb"},"content":{"rendered":"<p style=\"text-align: center\">\n<!-- iframe plugin v.6.0 wordpress.org\/plugins\/iframe\/ -->\n<iframe loading=\"lazy\" src=\"https:\/\/www.facebook.com\/plugins\/post.php?href=https%3A%2F%2Fwww.facebook.com%2Fwww.oviedo.es%2Fphotos%2Fa.159742244065067%2F5726287924077110%2F%3Ftype%3D3&#038;show_text=false&#038;width=500\" width=\"500\" height=\"497\" style=\"border:none;overflow:hidden\" scrolling=\"no\" frameborder=\"0\" allowfullscreen=\"true\" allow=\"autoplay; clipboard-write; encrypted-media; picture-in-picture; web-share\" 0=\"\/iframe\" class=\"iframe-class\"><\/iframe>\n<\/p>\n<p>La plaza del Conceyu d&#8217;Uvi\u00e9u acoy\u00f3&#8217;l primer pase del espect\u00e1culu audiovisual <strong><span style=\"color: #008080\">\u00abUvi\u00e9u relluma en Navid\u00e1\u00bb<\/span><\/strong><br \/>\n\u2728??Podr\u00e1 volvese a esfrutar d&#8217;\u00e9l a les 19:00 y 21:00 hores. Am\u00e1s, va haber nueves proyecciones los d\u00edes 7, 10, 17, 23 y 30 d&#8217;avientu a les 18:30; 19:00 y 21:00 hores.<\/p>\n<div class=\"x11i5rnm xat24cr x1mh8g0r x1vvkbs xtlvy1s x126k92a\">\n<div dir=\"auto\"><span class=\"x3nfvp2 x1j61x8r x1fcty0u xdj266r xhhsvwb xat24cr xgzva0m xxymvpz xlup9mm x1kky2od\"><img loading=\"lazy\" decoding=\"async\" src=\"https:\/\/static.xx.fbcdn.net\/images\/emoji.php\/v9\/t7b\/1.5\/16\/2728.png\" alt=\"\u2728\" width=\"16\" height=\"16\" \/><\/span><span class=\"x3nfvp2 x1j61x8r x1fcty0u xdj266r xhhsvwb xat24cr xgzva0m xxymvpz xlup9mm x1kky2od\"><img loading=\"lazy\" decoding=\"async\" src=\"https:\/\/static.xx.fbcdn.net\/images\/emoji.php\/v9\/t46\/1.5\/16\/1f4ab.png\" alt=\"?\" width=\"16\" height=\"16\" \/><\/span><span class=\"x3nfvp2 x1j61x8r x1fcty0u xdj266r xhhsvwb xat24cr xgzva0m xxymvpz xlup9mm x1kky2od\"><img loading=\"lazy\" decoding=\"async\" src=\"https:\/\/static.xx.fbcdn.net\/images\/emoji.php\/v9\/t60\/1.5\/16\/1f384.png\" alt=\"?\" width=\"16\" height=\"16\" \/><\/span>Tola informaci\u00f3n en <a class=\"x1i10hfl xjbqb8w x6umtig x1b1mbwd xaqea5y xav7gou x9f619 x1ypdohk xt0psk2 xe8uvvx xdj266r x11i5rnm xat24cr x1mh8g0r xexx8yu x4uap5 x18d9i69 xkhd6sd x16tdsg8 x1hl2dhg xggy1nq x1a2a7pz xt0b8zv x1fey0fg\" role=\"link\" href=\"http:\/\/www.oviedo.es\/navidad?fbclid=IwAR3lLJ_pMYtzei5ZMTaM5tknB2mi_K0wqF8-D04V0xayS9IVKFqd192qw58\" target=\"_blank\" rel=\"nofollow noopener\">www.oviedo.es\/navidad<\/a><\/div>\n<div dir=\"auto\"><!--more--><\/div>\n<\/div>\n<div dir=\"auto\"><\/div>\n<div dir=\"auto\" style=\"text-align: center\"><img loading=\"lazy\" decoding=\"async\" class=\"alignnone size-full\" src=\"https:\/\/www.oviedo.es\/documents\/25041\/1895885\/RRSS-Cartel-General.jpg\/adbb6a00-83e2-43b3-ba41-6495264f1a99?t=1669629702000\" width=\"1080\" height=\"1080\" \/><\/div>\n<p>&nbsp;<\/p>\n","protected":false},"excerpt":{"rendered":"<p>La plaza del Conceyu d&#8217;Uvi\u00e9u acoy\u00f3&#8217;l primer pase del espect\u00e1culu audiovisual \u00abUvi\u00e9u relluma en Navid\u00e1\u00bb \u2728??Podr\u00e1 volvese a esfrutar d&#8217;\u00e9l a les 19:00 y 21:00 hores. Am\u00e1s, va haber nueves proyecciones los d\u00edes 7, 10, 17, 23 y 30 d&#8217;avientu a les 18:30; 19:00 y 21:00 hores. Tola informaci\u00f3n en www.oviedo.es\/navidad<\/p>\n","protected":false},"author":117,"featured_media":0,"comment_status":"open","ping_status":"open","sticky":false,"template":"","format":"standard","meta":{"footnotes":""},"categories":[81,33],"tags":[],"class_list":["post-15248","post","type-post","status-publish","format-standard","hentry","category-nadal","category-uvieu"],"_links":{"self":[{"href":"https:\/\/edublog.educastur.es\/ixuxu\/wp-json\/wp\/v2\/posts\/15248","targetHints":{"allow":["GET"]}}],"collection":[{"href":"https:\/\/edublog.educastur.es\/ixuxu\/wp-json\/wp\/v2\/posts"}],"about":[{"href":"https:\/\/edublog.educastur.es\/ixuxu\/wp-json\/wp\/v2\/types\/post"}],"author":[{"embeddable":true,"href":"https:\/\/edublog.educastur.es\/ixuxu\/wp-json\/wp\/v2\/users\/117"}],"replies":[{"embeddable":true,"href":"https:\/\/edublog.educastur.es\/ixuxu\/wp-json\/wp\/v2\/comments?post=15248"}],"version-history":[{"count":4,"href":"https:\/\/edublog.educastur.es\/ixuxu\/wp-json\/wp\/v2\/posts\/15248\/revisions"}],"predecessor-version":[{"id":15250,"href":"https:\/\/edublog.educastur.es\/ixuxu\/wp-json\/wp\/v2\/posts\/15248\/revisions\/15250"}],"wp:attachment":[{"href":"https:\/\/edublog.educastur.es\/ixuxu\/wp-json\/wp\/v2\/media?parent=15248"}],"wp:term":[{"taxonomy":"category","embeddable":true,"href":"https:\/\/edublog.educastur.es\/ixuxu\/wp-json\/wp\/v2\/categories?post=15248"},{"taxonomy":"post_tag","embeddable":true,"href":"https:\/\/edublog.educastur.es\/ixuxu\/wp-json\/wp\/v2\/tags?post=15248"}],"curies":[{"name":"wp","href":"https:\/\/api.w.org\/{rel}","templated":true}]}}