{"id":15267,"date":"2022-11-25T21:03:49","date_gmt":"2022-11-25T19:03:49","guid":{"rendered":"https:\/\/edublog.educastur.es\/ixuxu\/?p=15267"},"modified":"2022-12-10T21:07:40","modified_gmt":"2022-12-10T19:07:40","slug":"mundu-estranu-de-disney-la-nueva-pelicula-danimacion-destes-navidaes","status":"publish","type":"post","link":"https:\/\/edublog.educastur.es\/ixuxu\/2022\/11\/mundu-estranu-de-disney-la-nueva-pelicula-danimacion-destes-navidaes\/","title":{"rendered":"\u2018Mundu Estra\u00f1u\u2019 de Disney, la nueva pel\u00edcula d&#8217;animaci\u00f3n d&#8217;estes navidaes"},"content":{"rendered":"<p><a href=\"https:\/\/www.sensacine.com\/noticias\/cine\/noticia-1000004103\/?utm_source=facebook.com&amp;fbclid=IwAR3g5AKg7BRygxQvS8cp4r8daILoEE7unfSmXNmYt_sIMCgtgPoiOUDpwlc\">\u2018Mundu Estra\u00f1u\u2019 de Disney, la nueva pel\u00edcula d&#8217;animaci\u00f3n d&#8217;estes navidaes, \u00a1y\u00e1 ta en cines!<\/a><\/p>\n<p>La \u00faltima propuesta de Disney lleva por t\u00edtulu Mundu Estra\u00f1u, estr\u00e9nase g\u00fcei 25 de payares, y ye el plan perfectu para tola familia mientres estes fiestes. Tr\u00e9s xeneraciones d&#8217;una mesma familia n&#8217;una escursi\u00f3n espacial.<\/p>\n<p style=\"text-align: center\">\n<!-- iframe plugin v.6.0 wordpress.org\/plugins\/iframe\/ -->\n<iframe loading=\"lazy\" width=\"100%\" height=\"395\" src=\"https:\/\/www.youtube.com\/embed\/a8eKPw6mLqg\" 0=\"\/iframe\" scrolling=\"yes\" class=\"iframe-class\" frameborder=\"0\"><\/iframe>\n<\/p>\n<p><!--more--><\/p>\n<p>Mundu Estra\u00f1u, el 61\u00ba llargumetraxe anim\u00e1u produc\u00edu pol estudiu, ye l&#8217;apueste de Disney para estes Navidaes. \u00a1Y menudu t\u00edtulu! Tr\u00e1tase d&#8217;una pel\u00edcula na ll\u00ednea de les m\u00e1s incre\u00edbles aventures de la compa\u00f1\u00eda para tola familia. Y resulta que nun dicimos que ye para tola familia por gustu. Porque los sos protagonistes pertenecen a tr\u00e9s xeneraciones d&#8217;una mesma familia, los Clade, que s&#8217;embarquen nun viaxe espacial \u00e9picu que trespasa les fronteres del nuesu mundu.<\/p>\n<p>&nbsp;<\/p>\n","protected":false},"excerpt":{"rendered":"<p>\u2018Mundu Estra\u00f1u\u2019 de Disney, la nueva pel\u00edcula d&#8217;animaci\u00f3n d&#8217;estes navidaes, \u00a1y\u00e1 ta en cines! La \u00faltima propuesta de Disney lleva por t\u00edtulu Mundu Estra\u00f1u, estr\u00e9nase g\u00fcei 25 de payares, y ye el plan perfectu para tola familia mientres estes fiestes. Tr\u00e9s xeneraciones d&#8217;una mesma familia n&#8217;una escursi\u00f3n espacial.<\/p>\n","protected":false},"author":117,"featured_media":0,"comment_status":"open","ping_status":"open","sticky":false,"template":"","format":"standard","meta":{"footnotes":""},"categories":[1],"tags":[],"class_list":["post-15267","post","type-post","status-publish","format-standard","hentry","category-sin-categoria"],"_links":{"self":[{"href":"https:\/\/edublog.educastur.es\/ixuxu\/wp-json\/wp\/v2\/posts\/15267","targetHints":{"allow":["GET"]}}],"collection":[{"href":"https:\/\/edublog.educastur.es\/ixuxu\/wp-json\/wp\/v2\/posts"}],"about":[{"href":"https:\/\/edublog.educastur.es\/ixuxu\/wp-json\/wp\/v2\/types\/post"}],"author":[{"embeddable":true,"href":"https:\/\/edublog.educastur.es\/ixuxu\/wp-json\/wp\/v2\/users\/117"}],"replies":[{"embeddable":true,"href":"https:\/\/edublog.educastur.es\/ixuxu\/wp-json\/wp\/v2\/comments?post=15267"}],"version-history":[{"count":3,"href":"https:\/\/edublog.educastur.es\/ixuxu\/wp-json\/wp\/v2\/posts\/15267\/revisions"}],"predecessor-version":[{"id":15269,"href":"https:\/\/edublog.educastur.es\/ixuxu\/wp-json\/wp\/v2\/posts\/15267\/revisions\/15269"}],"wp:attachment":[{"href":"https:\/\/edublog.educastur.es\/ixuxu\/wp-json\/wp\/v2\/media?parent=15267"}],"wp:term":[{"taxonomy":"category","embeddable":true,"href":"https:\/\/edublog.educastur.es\/ixuxu\/wp-json\/wp\/v2\/categories?post=15267"},{"taxonomy":"post_tag","embeddable":true,"href":"https:\/\/edublog.educastur.es\/ixuxu\/wp-json\/wp\/v2\/tags?post=15267"}],"curies":[{"name":"wp","href":"https:\/\/api.w.org\/{rel}","templated":true}]}}