{"id":15271,"date":"2022-12-01T10:10:25","date_gmt":"2022-12-01T08:10:25","guid":{"rendered":"https:\/\/edublog.educastur.es\/ixuxu\/?p=15271"},"modified":"2022-12-10T21:13:35","modified_gmt":"2022-12-10T19:13:35","slug":"15271","status":"publish","type":"post","link":"https:\/\/edublog.educastur.es\/ixuxu\/2022\/12\/15271\/","title":{"rendered":"L&#8217;iviernu meteorol\u00f3xicu"},"content":{"rendered":"<p>G\u00fcei empieza l&#8217;iviernu meteorol\u00f3xicu que va ser m\u00e1s templ\u00e1u de lo normal y con poques ag\u00fces.<\/p>\n<p style=\"text-align: center\"><a href=\"https:\/\/album.mediaset.es\/eimg\/2022\/1201\/11\/carreteras-nevadas-en-las-rozas-cdad80c.jpg?w=1200\"><img loading=\"lazy\" decoding=\"async\" class=\"alignnone\" src=\"https:\/\/album.mediaset.es\/eimg\/2022\/1201\/11\/carreteras-nevadas-en-las-rozas-cdad80c.jpg?w=1200\" alt=\"\" width=\"1200\" height=\"675\" \/><\/a><\/p>\n<ul>\n<li><a href=\"https:\/\/www.niusdiario.es\/sociedad\/el-tiempo\/20221201\/invierno-meteorologico-comienza-calido-poca-lluvia_18_08132590.html?fbclid=IwAR2tRcOdnfqCoFVOWEKEYgE3UNsCwPDwSiUQNK8OKf2KrIpBOZXldFcqU0k\">Fonte: NiusDiario<\/a><\/li>\n<\/ul>\n<p>L&#8217;AEMET nun refuga qu&#8217;a lo llargo de la primer met\u00e1 del iviernu llegue dalguna fola de fr\u00edu.<\/p>\n<p>L&#8217;iviernu meteorol\u00f3xicu qu&#8217;empez\u00f3 esti xueves, 1 d&#8217;avientu y que se va enllargar hasta&#8217;l 28 de febreru, podr\u00eda ser m\u00e1s templ\u00e1u de lo normal na mayor parte d&#8217;Espa\u00f1a menos en Canaries, pero solo va ser lluviosu nel Mediterr\u00e1neu, Baleares y Canaries, mientres nel restu del pa\u00eds lo m\u00e1s probable ye que llueva per debaxo de los valores normales, seg\u00fan agora l&#8217;Axencia Estatal de Meteorolox\u00eda (AEMET).<\/p>\n<p><!--more--><br \/>\nEl voceru de l&#8217;AEMET, Rub\u00e9n del Campu, indic\u00f3 que lo m\u00e1s probable tocantes a les temperatures ye que nel so conxuntu esti trimestre s\u00eda m\u00e1s templ\u00e1u de lo normal na mayor parte d&#8217;Espa\u00f1a, con una probabilid\u00e1 del 40 per cientu bona parte de la Pen\u00ednsula y del 50 per cientu del Mediterr\u00e1neu y Baleares de que les temperatures tean percima de lo habitual, frente a un 20-25 per cientu de probabilidaes de que les temperatures nel conxuntu del trimestre queden per debaxo de los valores habituales.<\/p>\n<p>Tocantes a les precipitaciones, los escenarios son distintos en funci\u00f3n de les distintes \u00e1rees. De cuenta que na \u00e1rea mediterr\u00e1nea, Baleares y Canaries, ag\u00f3rase un iviernu probablemente m\u00e1s lluviosu de lo normal. Esi escenariu d&#8217;ag\u00fces m\u00e1s abondoses de lo habitual ye d&#8217;un 40 a un 45 per cientu neses zones frente a un 20 o 25 per cientu de probabilidaes de que les ag\u00fces s\u00edan m\u00e1s escases nel restu del pa\u00eds.<\/p>\n<p>Sicas\u00ed, na mayor parte de la Pen\u00ednsula ye \u00abminoritariu\u00bb l&#8217;escenariu qu&#8217;apunta ag\u00fces m\u00e1s abondoses de lo normal, d&#8217;un 20 per cientu frente al 40 per cientu de probabilidaes de que l&#8217;iviernu s\u00eda m\u00e1s secu de lo normal.<\/p>\n","protected":false},"excerpt":{"rendered":"<p>G\u00fcei empieza l&#8217;iviernu meteorol\u00f3xicu que va ser m\u00e1s templ\u00e1u de lo normal y con poques ag\u00fces. Fonte: NiusDiario L&#8217;AEMET nun refuga qu&#8217;a lo llargo de la primer met\u00e1 del iviernu llegue dalguna fola de fr\u00edu. L&#8217;iviernu meteorol\u00f3xicu qu&#8217;empez\u00f3 esti xueves, 1 d&#8217;avientu y que se va enllargar hasta&#8217;l 28 de febreru, podr\u00eda ser m\u00e1s templ\u00e1u [&hellip;]<\/p>\n","protected":false},"author":117,"featured_media":0,"comment_status":"open","ping_status":"open","sticky":false,"template":"","format":"standard","meta":{"footnotes":""},"categories":[5],"tags":[],"class_list":["post-15271","post","type-post","status-publish","format-standard","hentry","category-tiempu"],"_links":{"self":[{"href":"https:\/\/edublog.educastur.es\/ixuxu\/wp-json\/wp\/v2\/posts\/15271","targetHints":{"allow":["GET"]}}],"collection":[{"href":"https:\/\/edublog.educastur.es\/ixuxu\/wp-json\/wp\/v2\/posts"}],"about":[{"href":"https:\/\/edublog.educastur.es\/ixuxu\/wp-json\/wp\/v2\/types\/post"}],"author":[{"embeddable":true,"href":"https:\/\/edublog.educastur.es\/ixuxu\/wp-json\/wp\/v2\/users\/117"}],"replies":[{"embeddable":true,"href":"https:\/\/edublog.educastur.es\/ixuxu\/wp-json\/wp\/v2\/comments?post=15271"}],"version-history":[{"count":5,"href":"https:\/\/edublog.educastur.es\/ixuxu\/wp-json\/wp\/v2\/posts\/15271\/revisions"}],"predecessor-version":[{"id":15276,"href":"https:\/\/edublog.educastur.es\/ixuxu\/wp-json\/wp\/v2\/posts\/15271\/revisions\/15276"}],"wp:attachment":[{"href":"https:\/\/edublog.educastur.es\/ixuxu\/wp-json\/wp\/v2\/media?parent=15271"}],"wp:term":[{"taxonomy":"category","embeddable":true,"href":"https:\/\/edublog.educastur.es\/ixuxu\/wp-json\/wp\/v2\/categories?post=15271"},{"taxonomy":"post_tag","embeddable":true,"href":"https:\/\/edublog.educastur.es\/ixuxu\/wp-json\/wp\/v2\/tags?post=15271"}],"curies":[{"name":"wp","href":"https:\/\/api.w.org\/{rel}","templated":true}]}}