{"id":15286,"date":"2022-12-10T21:25:14","date_gmt":"2022-12-10T19:25:14","guid":{"rendered":"https:\/\/edublog.educastur.es\/ixuxu\/?p=15286"},"modified":"2022-12-10T21:31:11","modified_gmt":"2022-12-10T19:31:11","slug":"15286","status":"publish","type":"post","link":"https:\/\/edublog.educastur.es\/ixuxu\/2022\/12\/15286\/","title":{"rendered":""},"content":{"rendered":"<p style=\"text-align: center\"><span style=\"font-size: 20px\"><strong><span style=\"color: #800080\"><em>\u201cLo primeru que puede faer un maestru<br \/>\nque quier \u201cense\u00f1ar a lleer\u201d<\/em><\/span><\/strong><\/span><br \/>\n<span style=\"font-size: 20px\"><strong><span style=\"color: #800080\"><em> ye crear la ocasi\u00f3n, un tiempu<br \/>\ny un espaciu aparentes, <\/em><\/span><\/strong><\/span><br \/>\n<span style=\"font-size: 20px\"><strong><span style=\"color: #800080\"><em>un est\u00e1u d&#8217;\u00e1nimu y tami\u00e9n<br \/>\nuna especie de comuni\u00f3n de llectura.<br \/>\n<\/em><\/span><\/strong><\/span><br \/>\n<span style=\"font-size: 20px\"><strong><span style=\"color: #800080\"><em>Los llectores nun s&#8217;atopen colos testos<br \/>\nnel vac\u00edu, sin\u00f3n \u2013siempres\u2013<br \/>\n<\/em><\/span><\/strong><strong><span style=\"color: #800080\"><em>en situaciones hist\u00f3riques concretes,<br \/>\nen determin\u00e1u llugar y<br \/>\ndeterminada hora del d\u00eda,<\/em><\/span><\/strong><\/span><br \/>\n<span style=\"font-size: 20px\"><strong><span style=\"color: #800080\"><em> en determin\u00e1u momentu<br \/>\nde la so hestoria personal, <\/em><\/span><\/strong><\/span><br \/>\n<span style=\"font-size: 20px\"><strong><span style=\"color: #800080\"><em>en ciertes circunstancies,<br \/>\nmediando ciertos venceyos\u2026<\/em><\/span><\/strong><\/span><br \/>\n<span style=\"font-size: 20px\"><strong><span style=\"color: #800080\"><em>La escuela, si ta dispuesta a asumise<br \/>\ncomo la gran ocasi\u00f3n <\/em><\/span><\/strong><\/span><br \/>\n<span style=\"font-size: 20px\"><strong><span style=\"color: #800080\"><em>y realmente \u201cense\u00f1ar a lleer\u201d,<br \/>\nnun puede esbardiar esa escena.\u00bb<\/em> <\/span><\/strong><\/span><\/p>\n<p style=\"text-align: center\">Graciela Montes<\/p>\n","protected":false},"excerpt":{"rendered":"<p>\u201cLo primeru que puede faer un maestru que quier \u201cense\u00f1ar a lleer\u201d ye crear la ocasi\u00f3n, un tiempu y un espaciu aparentes, un est\u00e1u d&#8217;\u00e1nimu y tami\u00e9n una especie de comuni\u00f3n de llectura. Los llectores nun s&#8217;atopen colos testos nel vac\u00edu, sin\u00f3n \u2013siempres\u2013 en situaciones hist\u00f3riques concretes, en determin\u00e1u llugar y determinada hora del d\u00eda, [&hellip;]<\/p>\n","protected":false},"author":117,"featured_media":0,"comment_status":"open","ping_status":"open","sticky":false,"template":"","format":"quote","meta":{"footnotes":""},"categories":[1],"tags":[],"class_list":["post-15286","post","type-post","status-publish","format-quote","hentry","category-sin-categoria","post_format-post-format-quote"],"_links":{"self":[{"href":"https:\/\/edublog.educastur.es\/ixuxu\/wp-json\/wp\/v2\/posts\/15286","targetHints":{"allow":["GET"]}}],"collection":[{"href":"https:\/\/edublog.educastur.es\/ixuxu\/wp-json\/wp\/v2\/posts"}],"about":[{"href":"https:\/\/edublog.educastur.es\/ixuxu\/wp-json\/wp\/v2\/types\/post"}],"author":[{"embeddable":true,"href":"https:\/\/edublog.educastur.es\/ixuxu\/wp-json\/wp\/v2\/users\/117"}],"replies":[{"embeddable":true,"href":"https:\/\/edublog.educastur.es\/ixuxu\/wp-json\/wp\/v2\/comments?post=15286"}],"version-history":[{"count":4,"href":"https:\/\/edublog.educastur.es\/ixuxu\/wp-json\/wp\/v2\/posts\/15286\/revisions"}],"predecessor-version":[{"id":15295,"href":"https:\/\/edublog.educastur.es\/ixuxu\/wp-json\/wp\/v2\/posts\/15286\/revisions\/15295"}],"wp:attachment":[{"href":"https:\/\/edublog.educastur.es\/ixuxu\/wp-json\/wp\/v2\/media?parent=15286"}],"wp:term":[{"taxonomy":"category","embeddable":true,"href":"https:\/\/edublog.educastur.es\/ixuxu\/wp-json\/wp\/v2\/categories?post=15286"},{"taxonomy":"post_tag","embeddable":true,"href":"https:\/\/edublog.educastur.es\/ixuxu\/wp-json\/wp\/v2\/tags?post=15286"}],"curies":[{"name":"wp","href":"https:\/\/api.w.org\/{rel}","templated":true}]}}