{"id":15290,"date":"2022-12-10T21:27:41","date_gmt":"2022-12-10T19:27:41","guid":{"rendered":"https:\/\/edublog.educastur.es\/ixuxu\/?p=15290"},"modified":"2022-12-10T21:30:12","modified_gmt":"2022-12-10T19:30:12","slug":"la-mas-cara-despana-langula-asturiano","status":"publish","type":"post","link":"https:\/\/edublog.educastur.es\/ixuxu\/2022\/12\/la-mas-cara-despana-langula-asturiano\/","title":{"rendered":"La m\u00e1s cara d&#8217;Espa\u00f1a: l&#8217;angula asturiano"},"content":{"rendered":"<p>La m\u00e1s cara d&#8217;Espa\u00f1a: l&#8217;angula asturiano supera nun 800% a les gallega y vasca.De 880 a 7.280 euros, la diferencia ente un espaciu y otru.<\/p>\n<p style=\"text-align: center\"><a href=\"https:\/\/edon2-16fc6.kxcdn.com\/wp-content\/uploads\/sites\/54\/2022\/11\/Angulas.-Getty-Images.jpg\"><img loading=\"lazy\" decoding=\"async\" class=\"alignnone\" src=\"https:\/\/edon2-16fc6.kxcdn.com\/wp-content\/uploads\/sites\/54\/2022\/11\/Angulas.-Getty-Images.jpg\" alt=\"\" width=\"800\" height=\"450\" \/><\/a><\/p>\n<ul>\n<li><a href=\"https:\/\/www.asturiashoy.com\/ah\/2022\/11\/18\/la-mas-cara-de-espana-la-angula-asturiana-supera-en-un-800-a-las-gallega-y-vasca\/?fbclid=IwAR2BEy2CZva0sS_l1J_2cmB_WpDUIXOmBluLQfLsyiDfzAF0BqWsb99W-Sc\">Fonte: Asturias Hoy<\/a><\/li>\n<li><a href=\"https:\/\/es.wikipedia.org\/wiki\/Angula\">Angula<\/a> \/ semeyes \/<\/li>\n<\/ul>\n<p><!--more--><\/p>\n<p>Un cargamentu con 50 quilos d&#8217;angules vives sali\u00f3&#8217;l pas\u00e1u llunes dende un viveru d&#8217;Oiartzun (Gipuzkoa) hasta Soutelo (Pontevedra). Un trayectu onde se treslladaron para coceles y #preparar para la so posterior distribuci\u00f3n nel merc\u00e1u nacional. Una primer remesa que sali\u00f3 a la vienta por 880 euros el quilu, siendo 800% m\u00e1s barates que les vend\u00edes na primer selmana de payares en Ribesella, algamando los 7.280 euros.<\/p>\n<p>La campa\u00f1a de la pesca de l&#8217;angula dio empiezu&#8217;l 1 de payares y hasta esti momentu, solo hubo comercializaci\u00f3n d&#8217;una parte \u00ednfima d&#8217;una especie bien acobiciada. Y ye qu&#8217;esti iviernu sigue siendo de r\u00e9cord n&#8217;ag\u00fces asturianes una y bones los 7.280 euros el quilu, pagaos pola rula de Ribesella supunxeron un finxu dif\u00edcil d&#8217;igualar.<\/p>\n<p style=\"text-align: center\"><a href=\"https:\/\/upload.wikimedia.org\/wikipedia\/commons\/thumb\/2\/25\/Gulas_con_ajo_y_guindilla_02.jpg\/1280px-Gulas_con_ajo_y_guindilla_02.jpg\"><img loading=\"lazy\" decoding=\"async\" class=\"alignnone\" src=\"https:\/\/upload.wikimedia.org\/wikipedia\/commons\/thumb\/2\/25\/Gulas_con_ajo_y_guindilla_02.jpg\/1280px-Gulas_con_ajo_y_guindilla_02.jpg\" alt=\"\" width=\"1280\" height=\"961\" \/><\/a><\/p>\n<p style=\"text-align: center\"><a href=\"https:\/\/upload.wikimedia.org\/wikipedia\/commons\/thumb\/b\/b1\/Angulas-2009.jpg\/1280px-Angulas-2009.jpg\"><img loading=\"lazy\" decoding=\"async\" class=\"alignnone\" src=\"https:\/\/upload.wikimedia.org\/wikipedia\/commons\/thumb\/b\/b1\/Angulas-2009.jpg\/1280px-Angulas-2009.jpg\" alt=\"\" width=\"1280\" height=\"853\" \/><\/a><\/p>\n<p>&nbsp;<\/p>\n","protected":false},"excerpt":{"rendered":"<p>La m\u00e1s cara d&#8217;Espa\u00f1a: l&#8217;angula asturiano supera nun 800% a les gallega y vasca.De 880 a 7.280 euros, la diferencia ente un espaciu y otru. Fonte: Asturias Hoy Angula \/ semeyes \/<\/p>\n","protected":false},"author":117,"featured_media":0,"comment_status":"open","ping_status":"open","sticky":false,"template":"","format":"standard","meta":{"footnotes":""},"categories":[138],"tags":[],"class_list":["post-15290","post","type-post","status-publish","format-standard","hentry","category-alimentos"],"_links":{"self":[{"href":"https:\/\/edublog.educastur.es\/ixuxu\/wp-json\/wp\/v2\/posts\/15290","targetHints":{"allow":["GET"]}}],"collection":[{"href":"https:\/\/edublog.educastur.es\/ixuxu\/wp-json\/wp\/v2\/posts"}],"about":[{"href":"https:\/\/edublog.educastur.es\/ixuxu\/wp-json\/wp\/v2\/types\/post"}],"author":[{"embeddable":true,"href":"https:\/\/edublog.educastur.es\/ixuxu\/wp-json\/wp\/v2\/users\/117"}],"replies":[{"embeddable":true,"href":"https:\/\/edublog.educastur.es\/ixuxu\/wp-json\/wp\/v2\/comments?post=15290"}],"version-history":[{"count":4,"href":"https:\/\/edublog.educastur.es\/ixuxu\/wp-json\/wp\/v2\/posts\/15290\/revisions"}],"predecessor-version":[{"id":15294,"href":"https:\/\/edublog.educastur.es\/ixuxu\/wp-json\/wp\/v2\/posts\/15290\/revisions\/15294"}],"wp:attachment":[{"href":"https:\/\/edublog.educastur.es\/ixuxu\/wp-json\/wp\/v2\/media?parent=15290"}],"wp:term":[{"taxonomy":"category","embeddable":true,"href":"https:\/\/edublog.educastur.es\/ixuxu\/wp-json\/wp\/v2\/categories?post=15290"},{"taxonomy":"post_tag","embeddable":true,"href":"https:\/\/edublog.educastur.es\/ixuxu\/wp-json\/wp\/v2\/tags?post=15290"}],"curies":[{"name":"wp","href":"https:\/\/api.w.org\/{rel}","templated":true}]}}