{"id":15296,"date":"2022-12-10T21:35:35","date_gmt":"2022-12-10T19:35:35","guid":{"rendered":"https:\/\/edublog.educastur.es\/ixuxu\/?p=15296"},"modified":"2022-12-10T21:36:44","modified_gmt":"2022-12-10T19:36:44","slug":"mar-de-ventana-en-riosa","status":"publish","type":"post","link":"https:\/\/edublog.educastur.es\/ixuxu\/2022\/12\/mar-de-ventana-en-riosa\/","title":{"rendered":"\u00abMar de ventana\u00bb en Riosa"},"content":{"rendered":"<p>Na vertical del \u00abPicu Covariega\u00bb y per debaxo de \u00abLos Ventanones\u00bb, na llende de l&#8217;aguada oriental de La Sierra del Aramo colos praos, conoc\u00edu como \u00abLo Fondu\u00bb, ta esta paraxa que cobra vida cada vez que se produz un destemple o fuertes ag\u00fces. Refer\u00edmonos al Mar de Ventana\u00bb (727 m. d&#8217;altit\u00fa aprox.).<\/p>\n<p style=\"text-align: center\"><a href=\"https:\/\/blogger.googleusercontent.com\/img\/b\/R29vZ2xl\/AVvXsEjPDwYOwmMDRfiKxuwKrQza91Cb1s7ylxi3Sdt9Fk-FieuRTxNr6iccLnYq6K0Uj_oK3d4uIldxcLN5_eoX9D31yFdi1aGYG1tnRPS-CSQRRxuJii-hUjqADvc4d5YE2FzCyiz8uwc9M1_WM0pKe9964zRBdvL_3W88JnbJ9COIUUrkA03F5RtPSFGs\/s2304\/P1180102%20(2).jpg\"><img loading=\"lazy\" decoding=\"async\" class=\"alignnone\" src=\"https:\/\/blogger.googleusercontent.com\/img\/b\/R29vZ2xl\/AVvXsEjPDwYOwmMDRfiKxuwKrQza91Cb1s7ylxi3Sdt9Fk-FieuRTxNr6iccLnYq6K0Uj_oK3d4uIldxcLN5_eoX9D31yFdi1aGYG1tnRPS-CSQRRxuJii-hUjqADvc4d5YE2FzCyiz8uwc9M1_WM0pKe9964zRBdvL_3W88JnbJ9COIUUrkA03F5RtPSFGs\/s2304\/P1180102%20(2).jpg\" alt=\"\" width=\"2304\" height=\"1296\" \/><\/a><\/p>\n<p style=\"text-align: center\"><em>Semeya de Jos\u00e9 Luis Cabo Sariego<\/em><\/p>\n<p><!--more--><\/p>\n<p style=\"text-align: center\"><a href=\"https:\/\/blogger.googleusercontent.com\/img\/a\/AVvXsEjO41Z-NTIK3Km6W0Enza_m3yhkEdOwNL8OngEQPOTqXUvHYGHGmJwYq5yMF0dzXa-tWwNiwJHWWtz7aSDK6soayLfllNN68bNQhqsI1BgKtx8yyg0x36De92ZfbMPkQBwm_CRNzk6eDsHugH5lxL9-bqLvS2eilyBHrD54lxJjxoEyHHjN4TXO_OOx\"><img loading=\"lazy\" decoding=\"async\" class=\"alignnone\" src=\"https:\/\/blogger.googleusercontent.com\/img\/a\/AVvXsEjO41Z-NTIK3Km6W0Enza_m3yhkEdOwNL8OngEQPOTqXUvHYGHGmJwYq5yMF0dzXa-tWwNiwJHWWtz7aSDK6soayLfllNN68bNQhqsI1BgKtx8yyg0x36De92ZfbMPkQBwm_CRNzk6eDsHugH5lxL9-bqLvS2eilyBHrD54lxJjxoEyHHjN4TXO_OOx\" alt=\"\" width=\"1600\" height=\"1067\" \/><\/a><\/p>\n<p>Nesta semeya podemos ver claramente la situaci\u00f3n de la paraxa conocida como \u00abMar de Ventana\u00bb, na vertical del \u00abPicu Covariega\u00bb. Equ\u00ed vese ensin agua. Cuando adquier una guapura estraordinaria ye dempu\u00e9s de los destemples, ent\u00f3s <span style=\"color: #008080\"><strong>tresf\u00f3rmase n&#8217;una pequena llaguna de m\u00e1s de cien metros de llongura per cincuenta d&#8217;anchu con una fondura de dos metros y mediu o m\u00e1s na zona central<\/strong><\/span>. Ye fechu produzse una ocasi\u00f3n o dos a\u00f1u, inclusive menos, pol amenorgamientu del n\u00famberu de grandes nevaes na Sierra l\u00b4Aramo.<\/p>\n<p>&nbsp;<\/p>\n<p style=\"text-align: center\"><img loading=\"lazy\" decoding=\"async\" class=\"alignnone size-full\" src=\"https:\/\/blogger.googleusercontent.com\/img\/b\/R29vZ2xl\/AVvXsEhDdGAouAU7KqnEFJ7lM0Ex4W_W3APHR3swrEB_MweCW26Fv6qekDV-iJB1WqD8JtkKyEX_yq1uSDWKh5nZp0kBwMQFBDiqH73hBpfu59Iv50TYtIpE_hOM-PGO0Od4W4obz4tpJq18avb981DQB1M2vvlfZzyqjxSf3VPvtw0QeP6x5p4nNt_-MUUU\/w480-h640\/036%20Ventana%20sin%20agua.jpg\" width=\"480\" height=\"640\" \/><\/p>\n","protected":false},"excerpt":{"rendered":"<p>Na vertical del \u00abPicu Covariega\u00bb y per debaxo de \u00abLos Ventanones\u00bb, na llende de l&#8217;aguada oriental de La Sierra del Aramo colos praos, conoc\u00edu como \u00abLo Fondu\u00bb, ta esta paraxa que cobra vida cada vez que se produz un destemple o fuertes ag\u00fces. Refer\u00edmonos al Mar de Ventana\u00bb (727 m. d&#8217;altit\u00fa aprox.). Semeya de Jos\u00e9 [&hellip;]<\/p>\n","protected":false},"author":117,"featured_media":0,"comment_status":"open","ping_status":"open","sticky":false,"template":"","format":"standard","meta":{"footnotes":""},"categories":[25,4],"tags":[],"class_list":["post-15296","post","type-post","status-publish","format-standard","hentry","category-curiosidaes","category-natura"],"_links":{"self":[{"href":"https:\/\/edublog.educastur.es\/ixuxu\/wp-json\/wp\/v2\/posts\/15296","targetHints":{"allow":["GET"]}}],"collection":[{"href":"https:\/\/edublog.educastur.es\/ixuxu\/wp-json\/wp\/v2\/posts"}],"about":[{"href":"https:\/\/edublog.educastur.es\/ixuxu\/wp-json\/wp\/v2\/types\/post"}],"author":[{"embeddable":true,"href":"https:\/\/edublog.educastur.es\/ixuxu\/wp-json\/wp\/v2\/users\/117"}],"replies":[{"embeddable":true,"href":"https:\/\/edublog.educastur.es\/ixuxu\/wp-json\/wp\/v2\/comments?post=15296"}],"version-history":[{"count":3,"href":"https:\/\/edublog.educastur.es\/ixuxu\/wp-json\/wp\/v2\/posts\/15296\/revisions"}],"predecessor-version":[{"id":15299,"href":"https:\/\/edublog.educastur.es\/ixuxu\/wp-json\/wp\/v2\/posts\/15296\/revisions\/15299"}],"wp:attachment":[{"href":"https:\/\/edublog.educastur.es\/ixuxu\/wp-json\/wp\/v2\/media?parent=15296"}],"wp:term":[{"taxonomy":"category","embeddable":true,"href":"https:\/\/edublog.educastur.es\/ixuxu\/wp-json\/wp\/v2\/categories?post=15296"},{"taxonomy":"post_tag","embeddable":true,"href":"https:\/\/edublog.educastur.es\/ixuxu\/wp-json\/wp\/v2\/tags?post=15296"}],"curies":[{"name":"wp","href":"https:\/\/api.w.org\/{rel}","templated":true}]}}