{"id":15310,"date":"2022-12-03T10:00:59","date_gmt":"2022-12-03T08:00:59","guid":{"rendered":"https:\/\/edublog.educastur.es\/ixuxu\/?p=15310"},"modified":"2022-12-10T21:58:09","modified_gmt":"2022-12-10T19:58:09","slug":"15310","status":"publish","type":"post","link":"https:\/\/edublog.educastur.es\/ixuxu\/2022\/12\/15310\/","title":{"rendered":"El 3 d&#8217;avientu ye&#8217;l D\u00eda Internacional de les Persones con Discapacid\u00e1."},"content":{"rendered":"<div class=\"\" dir=\"auto\">\n<div class=\"\" dir=\"auto\">\n<div class=\"x1iorvi4 x1pi30zi x1l90r2v x1swvt13\" data-ad-comet-preview=\"message\" data-ad-preview=\"message\">\n<div class=\"x78zum5 xdt5ytf xz62fqu x16ldp7u\">\n<div class=\"xu06os2 x1ok221b\">\n<div class=\"x11i5rnm xat24cr x1mh8g0r x1vvkbs xdj266r x126k92a\">\n<blockquote>\n<div dir=\"auto\">\u00abConozme poles mios habilidaes, non poles mios discapacid\u00e1es\u00bb.<\/div>\n<div dir=\"auto\">Robert M. Hensel.<\/div>\n<\/blockquote>\n<div dir=\"auto\">\nEl 3 d&#8217;avientu ye&#8217;l D\u00eda Internacional de les Persones con Discapacid\u00e1. \u00abL&#8217;oxetivu d&#8217;esti d\u00eda ye promover los derechos y el bienestar de les persones con discapacid\u00e1es en tolos \u00e1mbitos de la socied\u00e1 y el desenvolvimientu, seg\u00fan concenciar sobro la so situaci\u00f3n en tolos aspeutos de la vida pol\u00edtica, social, econ\u00f3mica y cultural\u00bb. (ONU)<\/div>\n<\/div>\n<\/div>\n<\/div>\n<div dir=\"auto\" style=\"text-align: center\">\n<!-- iframe plugin v.6.0 wordpress.org\/plugins\/iframe\/ -->\n<iframe loading=\"lazy\" src=\"https:\/\/www.facebook.com\/plugins\/post.php?href=https%3A%2F%2Fwww.facebook.com%2Floqueleosantillanaspain%2Fposts%2Fpfbid026aYSuqfppfKQg8A4Gqe4nUtMAp5k9nzvLkFDSUnBA6sX7orm2tn3ZqVsbiMDEJpRl&#038;show_text=false&#038;width=500\" width=\"500\" height=\"497\" style=\"border:none;overflow:hidden\" scrolling=\"no\" frameborder=\"0\" allowfullscreen=\"true\" allow=\"autoplay; clipboard-write; encrypted-media; picture-in-picture; web-share\" 0=\"\/iframe\" class=\"iframe-class\"><\/iframe>\n<\/div>\n<div class=\"x78zum5 xdt5ytf xz62fqu x16ldp7u\">\n<div class=\"xu06os2 x1ok221b\">\n<div class=\"x11i5rnm xat24cr x1mh8g0r x1vvkbs xdj266r x126k92a\">\n<div dir=\"auto\">\nImaxe del llibru: Ruedes y l&#8217;enigma del Campamentu Mocu Tend\u00edu.<\/div>\n<\/div>\n<div class=\"x11i5rnm xat24cr x1mh8g0r x1vvkbs xtlvy1s x126k92a\">\n<div dir=\"auto\"><\/div>\n<\/div>\n<div class=\"x11i5rnm xat24cr x1mh8g0r x1vvkbs xtlvy1s x126k92a\">\n<div dir=\"auto\"><a class=\"x1i10hfl xjbqb8w x6umtig x1b1mbwd xaqea5y xav7gou x9f619 x1ypdohk xt0psk2 xe8uvvx xdj266r x11i5rnm xat24cr x1mh8g0r xexx8yu x4uap5 x18d9i69 xkhd6sd x16tdsg8 x1hl2dhg xggy1nq x1a2a7pz xt0b8zv x1fey0fg\" role=\"link\" href=\"https:\/\/www.loqueleo.es\/noticias\/actualidad\/personas-con-discapacidad-muy-capacitadas?fbclid=IwAR25RNse5STIJkegn3u5xFo9zKpQeFzq46TDRC6AjqOheLevTJJ9VGJnvDY\" target=\"_blank\" rel=\"nofollow noopener\">https:\/\/www.loqueleo.es\/&#8230;\/personas-con-discapacidad-muy&#8230;<\/a><\/div>\n<\/div>\n<div class=\"x11i5rnm xat24cr x1mh8g0r x1vvkbs xtlvy1s x126k92a\">\n<div dir=\"auto\"><a class=\"x1i10hfl xjbqb8w x6umtig x1b1mbwd xaqea5y xav7gou x9f619 x1ypdohk xt0psk2 xe8uvvx xdj266r x11i5rnm xat24cr x1mh8g0r xexx8yu x4uap5 x18d9i69 xkhd6sd x16tdsg8 x1hl2dhg xggy1nq x1a2a7pz xt0b8zv x1fey0fg\" role=\"link\" href=\"https:\/\/www.loqueleo.es\/libro\/ruedas-y-el-enigma-del-campamento-moco-tendido?fbclid=IwAR0VJOWr9sRSHk90jRnJiM3i_H5vYVgRflPS9rcM1DGvu4mifD6Q4gyuvCg\" target=\"_blank\" rel=\"nofollow noopener\">https:\/\/www.loqueleo.es\/&#8230;\/ruedas-y-el-enigma-del&#8230;<\/a><\/div>\n<\/div>\n<\/div>\n<\/div>\n<\/div>\n<\/div>\n<\/div>\n","protected":false},"excerpt":{"rendered":"<p>\u00abConozme poles mios habilidaes, non poles mios discapacid\u00e1es\u00bb. Robert M. Hensel. El 3 d&#8217;avientu ye&#8217;l D\u00eda Internacional de les Persones con Discapacid\u00e1. \u00abL&#8217;oxetivu d&#8217;esti d\u00eda ye promover los derechos y el bienestar de les persones con discapacid\u00e1es en tolos \u00e1mbitos de la socied\u00e1 y el desenvolvimientu, seg\u00fan concenciar sobro la so situaci\u00f3n en tolos aspeutos [&hellip;]<\/p>\n","protected":false},"author":117,"featured_media":0,"comment_status":"open","ping_status":"open","sticky":false,"template":"","format":"standard","meta":{"footnotes":""},"categories":[6],"tags":[],"class_list":["post-15310","post","type-post","status-publish","format-standard","hentry","category-dia-de"],"_links":{"self":[{"href":"https:\/\/edublog.educastur.es\/ixuxu\/wp-json\/wp\/v2\/posts\/15310","targetHints":{"allow":["GET"]}}],"collection":[{"href":"https:\/\/edublog.educastur.es\/ixuxu\/wp-json\/wp\/v2\/posts"}],"about":[{"href":"https:\/\/edublog.educastur.es\/ixuxu\/wp-json\/wp\/v2\/types\/post"}],"author":[{"embeddable":true,"href":"https:\/\/edublog.educastur.es\/ixuxu\/wp-json\/wp\/v2\/users\/117"}],"replies":[{"embeddable":true,"href":"https:\/\/edublog.educastur.es\/ixuxu\/wp-json\/wp\/v2\/comments?post=15310"}],"version-history":[{"count":3,"href":"https:\/\/edublog.educastur.es\/ixuxu\/wp-json\/wp\/v2\/posts\/15310\/revisions"}],"predecessor-version":[{"id":15312,"href":"https:\/\/edublog.educastur.es\/ixuxu\/wp-json\/wp\/v2\/posts\/15310\/revisions\/15312"}],"wp:attachment":[{"href":"https:\/\/edublog.educastur.es\/ixuxu\/wp-json\/wp\/v2\/media?parent=15310"}],"wp:term":[{"taxonomy":"category","embeddable":true,"href":"https:\/\/edublog.educastur.es\/ixuxu\/wp-json\/wp\/v2\/categories?post=15310"},{"taxonomy":"post_tag","embeddable":true,"href":"https:\/\/edublog.educastur.es\/ixuxu\/wp-json\/wp\/v2\/tags?post=15310"}],"curies":[{"name":"wp","href":"https:\/\/api.w.org\/{rel}","templated":true}]}}