{"id":15331,"date":"2022-12-15T10:07:13","date_gmt":"2022-12-15T08:07:13","guid":{"rendered":"https:\/\/edublog.educastur.es\/ixuxu\/?p=15331"},"modified":"2022-12-16T14:15:59","modified_gmt":"2022-12-16T12:15:59","slug":"languleru-salta-al-cine-na-ultima-pelicula-de-amazon","status":"publish","type":"post","link":"https:\/\/edublog.educastur.es\/ixuxu\/2022\/12\/languleru-salta-al-cine-na-ultima-pelicula-de-amazon\/","title":{"rendered":"L&#8217;Anguleru salta al cine na \u00faltima pel\u00edcula d&#8217;Amazon\u00a0"},"content":{"rendered":"<ul>\n<li><a href=\"https:\/\/verasturies.com\/languleru-salta-al-cine-en-la-ultima-pelicula-de-amazon\/?fbclid=IwAR3nJvr-9PmK2viTbvxjHd0SAMDBG7iUGSBozEblu4wMs4XpHSiqPvfAIJw\">Fonte: VerAsturies.com<\/a><\/li>\n<\/ul>\n<p style=\"text-align: center\"><a href=\"https:\/\/verasturies.com\/wp-content\/uploads\/2022\/12\/IMG_3578.jpeg\"><img loading=\"lazy\" decoding=\"async\" class=\"alignnone\" src=\"https:\/\/verasturies.com\/wp-content\/uploads\/2022\/12\/IMG_3578.jpeg\" alt=\"\" width=\"2237\" height=\"857\" \/><\/a><\/p>\n<p>En \u201cReyes contra Santa\u201d, una de les pel\u00edcules m\u00e1s vistes n&#8217;Amazon estos d\u00edes, apaez una figura y\u00e1 incorporada a la tradici\u00f3n asturiana, L&#8217;Anguleru, el pescador d&#8217;angules que cada Nuechebona trai regalos a los m\u00e1s pequenos d&#8217;Asturies.<\/p>\n<p><!--more--><\/p>\n<p>La pel\u00edcula trata d&#8217;un conflictu ente los Reis Magos y Santa Claus que camuda de rumbu pola apaici\u00f3n d&#8217;un personaxe inesper\u00e1u que lleva dorm\u00edu sieglos. Nun momentu de la pel\u00edcula apaecen dellos amigos de los Reis Magos, ente quien s&#8217;atopa la figura de L\u2019Anguleru, acompa\u00f1ada del Apalpador gallegu, L&#8217;Esteru c\u00e1ntabru y el Ti\u00f3 catal\u00e1n, ente otros.<\/p>\n<p>Esta comedia espa\u00f1ola protagonizada polos grandes personaxes de la Navid\u00e1 ta disponible en streaming dende&#8217;l pas\u00e1u vienres 9 d&#8217;avientu. Pero solo pueden esfrutala los suscriptores d&#8217;Amazon Prime Video. Lider\u00e1ndo la repartida t\u00e1n los tr\u00e9s particulares Reis Magos, interpretaos por Karra Elejalde como Melchor, David Verdaguer nel papel de Gaspar y Mat\u00edas Janick al cargu de Baltasar. Nel llau contrariu, ta la Santa Claus de Andr\u00e9s Almeida y otros grandes personaxes navidiegos gracies a Josean Bengoetxea, que ye&#8217;l Olentzero, o Tom\u00e1s Pozzi como&#8217;l Gnomu Tomte. Completen la repartida Adal Ramones, Eva Ugarte , Isa Montalb\u00e1n , Cosette Silguero y Laura Quir\u00f3s.<\/p>\n","protected":false},"excerpt":{"rendered":"<p>Fonte: VerAsturies.com En \u201cReyes contra Santa\u201d, una de les pel\u00edcules m\u00e1s vistes n&#8217;Amazon estos d\u00edes, apaez una figura y\u00e1 incorporada a la tradici\u00f3n asturiana, L&#8217;Anguleru, el pescador d&#8217;angules que cada Nuechebona trai regalos a los m\u00e1s pequenos d&#8217;Asturies.<\/p>\n","protected":false},"author":117,"featured_media":0,"comment_status":"open","ping_status":"open","sticky":false,"template":"","format":"standard","meta":{"footnotes":""},"categories":[23],"tags":[],"class_list":["post-15331","post","type-post","status-publish","format-standard","hentry","category-pelis"],"_links":{"self":[{"href":"https:\/\/edublog.educastur.es\/ixuxu\/wp-json\/wp\/v2\/posts\/15331","targetHints":{"allow":["GET"]}}],"collection":[{"href":"https:\/\/edublog.educastur.es\/ixuxu\/wp-json\/wp\/v2\/posts"}],"about":[{"href":"https:\/\/edublog.educastur.es\/ixuxu\/wp-json\/wp\/v2\/types\/post"}],"author":[{"embeddable":true,"href":"https:\/\/edublog.educastur.es\/ixuxu\/wp-json\/wp\/v2\/users\/117"}],"replies":[{"embeddable":true,"href":"https:\/\/edublog.educastur.es\/ixuxu\/wp-json\/wp\/v2\/comments?post=15331"}],"version-history":[{"count":3,"href":"https:\/\/edublog.educastur.es\/ixuxu\/wp-json\/wp\/v2\/posts\/15331\/revisions"}],"predecessor-version":[{"id":15336,"href":"https:\/\/edublog.educastur.es\/ixuxu\/wp-json\/wp\/v2\/posts\/15331\/revisions\/15336"}],"wp:attachment":[{"href":"https:\/\/edublog.educastur.es\/ixuxu\/wp-json\/wp\/v2\/media?parent=15331"}],"wp:term":[{"taxonomy":"category","embeddable":true,"href":"https:\/\/edublog.educastur.es\/ixuxu\/wp-json\/wp\/v2\/categories?post=15331"},{"taxonomy":"post_tag","embeddable":true,"href":"https:\/\/edublog.educastur.es\/ixuxu\/wp-json\/wp\/v2\/tags?post=15331"}],"curies":[{"name":"wp","href":"https:\/\/api.w.org\/{rel}","templated":true}]}}