{"id":15348,"date":"2022-12-16T14:40:33","date_gmt":"2022-12-16T12:40:33","guid":{"rendered":"https:\/\/edublog.educastur.es\/ixuxu\/?p=15348"},"modified":"2022-12-16T14:54:27","modified_gmt":"2022-12-16T12:54:27","slug":"del-llince-al-urogallo-cantabricu-espana-nocho-animales","status":"publish","type":"post","link":"https:\/\/edublog.educastur.es\/ixuxu\/2022\/12\/del-llince-al-urogallo-cantabricu-espana-nocho-animales\/","title":{"rendered":"Del llince al urogallo cant\u00e1bricu, Espa\u00f1a n&#8217;ocho animales"},"content":{"rendered":"<ul>\n<li>Fonte: <a href=\"https:\/\/elpais.com\/elviajero\/2022-12-11\/del-lince-al-urogallo-cantabrico-espana-en-ocho-animales.html?ssm=FB_CM&amp;utm_source=Facebook&amp;fbclid=IwAR3XNb7-EqlH1LzgQ10seX_OQy8GyAEZzP4jf-UuOahPrePpcqCtYSWdFtg#Echobox=1670754360\">El Pa\u00eds<\/a> \/ <a href=\"https:\/\/es.wikipedia.org\/wiki\/Tetrao_urogallus\">Urogallo<\/a>: <a href=\"https:\/\/www.google.com\/search?q=urogallo&amp;client=firefox-b-d&amp;sxsrf=ALiCzsa77XjB0OQ_7j5N2SuzG-oa10z_UQ:1671195106684&amp;source=lnms&amp;tbm=isch&amp;sa=X&amp;ved=2ahUKEwiMrbz1lv77AhUkUaQEHQSjDg8Q_AUoAXoECAEQAw&amp;biw=1760&amp;bih=850&amp;dpr=1.09\">semeyes<\/a><\/li>\n<\/ul>\n<p style=\"text-align: center\"><a href=\"https:\/\/imagenes.elpais.com\/resizer\/_l6vVmK-VnVGktZJpoLz8hktKRc=\/1200x0\/cloudfront-eu-central-1.images.arcpublishing.com\/prisa\/BMTGVKZUHJGC5GRAJOUIGPQNSY.jpg\"><img loading=\"lazy\" decoding=\"async\" class=\"alignnone\" src=\"https:\/\/imagenes.elpais.com\/resizer\/_l6vVmK-VnVGktZJpoLz8hktKRc=\/1200x0\/cloudfront-eu-central-1.images.arcpublishing.com\/prisa\/BMTGVKZUHJGC5GRAJOUIGPQNSY.jpg\" alt=\"\" width=\"1200\" height=\"900\" \/><\/a><\/p>\n<p>6. Urogallu<\/p>\n<p>N&#8217;Espa\u00f1a esiste un ave de biolox\u00eda singular: el urogallo cant\u00e1bricu.<\/p>\n<p><!--more--><\/p>\n<p>Toles poblaciones europees d&#8217;urogallo viven en rexones boreales con montes de pinos y abetos, ente que&#8217;l cant\u00e1bricu, mov\u00edu por una glaciaci\u00f3n, recal\u00f3 nestos montes, llogrando sobrevivir ente fayedales y carbayos. A camb\u00e9u, desenvolvi\u00f3 un plumaxe que-y blinda les pates y los furos nasales del fr\u00edu. Tr\u00e1tase, a lo \u00faltimo d&#8217;un ser poderosamente escepcional.<\/p>\n<p>Cuando en 2017 la especie entr\u00f3 na UVI de la fauna selvaxe hubo quien se respig\u00f3 \u00e9nte la posibilid\u00e1 de nun volver escuchar -y cantar. D&#8217;ende que se prohibiera allegar a cantadorios, y que en Castiella y Lli\u00f3n y el suroccidente asturianu activ\u00e1rase un plan de rescate que, ente otres coses, favorez la proliferaci\u00f3n d&#8217;ar\u00e1ndanos (enc\u00e1ntenlu). Los amantes del urogallu prefieren callar \u00f3nde t\u00e1n los cantadorios, pero quien deseye sentir el so aliendu puede asomar per Vil.lablinu (Lli\u00f3n), see del Centru del Urogallo, o&#8217;l centru de cr\u00eda en cautivid\u00e1 de Sobrescobiu (Asturies), am\u00e1s de pasiar pol Aves\u00e9u de Zarr\u00e9u, onde les madrugaes d&#8217;apareamiento esc\u00fachense vuelos, cantares o aleteos.<\/p>\n<p style=\"text-align: center\"><a href=\"https:\/\/estaticos-cdn.prensaiberica.es\/clip\/a25c9240-2599-4760-9cfc-ea1958faadd7_21-9-aspect-ratio_default_0.jpg\"><img loading=\"lazy\" decoding=\"async\" class=\"alignnone\" src=\"https:\/\/estaticos-cdn.prensaiberica.es\/clip\/a25c9240-2599-4760-9cfc-ea1958faadd7_21-9-aspect-ratio_default_0.jpg\" alt=\"\" width=\"1280\" height=\"548\" \/><\/a><\/p>\n<p style=\"text-align: center\"><a href=\"http:\/\/4.bp.blogspot.com\/_Cjy8d9pmSsk\/S_WNSFj8VXI\/AAAAAAAADjg\/yxPPsGOUsu0\/s1600\/urogallo.jpg\"><img loading=\"lazy\" decoding=\"async\" class=\"alignnone\" src=\"http:\/\/4.bp.blogspot.com\/_Cjy8d9pmSsk\/S_WNSFj8VXI\/AAAAAAAADjg\/yxPPsGOUsu0\/s1600\/urogallo.jpg\" alt=\"\" width=\"646\" height=\"809\" \/><\/a><\/p>\n<p style=\"text-align: center\"><img loading=\"lazy\" decoding=\"async\" class=\"alignnone size-full\" src=\"https:\/\/www.diariopalentino.es\/media\/IMG\/2019\/43F748C7-92D8-F3AA-C595E5BCBBCF1500.JPG\" width=\"576\" height=\"340\" \/><\/p>\n","protected":false},"excerpt":{"rendered":"<p>Fonte: El Pa\u00eds \/ Urogallo: semeyes 6. Urogallu N&#8217;Espa\u00f1a esiste un ave de biolox\u00eda singular: el urogallo cant\u00e1bricu.<\/p>\n","protected":false},"author":117,"featured_media":0,"comment_status":"open","ping_status":"open","sticky":false,"template":"","format":"standard","meta":{"footnotes":""},"categories":[4],"tags":[],"class_list":["post-15348","post","type-post","status-publish","format-standard","hentry","category-natura"],"_links":{"self":[{"href":"https:\/\/edublog.educastur.es\/ixuxu\/wp-json\/wp\/v2\/posts\/15348","targetHints":{"allow":["GET"]}}],"collection":[{"href":"https:\/\/edublog.educastur.es\/ixuxu\/wp-json\/wp\/v2\/posts"}],"about":[{"href":"https:\/\/edublog.educastur.es\/ixuxu\/wp-json\/wp\/v2\/types\/post"}],"author":[{"embeddable":true,"href":"https:\/\/edublog.educastur.es\/ixuxu\/wp-json\/wp\/v2\/users\/117"}],"replies":[{"embeddable":true,"href":"https:\/\/edublog.educastur.es\/ixuxu\/wp-json\/wp\/v2\/comments?post=15348"}],"version-history":[{"count":5,"href":"https:\/\/edublog.educastur.es\/ixuxu\/wp-json\/wp\/v2\/posts\/15348\/revisions"}],"predecessor-version":[{"id":15364,"href":"https:\/\/edublog.educastur.es\/ixuxu\/wp-json\/wp\/v2\/posts\/15348\/revisions\/15364"}],"wp:attachment":[{"href":"https:\/\/edublog.educastur.es\/ixuxu\/wp-json\/wp\/v2\/media?parent=15348"}],"wp:term":[{"taxonomy":"category","embeddable":true,"href":"https:\/\/edublog.educastur.es\/ixuxu\/wp-json\/wp\/v2\/categories?post=15348"},{"taxonomy":"post_tag","embeddable":true,"href":"https:\/\/edublog.educastur.es\/ixuxu\/wp-json\/wp\/v2\/tags?post=15348"}],"curies":[{"name":"wp","href":"https:\/\/api.w.org\/{rel}","templated":true}]}}